{"id":11382,"date":"2026-06-06T11:49:49","date_gmt":"2026-06-06T09:49:49","guid":{"rendered":"https:\/\/bekkalokket.no\/?p=11382"},"modified":"2026-06-07T12:17:44","modified_gmt":"2026-06-07T10:17:44","slug":"bekkalokket-sommerfest-2026","status":"publish","type":"post","link":"https:\/\/bekkalokket.no\/index.php\/2026\/06\/06\/bekkalokket-sommerfest-2026\/","title":{"rendered":"Bekkalokket sommerfest 2026"},"content":{"rendered":"\n<p class=\"wp-block-paragraph\">\u00c5rets sommerfest ble holdt 30. mai i klubbhuset til Laksev\u00e5g kajakklubb,<br>Gravdalspollen 20.<br>Det var 35 p\u00e5meldte, inkl. f\u00f8lge, som deltok.<br>Deltaker-\u201dkontingenten\u201d var, som tidligere, kr. 150 pr person.<br>Komiteens medlemmer bestod av<br> &#8211; Jan Standal<br> &#8211; Marit Fagerheim<br> &#8211; Morten Tellefsen<br> &#8211; Roald Synnev\u00e5g og<br> &#8211; P\u00e5l Fagerheim<\/p>\n\n\n\n<p class=\"wp-block-paragraph\">De f\u00f8rste medlemmene ankom kl. 15:00.<br>Kos-komiteen stilte et par timer tidligere for \u00e5 gj\u00f8re i stand bord, stoler, spekemat og ellers det som skal til.<\/p>\n\n\n\n<p class=\"wp-block-paragraph\"><strong>V\u00e6ret<\/strong> var som f\u00f8lger (kilde: YR):<br>Temperatur: Varierte mellom 12 og 13\u00b0C.<br>H\u00f8yeste temperatur: 13\u00b0C.<br>Gjennomsnittstemperatur: 13\u00b0C.<br>Nedb\u00f8r: Ingen rapportert nedb\u00f8r.<\/p>\n\n\n\n<p class=\"wp-block-paragraph\">Tradisjonen tro var det mye sosialt samv\u00e6r<br>Spekemat med komiteens, og deltagernes, tilbeh\u00f8r ble servert.<br>Etterp\u00e5 var det tid for sommerleker, og deltagerne ble inndelt i lag.<br>Sommerlekene bestod av 5 stasjoner:<br> &#8211; Dart<br> &#8211; Ringspill<br> &#8211; Luftgev\u00e6rskyting<br> &#8211; 3 tennisballer og 10 blikkbokser<br> &#8211; Hesteskokasting<br>Den planlagte cup-en i tautrekking ble ikke fullf\u00f8rt. I stedet ble det gjennomf\u00f8rt et Canon-objektiv (24-105 mm)-kasting, uten at objektivet ble mer herpet enn det i utgangspunktet var.<br>Komiteen takker Terje Bergesen for objektivet.<br>(Han kvalifiser seg som KOS-komite-medlem til neste \u00e5r.)<\/p>\n\n\n\n<p class=\"wp-block-paragraph\"><strong>Den tradisjonelle grillingen <\/strong>uteble.<br>I stedet ble de laget en stor gryterett, og som ble godt mottatt<\/p>\n\n\n\n<p class=\"wp-block-paragraph\">Etter hvert ble det visning av medlemmenes bilder og utdeling av heder og \u00e6re.<\/p>\n\n\n\n<figure class=\"wp-block-image size-large\"><img loading=\"lazy\" decoding=\"async\" width=\"1024\" height=\"768\" src=\"https:\/\/bekkalokket.no\/wp-content\/uploads\/2026\/06\/IMG_2516-1024x768.jpeg\" alt=\"\" class=\"wp-image-11385\" srcset=\"https:\/\/bekkalokket.no\/wp-content\/uploads\/2026\/06\/IMG_2516-1024x768.jpeg 1024w, https:\/\/bekkalokket.no\/wp-content\/uploads\/2026\/06\/IMG_2516-300x225.jpeg 300w, https:\/\/bekkalokket.no\/wp-content\/uploads\/2026\/06\/IMG_2516-768x576.jpeg 768w, https:\/\/bekkalokket.no\/wp-content\/uploads\/2026\/06\/IMG_2516.jpeg 1280w\" sizes=\"auto, (max-width: 1024px) 100vw, 1024px\" \/><figcaption class=\"wp-element-caption\">Vinnere i Klubbkonkurransen<\/figcaption><\/figure>\n\n\n\n<figure class=\"wp-block-image size-large\"><img loading=\"lazy\" decoding=\"async\" width=\"1024\" height=\"768\" src=\"https:\/\/bekkalokket.no\/wp-content\/uploads\/2026\/06\/IMG_2517-1024x768.jpeg\" alt=\"\" class=\"wp-image-11384\" srcset=\"https:\/\/bekkalokket.no\/wp-content\/uploads\/2026\/06\/IMG_2517-1024x768.jpeg 1024w, https:\/\/bekkalokket.no\/wp-content\/uploads\/2026\/06\/IMG_2517-300x225.jpeg 300w, https:\/\/bekkalokket.no\/wp-content\/uploads\/2026\/06\/IMG_2517-768x576.jpeg 768w, https:\/\/bekkalokket.no\/wp-content\/uploads\/2026\/06\/IMG_2517.jpeg 1280w\" sizes=\"auto, (max-width: 1024px) 100vw, 1024px\" \/><figcaption class=\"wp-element-caption\">Heder og \u00e6re fra NSFF og NFFF<\/figcaption><\/figure>\n\n\n\n<p class=\"wp-block-paragraph\">Etter deltagerne, blir lokalet til Laksev\u00e5g kajakklubb, et f\u00f8rstevalg for fremtidige sommerfester.<\/p>\n\n\n\n<p class=\"wp-block-paragraph\"><br><br><div class=\"rl-gallery-container rl-loading\" id=\"rl-gallery-container-1\" data-gallery_id=\"11397\"> <h4 class=\"rl-gallery-title\">Sommerfest 2026<\/h4><div class=\"rl-gallery-description\"><\/div> <div class=\"rl-gallery rl-basicgrid-gallery rl-hover-effect-2\" id=\"rl-gallery-1\" data-gallery_no=\"1\"> <div class=\"rl-gallery-item\"><a href=\"https:\/\/bekkalokket.no\/wp-content\/uploads\/2026\/06\/signal-2026-06-06-184146-1024x769.jpeg\" title=\"Uteprat\" data-rl_title=\"Uteprat\" class=\"rl-gallery-link\" data-rl_caption=\"\" data-rel=\"lightbox-gallery-1\"><img loading=\"lazy\" decoding=\"async\" src=\"https:\/\/bekkalokket.no\/wp-content\/uploads\/2026\/06\/signal-2026-06-06-184146-300x225.jpeg\" width=\"300\" height=\"225\" alt=\"(c) - Morten Tellefsen\" \/><span class=\"rl-gallery-caption\"><span class=\"rl-gallery-item-title\">Uteprat<\/span><\/span><\/a><\/div><div class=\"rl-gallery-item\"><a href=\"https:\/\/bekkalokket.no\/wp-content\/uploads\/2026\/06\/signal-2026-06-06-184146_002-1024x769.jpeg\" title=\"Inneprat\" data-rl_title=\"Inneprat\" class=\"rl-gallery-link\" data-rl_caption=\"\" data-rel=\"lightbox-gallery-1\"><img loading=\"lazy\" decoding=\"async\" src=\"https:\/\/bekkalokket.no\/wp-content\/uploads\/2026\/06\/signal-2026-06-06-184146_002-300x225.jpeg\" width=\"300\" height=\"225\" alt=\"(c) - Morten Tellefsen\" \/><span class=\"rl-gallery-caption\"><span class=\"rl-gallery-item-title\">Inneprat<\/span><\/span><\/a><\/div><div class=\"rl-gallery-item\"><a href=\"https:\/\/bekkalokket.no\/wp-content\/uploads\/2026\/06\/signal-2026-06-06-184146_003-1024x769.jpeg\" title=\"Inneprat\" data-rl_title=\"Inneprat\" class=\"rl-gallery-link\" data-rl_caption=\"\" data-rel=\"lightbox-gallery-1\"><img loading=\"lazy\" decoding=\"async\" src=\"https:\/\/bekkalokket.no\/wp-content\/uploads\/2026\/06\/signal-2026-06-06-184146_003-300x225.jpeg\" width=\"300\" height=\"225\" alt=\"(c) - Morten Tellefsen\" \/><span class=\"rl-gallery-caption\"><span class=\"rl-gallery-item-title\">Inneprat<\/span><\/span><\/a><\/div><div class=\"rl-gallery-item\"><a href=\"https:\/\/bekkalokket.no\/wp-content\/uploads\/2026\/06\/signal-2026-06-06-184146_004-769x1024.jpeg\" title=\"Det gj\u00f8res klart til \u00e5 kaste\" data-rl_title=\"Det gj\u00f8res klart til \u00e5 kaste\" class=\"rl-gallery-link\" data-rl_caption=\"\" data-rel=\"lightbox-gallery-1\"><img loading=\"lazy\" decoding=\"async\" src=\"https:\/\/bekkalokket.no\/wp-content\/uploads\/2026\/06\/signal-2026-06-06-184146_004-225x300.jpeg\" width=\"225\" height=\"300\" alt=\"(c) - Morten Tellefsen\" \/><span class=\"rl-gallery-caption\"><span class=\"rl-gallery-item-title\">Det gj\u00f8res klart til \u00e5 kaste<\/span><\/span><\/a><\/div><div class=\"rl-gallery-item\"><a href=\"https:\/\/bekkalokket.no\/wp-content\/uploads\/2026\/06\/signal-2026-06-06-184146_005-1024x769.jpeg\" title=\"Objektivet til Terje f\u00e5r seg en luftetur. Full blender eller blast?\" data-rl_title=\"Objektivet til Terje f\u00e5r seg en luftetur. Full blender eller blast?\" class=\"rl-gallery-link\" data-rl_caption=\"\" data-rel=\"lightbox-gallery-1\"><img loading=\"lazy\" decoding=\"async\" src=\"https:\/\/bekkalokket.no\/wp-content\/uploads\/2026\/06\/signal-2026-06-06-184146_005-300x225.jpeg\" width=\"300\" height=\"225\" alt=\"(c) - Morten Tellefsen\" \/><span class=\"rl-gallery-caption\"><span class=\"rl-gallery-item-title\">Objektivet til Terje f\u00e5r seg en luftetur. Full blender eller blast?<\/span><\/span><\/a><\/div><div class=\"rl-gallery-item\"><a href=\"https:\/\/bekkalokket.no\/wp-content\/uploads\/2026\/06\/signal-2026-06-06-184146_006-1024x769.jpeg\" title=\"N\u00e5 er vi p\u00e5 f32 og 105mm\" data-rl_title=\"N\u00e5 er vi p\u00e5 f32 og 105mm\" class=\"rl-gallery-link\" data-rl_caption=\"\" data-rel=\"lightbox-gallery-1\"><img loading=\"lazy\" decoding=\"async\" src=\"https:\/\/bekkalokket.no\/wp-content\/uploads\/2026\/06\/signal-2026-06-06-184146_006-300x225.jpeg\" width=\"300\" height=\"225\" alt=\"(c) - Morten Tellefsen\" \/><span class=\"rl-gallery-caption\"><span class=\"rl-gallery-item-title\">N\u00e5 er vi p\u00e5 f32 og 105mm<\/span><\/span><\/a><\/div><div class=\"rl-gallery-item\"><a href=\"https:\/\/bekkalokket.no\/wp-content\/uploads\/2026\/06\/image-1024x769.jpeg\" title=\"Mona har avlevert sitt objektive kast\" data-rl_title=\"Mona har avlevert sitt objektive kast\" class=\"rl-gallery-link\" data-rl_caption=\"\" data-rel=\"lightbox-gallery-1\"><img loading=\"lazy\" decoding=\"async\" src=\"https:\/\/bekkalokket.no\/wp-content\/uploads\/2026\/06\/image-300x225.jpeg\" width=\"300\" height=\"225\" alt=\"(c) - Morten Tellefsen\" \/><span class=\"rl-gallery-caption\"><span class=\"rl-gallery-item-title\">Mona har avlevert sitt objektive kast<\/span><\/span><\/a><\/div><div class=\"rl-gallery-item\"><a href=\"https:\/\/bekkalokket.no\/wp-content\/uploads\/2026\/06\/Picture1.jpg\" title=\"Det stekes kj\u00f8ttdeig til deilig gryterett\" data-rl_title=\"Det stekes kj\u00f8ttdeig til deilig gryterett\" class=\"rl-gallery-link\" data-rl_caption=\"\" data-rel=\"lightbox-gallery-1\"><img loading=\"lazy\" decoding=\"async\" src=\"https:\/\/bekkalokket.no\/wp-content\/uploads\/2026\/06\/Picture1-300x225.jpg\" width=\"300\" height=\"225\" alt=\"\" \/><span class=\"rl-gallery-caption\"><span class=\"rl-gallery-item-title\">Det stekes kj\u00f8ttdeig til deilig gryterett<\/span><\/span><\/a><\/div> <\/div> <\/div><\/p>\n","protected":false},"excerpt":{"rendered":"<p>\u00c5rets sommerfest ble holdt 30. mai i klubbhuset til Laksev\u00e5g kajakklubb,Gravdalspollen 20.Det var 35 p\u00e5meldte, inkl. f\u00f8lge, som deltok.Deltaker-\u201dkontingenten\u201d var, som tidligere, kr. 150 pr person.Komiteens medlemmer bestod av &#8211; Jan Standal &#8211; Marit&#46;&#46;&#46;<\/p>\n","protected":false},"author":2,"featured_media":11385,"comment_status":"closed","ping_status":"open","sticky":false,"template":"","format":"standard","meta":{"footnotes":""},"categories":[178,15],"tags":[180,179,181],"class_list":["post-11382","post","type-post","status-publish","format-standard","has-post-thumbnail","hentry","category-sommerfest","category-sosialt","tag-180","tag-sommerfest","tag-sosialt"],"_links":{"self":[{"href":"https:\/\/bekkalokket.no\/index.php\/wp-json\/wp\/v2\/posts\/11382","targetHints":{"allow":["GET"]}}],"collection":[{"href":"https:\/\/bekkalokket.no\/index.php\/wp-json\/wp\/v2\/posts"}],"about":[{"href":"https:\/\/bekkalokket.no\/index.php\/wp-json\/wp\/v2\/types\/post"}],"author":[{"embeddable":true,"href":"https:\/\/bekkalokket.no\/index.php\/wp-json\/wp\/v2\/users\/2"}],"replies":[{"embeddable":true,"href":"https:\/\/bekkalokket.no\/index.php\/wp-json\/wp\/v2\/comments?post=11382"}],"version-history":[{"count":3,"href":"https:\/\/bekkalokket.no\/index.php\/wp-json\/wp\/v2\/posts\/11382\/revisions"}],"predecessor-version":[{"id":11399,"href":"https:\/\/bekkalokket.no\/index.php\/wp-json\/wp\/v2\/posts\/11382\/revisions\/11399"}],"wp:featuredmedia":[{"embeddable":true,"href":"https:\/\/bekkalokket.no\/index.php\/wp-json\/wp\/v2\/media\/11385"}],"wp:attachment":[{"href":"https:\/\/bekkalokket.no\/index.php\/wp-json\/wp\/v2\/media?parent=11382"}],"wp:term":[{"taxonomy":"category","embeddable":true,"href":"https:\/\/bekkalokket.no\/index.php\/wp-json\/wp\/v2\/categories?post=11382"},{"taxonomy":"post_tag","embeddable":true,"href":"https:\/\/bekkalokket.no\/index.php\/wp-json\/wp\/v2\/tags?post=11382"}],"curies":[{"name":"wp","href":"https:\/\/api.w.org\/{rel}","templated":true}]}}