{"id":2137,"date":"2018-08-26T20:34:11","date_gmt":"2018-08-26T18:34:11","guid":{"rendered":"http:\/\/bekkalokket.com\/?p=2137"},"modified":"2019-02-11T08:50:38","modified_gmt":"2019-02-11T06:50:38","slug":"arne-bergo-far-sin-esfiap","status":"publish","type":"post","link":"https:\/\/bekkalokket.no\/index.php\/2018\/08\/26\/arne-bergo-far-sin-esfiap\/","title":{"rendered":"Arne Bergo f\u00e5r sin EsFIAP"},"content":{"rendered":"<p>I forbindelse med FIAP sitt arrangement i S\u00f8r-Afrika august 2018, s\u00e5 mottok Arne Bergo hederstegnet EsFIAP for sine jobb som Fiap Liason for NSFF i en \u00e5rrekke.<\/p>\n<p><img decoding=\"async\" class=\"alignnone size-full wp-image-2138\" src=\"http:\/\/bekkalokket.com\/wp-content\/uploads\/2018\/08\/Arne-og-Riccardo-EsFIAP-Foto-Lam-Kin-Cheung.jpg\" alt=\"\" \/><\/p>\n","protected":false},"excerpt":{"rendered":"<p>I forbindelse med FIAP sitt arrangement i S\u00f8r-Afrika august 2018, s\u00e5 mottok Arne Bergo hederstegnet EsFIAP for sine jobb som Fiap Liason for NSFF i en \u00e5rrekke.<\/p>\n","protected":false},"author":2,"featured_media":2140,"comment_status":"closed","ping_status":"open","sticky":false,"template":"","format":"standard","meta":{"footnotes":""},"categories":[8],"tags":[],"class_list":["post-2137","post","type-post","status-publish","format-standard","has-post-thumbnail","hentry","category-bekkalokket-fotoklubb"],"yoast_head":"<!-- This site is optimized with the Yoast SEO plugin v27.5 - https:\/\/yoast.com\/product\/yoast-seo-wordpress\/ -->\n<title>Arne Bergo f\u00e5r sin EsFIAP - Bekkalokket Fotoklubb<\/title>\n<meta name=\"robots\" content=\"index, follow, max-snippet:-1, max-image-preview:large, max-video-preview:-1\" \/>\n<link rel=\"canonical\" href=\"https:\/\/bekkalokket.no\/index.php\/2018\/08\/26\/arne-bergo-far-sin-esfiap\/\" \/>\n<meta property=\"og:locale\" content=\"nb_NO\" \/>\n<meta property=\"og:type\" content=\"article\" \/>\n<meta property=\"og:title\" content=\"Arne Bergo f\u00e5r sin EsFIAP - Bekkalokket Fotoklubb\" \/>\n<meta property=\"og:description\" content=\"I forbindelse med FIAP sitt arrangement i S\u00f8r-Afrika august 2018, s\u00e5 mottok Arne Bergo hederstegnet EsFIAP for sine jobb som Fiap Liason for NSFF i en \u00e5rrekke.\" \/>\n<meta property=\"og:url\" content=\"https:\/\/bekkalokket.no\/index.php\/2018\/08\/26\/arne-bergo-far-sin-esfiap\/\" \/>\n<meta property=\"og:site_name\" content=\"Bekkalokket Fotoklubb\" \/>\n<meta property=\"article:published_time\" content=\"2018-08-26T18:34:11+00:00\" \/>\n<meta property=\"article:modified_time\" content=\"2019-02-11T06:50:38+00:00\" \/>\n<meta property=\"og:image\" content=\"https:\/\/bekkalokket.no\/wp-content\/uploads\/2018\/08\/Arne-og-Riccardo-EsFIAP-Foto-Lam-Kin-Cheung-1024x683.jpg\" \/>\n\t<meta property=\"og:image:width\" content=\"1024\" \/>\n\t<meta property=\"og:image:height\" content=\"683\" \/>\n\t<meta property=\"og:image:type\" content=\"image\/jpeg\" \/>\n<meta name=\"author\" content=\"Tom Jarane\" \/>\n<meta name=\"twitter:card\" content=\"summary_large_image\" \/>\n<meta name=\"twitter:label1\" content=\"Skrevet av\" \/>\n\t<meta name=\"twitter:data1\" content=\"Tom Jarane\" \/>\n<script type=\"application\/ld+json\" class=\"yoast-schema-graph\">{\"@context\":\"https:\\\/\\\/schema.org\",\"@graph\":[{\"@type\":\"Article\",\"@id\":\"https:\\\/\\\/bekkalokket.no\\\/index.php\\\/2018\\\/08\\\/26\\\/arne-bergo-far-sin-esfiap\\\/#article\",\"isPartOf\":{\"@id\":\"https:\\\/\\\/bekkalokket.no\\\/index.php\\\/2018\\\/08\\\/26\\\/arne-bergo-far-sin-esfiap\\\/\"},\"author\":{\"name\":\"Tom Jarane\",\"@id\":\"https:\\\/\\\/bekkalokket.no\\\/#\\\/schema\\\/person\\\/48efacfa49e9a4f1397d0abb393ff182\"},\"headline\":\"Arne Bergo f\u00e5r sin EsFIAP\",\"datePublished\":\"2018-08-26T18:34:11+00:00\",\"dateModified\":\"2019-02-11T06:50:38+00:00\",\"mainEntityOfPage\":{\"@id\":\"https:\\\/\\\/bekkalokket.no\\\/index.php\\\/2018\\\/08\\\/26\\\/arne-bergo-far-sin-esfiap\\\/\"},\"wordCount\":33,\"image\":{\"@id\":\"https:\\\/\\\/bekkalokket.no\\\/index.php\\\/2018\\\/08\\\/26\\\/arne-bergo-far-sin-esfiap\\\/#primaryimage\"},\"thumbnailUrl\":\"https:\\\/\\\/bekkalokket.no\\\/wp-content\\\/uploads\\\/2018\\\/08\\\/Arne-og-Riccardo-EsFIAP-Foto-Lam-Kin-Cheung.jpg\",\"articleSection\":[\"Bekkalokket Fotoklubb\"],\"inLanguage\":\"nb-NO\"},{\"@type\":\"WebPage\",\"@id\":\"https:\\\/\\\/bekkalokket.no\\\/index.php\\\/2018\\\/08\\\/26\\\/arne-bergo-far-sin-esfiap\\\/\",\"url\":\"https:\\\/\\\/bekkalokket.no\\\/index.php\\\/2018\\\/08\\\/26\\\/arne-bergo-far-sin-esfiap\\\/\",\"name\":\"Arne Bergo f\u00e5r sin EsFIAP - Bekkalokket Fotoklubb\",\"isPartOf\":{\"@id\":\"https:\\\/\\\/bekkalokket.no\\\/#website\"},\"primaryImageOfPage\":{\"@id\":\"https:\\\/\\\/bekkalokket.no\\\/index.php\\\/2018\\\/08\\\/26\\\/arne-bergo-far-sin-esfiap\\\/#primaryimage\"},\"image\":{\"@id\":\"https:\\\/\\\/bekkalokket.no\\\/index.php\\\/2018\\\/08\\\/26\\\/arne-bergo-far-sin-esfiap\\\/#primaryimage\"},\"thumbnailUrl\":\"https:\\\/\\\/bekkalokket.no\\\/wp-content\\\/uploads\\\/2018\\\/08\\\/Arne-og-Riccardo-EsFIAP-Foto-Lam-Kin-Cheung.jpg\",\"datePublished\":\"2018-08-26T18:34:11+00:00\",\"dateModified\":\"2019-02-11T06:50:38+00:00\",\"author\":{\"@id\":\"https:\\\/\\\/bekkalokket.no\\\/#\\\/schema\\\/person\\\/48efacfa49e9a4f1397d0abb393ff182\"},\"breadcrumb\":{\"@id\":\"https:\\\/\\\/bekkalokket.no\\\/index.php\\\/2018\\\/08\\\/26\\\/arne-bergo-far-sin-esfiap\\\/#breadcrumb\"},\"inLanguage\":\"nb-NO\",\"potentialAction\":[{\"@type\":\"ReadAction\",\"target\":[\"https:\\\/\\\/bekkalokket.no\\\/index.php\\\/2018\\\/08\\\/26\\\/arne-bergo-far-sin-esfiap\\\/\"]}]},{\"@type\":\"ImageObject\",\"inLanguage\":\"nb-NO\",\"@id\":\"https:\\\/\\\/bekkalokket.no\\\/index.php\\\/2018\\\/08\\\/26\\\/arne-bergo-far-sin-esfiap\\\/#primaryimage\",\"url\":\"https:\\\/\\\/bekkalokket.no\\\/wp-content\\\/uploads\\\/2018\\\/08\\\/Arne-og-Riccardo-EsFIAP-Foto-Lam-Kin-Cheung.jpg\",\"contentUrl\":\"https:\\\/\\\/bekkalokket.no\\\/wp-content\\\/uploads\\\/2018\\\/08\\\/Arne-og-Riccardo-EsFIAP-Foto-Lam-Kin-Cheung.jpg\",\"width\":3680,\"height\":2456},{\"@type\":\"BreadcrumbList\",\"@id\":\"https:\\\/\\\/bekkalokket.no\\\/index.php\\\/2018\\\/08\\\/26\\\/arne-bergo-far-sin-esfiap\\\/#breadcrumb\",\"itemListElement\":[{\"@type\":\"ListItem\",\"position\":1,\"name\":\"Home\",\"item\":\"https:\\\/\\\/bekkalokket.no\\\/\"},{\"@type\":\"ListItem\",\"position\":2,\"name\":\"Arne Bergo f\u00e5r sin EsFIAP\"}]},{\"@type\":\"WebSite\",\"@id\":\"https:\\\/\\\/bekkalokket.no\\\/#website\",\"url\":\"https:\\\/\\\/bekkalokket.no\\\/\",\"name\":\"Bekkalokket Fotoklubb\",\"description\":\"En sosial og aktiv fotoklubb i Bergen\",\"potentialAction\":[{\"@type\":\"SearchAction\",\"target\":{\"@type\":\"EntryPoint\",\"urlTemplate\":\"https:\\\/\\\/bekkalokket.no\\\/?s={search_term_string}\"},\"query-input\":{\"@type\":\"PropertyValueSpecification\",\"valueRequired\":true,\"valueName\":\"search_term_string\"}}],\"inLanguage\":\"nb-NO\"},{\"@type\":\"Person\",\"@id\":\"https:\\\/\\\/bekkalokket.no\\\/#\\\/schema\\\/person\\\/48efacfa49e9a4f1397d0abb393ff182\",\"name\":\"Tom Jarane\",\"image\":{\"@type\":\"ImageObject\",\"inLanguage\":\"nb-NO\",\"@id\":\"https:\\\/\\\/secure.gravatar.com\\\/avatar\\\/70b617863496bac047364a0046e35fc6a83b43f97349acb01ef9bd5ec5bc78ba?s=96&d=mm&r=g\",\"url\":\"https:\\\/\\\/secure.gravatar.com\\\/avatar\\\/70b617863496bac047364a0046e35fc6a83b43f97349acb01ef9bd5ec5bc78ba?s=96&d=mm&r=g\",\"contentUrl\":\"https:\\\/\\\/secure.gravatar.com\\\/avatar\\\/70b617863496bac047364a0046e35fc6a83b43f97349acb01ef9bd5ec5bc78ba?s=96&d=mm&r=g\",\"caption\":\"Tom Jarane\"},\"sameAs\":[\"http:\\\/\\\/jarane.net\"],\"url\":\"https:\\\/\\\/bekkalokket.no\\\/index.php\\\/author\\\/tom-jarane\\\/\"}]}<\/script>\n<!-- \/ Yoast SEO plugin. -->","yoast_head_json":{"title":"Arne Bergo f\u00e5r sin EsFIAP - Bekkalokket Fotoklubb","robots":{"index":"index","follow":"follow","max-snippet":"max-snippet:-1","max-image-preview":"max-image-preview:large","max-video-preview":"max-video-preview:-1"},"canonical":"https:\/\/bekkalokket.no\/index.php\/2018\/08\/26\/arne-bergo-far-sin-esfiap\/","og_locale":"nb_NO","og_type":"article","og_title":"Arne Bergo f\u00e5r sin EsFIAP - Bekkalokket Fotoklubb","og_description":"I forbindelse med FIAP sitt arrangement i S\u00f8r-Afrika august 2018, s\u00e5 mottok Arne Bergo hederstegnet EsFIAP for sine jobb som Fiap Liason for NSFF i en \u00e5rrekke.","og_url":"https:\/\/bekkalokket.no\/index.php\/2018\/08\/26\/arne-bergo-far-sin-esfiap\/","og_site_name":"Bekkalokket Fotoklubb","article_published_time":"2018-08-26T18:34:11+00:00","article_modified_time":"2019-02-11T06:50:38+00:00","og_image":[{"width":1024,"height":683,"url":"https:\/\/bekkalokket.no\/wp-content\/uploads\/2018\/08\/Arne-og-Riccardo-EsFIAP-Foto-Lam-Kin-Cheung-1024x683.jpg","type":"image\/jpeg"}],"author":"Tom Jarane","twitter_card":"summary_large_image","twitter_misc":{"Skrevet av":"Tom Jarane"},"schema":{"@context":"https:\/\/schema.org","@graph":[{"@type":"Article","@id":"https:\/\/bekkalokket.no\/index.php\/2018\/08\/26\/arne-bergo-far-sin-esfiap\/#article","isPartOf":{"@id":"https:\/\/bekkalokket.no\/index.php\/2018\/08\/26\/arne-bergo-far-sin-esfiap\/"},"author":{"name":"Tom Jarane","@id":"https:\/\/bekkalokket.no\/#\/schema\/person\/48efacfa49e9a4f1397d0abb393ff182"},"headline":"Arne Bergo f\u00e5r sin EsFIAP","datePublished":"2018-08-26T18:34:11+00:00","dateModified":"2019-02-11T06:50:38+00:00","mainEntityOfPage":{"@id":"https:\/\/bekkalokket.no\/index.php\/2018\/08\/26\/arne-bergo-far-sin-esfiap\/"},"wordCount":33,"image":{"@id":"https:\/\/bekkalokket.no\/index.php\/2018\/08\/26\/arne-bergo-far-sin-esfiap\/#primaryimage"},"thumbnailUrl":"https:\/\/bekkalokket.no\/wp-content\/uploads\/2018\/08\/Arne-og-Riccardo-EsFIAP-Foto-Lam-Kin-Cheung.jpg","articleSection":["Bekkalokket Fotoklubb"],"inLanguage":"nb-NO"},{"@type":"WebPage","@id":"https:\/\/bekkalokket.no\/index.php\/2018\/08\/26\/arne-bergo-far-sin-esfiap\/","url":"https:\/\/bekkalokket.no\/index.php\/2018\/08\/26\/arne-bergo-far-sin-esfiap\/","name":"Arne Bergo f\u00e5r sin EsFIAP - Bekkalokket Fotoklubb","isPartOf":{"@id":"https:\/\/bekkalokket.no\/#website"},"primaryImageOfPage":{"@id":"https:\/\/bekkalokket.no\/index.php\/2018\/08\/26\/arne-bergo-far-sin-esfiap\/#primaryimage"},"image":{"@id":"https:\/\/bekkalokket.no\/index.php\/2018\/08\/26\/arne-bergo-far-sin-esfiap\/#primaryimage"},"thumbnailUrl":"https:\/\/bekkalokket.no\/wp-content\/uploads\/2018\/08\/Arne-og-Riccardo-EsFIAP-Foto-Lam-Kin-Cheung.jpg","datePublished":"2018-08-26T18:34:11+00:00","dateModified":"2019-02-11T06:50:38+00:00","author":{"@id":"https:\/\/bekkalokket.no\/#\/schema\/person\/48efacfa49e9a4f1397d0abb393ff182"},"breadcrumb":{"@id":"https:\/\/bekkalokket.no\/index.php\/2018\/08\/26\/arne-bergo-far-sin-esfiap\/#breadcrumb"},"inLanguage":"nb-NO","potentialAction":[{"@type":"ReadAction","target":["https:\/\/bekkalokket.no\/index.php\/2018\/08\/26\/arne-bergo-far-sin-esfiap\/"]}]},{"@type":"ImageObject","inLanguage":"nb-NO","@id":"https:\/\/bekkalokket.no\/index.php\/2018\/08\/26\/arne-bergo-far-sin-esfiap\/#primaryimage","url":"https:\/\/bekkalokket.no\/wp-content\/uploads\/2018\/08\/Arne-og-Riccardo-EsFIAP-Foto-Lam-Kin-Cheung.jpg","contentUrl":"https:\/\/bekkalokket.no\/wp-content\/uploads\/2018\/08\/Arne-og-Riccardo-EsFIAP-Foto-Lam-Kin-Cheung.jpg","width":3680,"height":2456},{"@type":"BreadcrumbList","@id":"https:\/\/bekkalokket.no\/index.php\/2018\/08\/26\/arne-bergo-far-sin-esfiap\/#breadcrumb","itemListElement":[{"@type":"ListItem","position":1,"name":"Home","item":"https:\/\/bekkalokket.no\/"},{"@type":"ListItem","position":2,"name":"Arne Bergo f\u00e5r sin EsFIAP"}]},{"@type":"WebSite","@id":"https:\/\/bekkalokket.no\/#website","url":"https:\/\/bekkalokket.no\/","name":"Bekkalokket Fotoklubb","description":"En sosial og aktiv fotoklubb i Bergen","potentialAction":[{"@type":"SearchAction","target":{"@type":"EntryPoint","urlTemplate":"https:\/\/bekkalokket.no\/?s={search_term_string}"},"query-input":{"@type":"PropertyValueSpecification","valueRequired":true,"valueName":"search_term_string"}}],"inLanguage":"nb-NO"},{"@type":"Person","@id":"https:\/\/bekkalokket.no\/#\/schema\/person\/48efacfa49e9a4f1397d0abb393ff182","name":"Tom Jarane","image":{"@type":"ImageObject","inLanguage":"nb-NO","@id":"https:\/\/secure.gravatar.com\/avatar\/70b617863496bac047364a0046e35fc6a83b43f97349acb01ef9bd5ec5bc78ba?s=96&d=mm&r=g","url":"https:\/\/secure.gravatar.com\/avatar\/70b617863496bac047364a0046e35fc6a83b43f97349acb01ef9bd5ec5bc78ba?s=96&d=mm&r=g","contentUrl":"https:\/\/secure.gravatar.com\/avatar\/70b617863496bac047364a0046e35fc6a83b43f97349acb01ef9bd5ec5bc78ba?s=96&d=mm&r=g","caption":"Tom Jarane"},"sameAs":["http:\/\/jarane.net"],"url":"https:\/\/bekkalokket.no\/index.php\/author\/tom-jarane\/"}]}},"_links":{"self":[{"href":"https:\/\/bekkalokket.no\/index.php\/wp-json\/wp\/v2\/posts\/2137","targetHints":{"allow":["GET"]}}],"collection":[{"href":"https:\/\/bekkalokket.no\/index.php\/wp-json\/wp\/v2\/posts"}],"about":[{"href":"https:\/\/bekkalokket.no\/index.php\/wp-json\/wp\/v2\/types\/post"}],"author":[{"embeddable":true,"href":"https:\/\/bekkalokket.no\/index.php\/wp-json\/wp\/v2\/users\/2"}],"replies":[{"embeddable":true,"href":"https:\/\/bekkalokket.no\/index.php\/wp-json\/wp\/v2\/comments?post=2137"}],"version-history":[{"count":1,"href":"https:\/\/bekkalokket.no\/index.php\/wp-json\/wp\/v2\/posts\/2137\/revisions"}],"predecessor-version":[{"id":2145,"href":"https:\/\/bekkalokket.no\/index.php\/wp-json\/wp\/v2\/posts\/2137\/revisions\/2145"}],"wp:featuredmedia":[{"embeddable":true,"href":"https:\/\/bekkalokket.no\/index.php\/wp-json\/wp\/v2\/media\/2140"}],"wp:attachment":[{"href":"https:\/\/bekkalokket.no\/index.php\/wp-json\/wp\/v2\/media?parent=2137"}],"wp:term":[{"taxonomy":"category","embeddable":true,"href":"https:\/\/bekkalokket.no\/index.php\/wp-json\/wp\/v2\/categories?post=2137"},{"taxonomy":"post_tag","embeddable":true,"href":"https:\/\/bekkalokket.no\/index.php\/wp-json\/wp\/v2\/tags?post=2137"}],"curies":[{"name":"wp","href":"https:\/\/api.w.org\/{rel}","templated":true}]}}