{"id":2207,"date":"2018-08-27T08:34:50","date_gmt":"2018-08-27T06:34:50","guid":{"rendered":"https:\/\/bekkalokket.no\/?p=2207"},"modified":"2022-12-04T21:15:15","modified_gmt":"2022-12-04T19:15:15","slug":"klubbmote-06-september","status":"publish","type":"post","link":"https:\/\/bekkalokket.no\/index.php\/2018\/08\/27\/klubbmote-06-september\/","title":{"rendered":"Klubbm\u00f8te 6. september"},"content":{"rendered":"<div>Vi h\u00e5per p\u00e5 bra v\u00e6r. Vi tar en utekveld der vi h\u00e5per \u00e5 f\u00e5 noen gode bilder av bymilj\u00f8 i bl\u00e5timen.<\/div>\n<div><\/div>\n<div>Etter at vi er g\u00e5tt leie, s\u00e5 m\u00f8tes vi p\u00e5 Logehagen for en kopp kaffe eller lignende.<\/div>\n<div><\/div>\n<div>Ta med fotoutstyr og godt hum\u00f8r.<\/div>\n<div><\/div>\n<div>Vi h\u00e5per \u00e5 kunne lage en utstilling i vinduet hos Japan Photo med disse bildene.<\/div>\n","protected":false},"excerpt":{"rendered":"<p>Vi h\u00e5per p\u00e5 bra v\u00e6r. Vi tar en utekveld der vi h\u00e5per \u00e5 f\u00e5 noen gode bilder av bymilj\u00f8 i bl\u00e5timen. Etter at vi er g\u00e5tt leie, s\u00e5 m\u00f8tes vi p\u00e5 Logehagen for en&#46;&#46;&#46;<\/p>\n","protected":false},"author":2,"featured_media":0,"comment_status":"closed","ping_status":"open","sticky":false,"template":"","format":"standard","meta":{"footnotes":""},"categories":[4],"tags":[],"class_list":["post-2207","post","type-post","status-publish","format-standard","hentry","category-klubbmote"],"yoast_head":"<!-- This site is optimized with the Yoast SEO plugin v27.5 - https:\/\/yoast.com\/product\/yoast-seo-wordpress\/ -->\n<title>Klubbm\u00f8te 6. september - Bekkalokket Fotoklubb<\/title>\n<meta name=\"robots\" content=\"index, follow, max-snippet:-1, max-image-preview:large, max-video-preview:-1\" \/>\n<link rel=\"canonical\" href=\"https:\/\/bekkalokket.no\/index.php\/2018\/08\/27\/klubbmote-06-september\/\" \/>\n<meta property=\"og:locale\" content=\"nb_NO\" \/>\n<meta property=\"og:type\" content=\"article\" \/>\n<meta property=\"og:title\" content=\"Klubbm\u00f8te 6. september - Bekkalokket Fotoklubb\" \/>\n<meta property=\"og:description\" content=\"Vi h\u00e5per p\u00e5 bra v\u00e6r. Vi tar en utekveld der vi h\u00e5per \u00e5 f\u00e5 noen gode bilder av bymilj\u00f8 i bl\u00e5timen. Etter at vi er g\u00e5tt leie, s\u00e5 m\u00f8tes vi p\u00e5 Logehagen for en&#046;&#046;&#046;\" \/>\n<meta property=\"og:url\" content=\"https:\/\/bekkalokket.no\/index.php\/2018\/08\/27\/klubbmote-06-september\/\" \/>\n<meta property=\"og:site_name\" content=\"Bekkalokket Fotoklubb\" \/>\n<meta property=\"article:published_time\" content=\"2018-08-27T06:34:50+00:00\" \/>\n<meta property=\"article:modified_time\" content=\"2022-12-04T19:15:15+00:00\" \/>\n<meta name=\"author\" content=\"Tom Jarane\" \/>\n<meta name=\"twitter:card\" content=\"summary_large_image\" \/>\n<meta name=\"twitter:label1\" content=\"Skrevet av\" \/>\n\t<meta name=\"twitter:data1\" content=\"Tom Jarane\" \/>\n<script type=\"application\/ld+json\" class=\"yoast-schema-graph\">{\"@context\":\"https:\\\/\\\/schema.org\",\"@graph\":[{\"@type\":\"Article\",\"@id\":\"https:\\\/\\\/bekkalokket.no\\\/index.php\\\/2018\\\/08\\\/27\\\/klubbmote-06-september\\\/#article\",\"isPartOf\":{\"@id\":\"https:\\\/\\\/bekkalokket.no\\\/index.php\\\/2018\\\/08\\\/27\\\/klubbmote-06-september\\\/\"},\"author\":{\"name\":\"Tom Jarane\",\"@id\":\"https:\\\/\\\/bekkalokket.no\\\/#\\\/schema\\\/person\\\/48efacfa49e9a4f1397d0abb393ff182\"},\"headline\":\"Klubbm\u00f8te 6. september\",\"datePublished\":\"2018-08-27T06:34:50+00:00\",\"dateModified\":\"2022-12-04T19:15:15+00:00\",\"mainEntityOfPage\":{\"@id\":\"https:\\\/\\\/bekkalokket.no\\\/index.php\\\/2018\\\/08\\\/27\\\/klubbmote-06-september\\\/\"},\"wordCount\":68,\"articleSection\":[\"Klubbm\u00f8te\"],\"inLanguage\":\"nb-NO\"},{\"@type\":\"WebPage\",\"@id\":\"https:\\\/\\\/bekkalokket.no\\\/index.php\\\/2018\\\/08\\\/27\\\/klubbmote-06-september\\\/\",\"url\":\"https:\\\/\\\/bekkalokket.no\\\/index.php\\\/2018\\\/08\\\/27\\\/klubbmote-06-september\\\/\",\"name\":\"Klubbm\u00f8te 6. september - Bekkalokket Fotoklubb\",\"isPartOf\":{\"@id\":\"https:\\\/\\\/bekkalokket.no\\\/#website\"},\"datePublished\":\"2018-08-27T06:34:50+00:00\",\"dateModified\":\"2022-12-04T19:15:15+00:00\",\"author\":{\"@id\":\"https:\\\/\\\/bekkalokket.no\\\/#\\\/schema\\\/person\\\/48efacfa49e9a4f1397d0abb393ff182\"},\"breadcrumb\":{\"@id\":\"https:\\\/\\\/bekkalokket.no\\\/index.php\\\/2018\\\/08\\\/27\\\/klubbmote-06-september\\\/#breadcrumb\"},\"inLanguage\":\"nb-NO\",\"potentialAction\":[{\"@type\":\"ReadAction\",\"target\":[\"https:\\\/\\\/bekkalokket.no\\\/index.php\\\/2018\\\/08\\\/27\\\/klubbmote-06-september\\\/\"]}]},{\"@type\":\"BreadcrumbList\",\"@id\":\"https:\\\/\\\/bekkalokket.no\\\/index.php\\\/2018\\\/08\\\/27\\\/klubbmote-06-september\\\/#breadcrumb\",\"itemListElement\":[{\"@type\":\"ListItem\",\"position\":1,\"name\":\"Home\",\"item\":\"https:\\\/\\\/bekkalokket.no\\\/\"},{\"@type\":\"ListItem\",\"position\":2,\"name\":\"Klubbm\u00f8te 6. september\"}]},{\"@type\":\"WebSite\",\"@id\":\"https:\\\/\\\/bekkalokket.no\\\/#website\",\"url\":\"https:\\\/\\\/bekkalokket.no\\\/\",\"name\":\"Bekkalokket Fotoklubb\",\"description\":\"En sosial og aktiv fotoklubb i Bergen\",\"potentialAction\":[{\"@type\":\"SearchAction\",\"target\":{\"@type\":\"EntryPoint\",\"urlTemplate\":\"https:\\\/\\\/bekkalokket.no\\\/?s={search_term_string}\"},\"query-input\":{\"@type\":\"PropertyValueSpecification\",\"valueRequired\":true,\"valueName\":\"search_term_string\"}}],\"inLanguage\":\"nb-NO\"},{\"@type\":\"Person\",\"@id\":\"https:\\\/\\\/bekkalokket.no\\\/#\\\/schema\\\/person\\\/48efacfa49e9a4f1397d0abb393ff182\",\"name\":\"Tom Jarane\",\"image\":{\"@type\":\"ImageObject\",\"inLanguage\":\"nb-NO\",\"@id\":\"https:\\\/\\\/secure.gravatar.com\\\/avatar\\\/70b617863496bac047364a0046e35fc6a83b43f97349acb01ef9bd5ec5bc78ba?s=96&d=mm&r=g\",\"url\":\"https:\\\/\\\/secure.gravatar.com\\\/avatar\\\/70b617863496bac047364a0046e35fc6a83b43f97349acb01ef9bd5ec5bc78ba?s=96&d=mm&r=g\",\"contentUrl\":\"https:\\\/\\\/secure.gravatar.com\\\/avatar\\\/70b617863496bac047364a0046e35fc6a83b43f97349acb01ef9bd5ec5bc78ba?s=96&d=mm&r=g\",\"caption\":\"Tom Jarane\"},\"sameAs\":[\"http:\\\/\\\/jarane.net\"],\"url\":\"https:\\\/\\\/bekkalokket.no\\\/index.php\\\/author\\\/tom-jarane\\\/\"}]}<\/script>\n<!-- \/ Yoast SEO plugin. -->","yoast_head_json":{"title":"Klubbm\u00f8te 6. september - Bekkalokket Fotoklubb","robots":{"index":"index","follow":"follow","max-snippet":"max-snippet:-1","max-image-preview":"max-image-preview:large","max-video-preview":"max-video-preview:-1"},"canonical":"https:\/\/bekkalokket.no\/index.php\/2018\/08\/27\/klubbmote-06-september\/","og_locale":"nb_NO","og_type":"article","og_title":"Klubbm\u00f8te 6. september - Bekkalokket Fotoklubb","og_description":"Vi h\u00e5per p\u00e5 bra v\u00e6r. Vi tar en utekveld der vi h\u00e5per \u00e5 f\u00e5 noen gode bilder av bymilj\u00f8 i bl\u00e5timen. Etter at vi er g\u00e5tt leie, s\u00e5 m\u00f8tes vi p\u00e5 Logehagen for en&#46;&#46;&#46;","og_url":"https:\/\/bekkalokket.no\/index.php\/2018\/08\/27\/klubbmote-06-september\/","og_site_name":"Bekkalokket Fotoklubb","article_published_time":"2018-08-27T06:34:50+00:00","article_modified_time":"2022-12-04T19:15:15+00:00","author":"Tom Jarane","twitter_card":"summary_large_image","twitter_misc":{"Skrevet av":"Tom Jarane"},"schema":{"@context":"https:\/\/schema.org","@graph":[{"@type":"Article","@id":"https:\/\/bekkalokket.no\/index.php\/2018\/08\/27\/klubbmote-06-september\/#article","isPartOf":{"@id":"https:\/\/bekkalokket.no\/index.php\/2018\/08\/27\/klubbmote-06-september\/"},"author":{"name":"Tom Jarane","@id":"https:\/\/bekkalokket.no\/#\/schema\/person\/48efacfa49e9a4f1397d0abb393ff182"},"headline":"Klubbm\u00f8te 6. september","datePublished":"2018-08-27T06:34:50+00:00","dateModified":"2022-12-04T19:15:15+00:00","mainEntityOfPage":{"@id":"https:\/\/bekkalokket.no\/index.php\/2018\/08\/27\/klubbmote-06-september\/"},"wordCount":68,"articleSection":["Klubbm\u00f8te"],"inLanguage":"nb-NO"},{"@type":"WebPage","@id":"https:\/\/bekkalokket.no\/index.php\/2018\/08\/27\/klubbmote-06-september\/","url":"https:\/\/bekkalokket.no\/index.php\/2018\/08\/27\/klubbmote-06-september\/","name":"Klubbm\u00f8te 6. september - Bekkalokket Fotoklubb","isPartOf":{"@id":"https:\/\/bekkalokket.no\/#website"},"datePublished":"2018-08-27T06:34:50+00:00","dateModified":"2022-12-04T19:15:15+00:00","author":{"@id":"https:\/\/bekkalokket.no\/#\/schema\/person\/48efacfa49e9a4f1397d0abb393ff182"},"breadcrumb":{"@id":"https:\/\/bekkalokket.no\/index.php\/2018\/08\/27\/klubbmote-06-september\/#breadcrumb"},"inLanguage":"nb-NO","potentialAction":[{"@type":"ReadAction","target":["https:\/\/bekkalokket.no\/index.php\/2018\/08\/27\/klubbmote-06-september\/"]}]},{"@type":"BreadcrumbList","@id":"https:\/\/bekkalokket.no\/index.php\/2018\/08\/27\/klubbmote-06-september\/#breadcrumb","itemListElement":[{"@type":"ListItem","position":1,"name":"Home","item":"https:\/\/bekkalokket.no\/"},{"@type":"ListItem","position":2,"name":"Klubbm\u00f8te 6. september"}]},{"@type":"WebSite","@id":"https:\/\/bekkalokket.no\/#website","url":"https:\/\/bekkalokket.no\/","name":"Bekkalokket Fotoklubb","description":"En sosial og aktiv fotoklubb i Bergen","potentialAction":[{"@type":"SearchAction","target":{"@type":"EntryPoint","urlTemplate":"https:\/\/bekkalokket.no\/?s={search_term_string}"},"query-input":{"@type":"PropertyValueSpecification","valueRequired":true,"valueName":"search_term_string"}}],"inLanguage":"nb-NO"},{"@type":"Person","@id":"https:\/\/bekkalokket.no\/#\/schema\/person\/48efacfa49e9a4f1397d0abb393ff182","name":"Tom Jarane","image":{"@type":"ImageObject","inLanguage":"nb-NO","@id":"https:\/\/secure.gravatar.com\/avatar\/70b617863496bac047364a0046e35fc6a83b43f97349acb01ef9bd5ec5bc78ba?s=96&d=mm&r=g","url":"https:\/\/secure.gravatar.com\/avatar\/70b617863496bac047364a0046e35fc6a83b43f97349acb01ef9bd5ec5bc78ba?s=96&d=mm&r=g","contentUrl":"https:\/\/secure.gravatar.com\/avatar\/70b617863496bac047364a0046e35fc6a83b43f97349acb01ef9bd5ec5bc78ba?s=96&d=mm&r=g","caption":"Tom Jarane"},"sameAs":["http:\/\/jarane.net"],"url":"https:\/\/bekkalokket.no\/index.php\/author\/tom-jarane\/"}]}},"_links":{"self":[{"href":"https:\/\/bekkalokket.no\/index.php\/wp-json\/wp\/v2\/posts\/2207","targetHints":{"allow":["GET"]}}],"collection":[{"href":"https:\/\/bekkalokket.no\/index.php\/wp-json\/wp\/v2\/posts"}],"about":[{"href":"https:\/\/bekkalokket.no\/index.php\/wp-json\/wp\/v2\/types\/post"}],"author":[{"embeddable":true,"href":"https:\/\/bekkalokket.no\/index.php\/wp-json\/wp\/v2\/users\/2"}],"replies":[{"embeddable":true,"href":"https:\/\/bekkalokket.no\/index.php\/wp-json\/wp\/v2\/comments?post=2207"}],"version-history":[{"count":4,"href":"https:\/\/bekkalokket.no\/index.php\/wp-json\/wp\/v2\/posts\/2207\/revisions"}],"predecessor-version":[{"id":2245,"href":"https:\/\/bekkalokket.no\/index.php\/wp-json\/wp\/v2\/posts\/2207\/revisions\/2245"}],"wp:attachment":[{"href":"https:\/\/bekkalokket.no\/index.php\/wp-json\/wp\/v2\/media?parent=2207"}],"wp:term":[{"taxonomy":"category","embeddable":true,"href":"https:\/\/bekkalokket.no\/index.php\/wp-json\/wp\/v2\/categories?post=2207"},{"taxonomy":"post_tag","embeddable":true,"href":"https:\/\/bekkalokket.no\/index.php\/wp-json\/wp\/v2\/tags?post=2207"}],"curies":[{"name":"wp","href":"https:\/\/api.w.org\/{rel}","templated":true}]}}