{"id":2708,"date":"2019-09-02T12:01:29","date_gmt":"2019-09-02T10:01:29","guid":{"rendered":"https:\/\/bekkalokket.no\/?p=2708"},"modified":"2019-12-09T22:33:55","modified_gmt":"2019-12-09T20:33:55","slug":"besok-fra-frankrike","status":"publish","type":"post","link":"https:\/\/bekkalokket.no\/index.php\/2019\/09\/02\/besok-fra-frankrike\/","title":{"rendered":"Bes\u00f8k fra Frankrike"},"content":{"rendered":"<p>Bekkalokket fikk bes\u00f8k fra v\u00e5r vennskapsklubb i Frankrike, Bergerac Photoclub. V\u00e5r mange\u00e5rige kontaktperson og norgesvenn Lusiane Buirlys er stil going strong, men denne gangen kom hun med fly og leiebil.<\/p>\n<p>&nbsp;<\/p>\n<p>&#8220;The bobil&#8221; ville ikke t\u00e5lt den syvende norgesturen. Det ble et kort opphold i Bergen denne gangen, og vi trommet sammen noen av de som var med p\u00e5 frankriketuren i 2003. Et hyggelig gjensyn med Lusiane, som gjerne er vertinne om vi tar en ny tur til Bergerac.<\/p>\n<div id=\"attachment_2715\" style=\"width: 1034px\" class=\"wp-caption aligncenter\"><img loading=\"lazy\" decoding=\"async\" aria-describedby=\"caption-attachment-2715\" class=\"size-large wp-image-2715\" src=\"https:\/\/bekkalokket.no\/wp-content\/uploads\/2019\/09\/IMG_20190818_144417-1024x484.jpg\" alt=\"\" width=\"1024\" height=\"484\" srcset=\"https:\/\/bekkalokket.no\/wp-content\/uploads\/2019\/09\/IMG_20190818_144417-1024x484.jpg 1024w, https:\/\/bekkalokket.no\/wp-content\/uploads\/2019\/09\/IMG_20190818_144417-300x142.jpg 300w, https:\/\/bekkalokket.no\/wp-content\/uploads\/2019\/09\/IMG_20190818_144417-768x363.jpg 768w, https:\/\/bekkalokket.no\/wp-content\/uploads\/2019\/09\/IMG_20190818_144417-520x245.jpg 520w, https:\/\/bekkalokket.no\/wp-content\/uploads\/2019\/09\/IMG_20190818_144417-720x340.jpg 720w\" sizes=\"auto, (max-width: 1024px) 100vw, 1024px\" \/><p id=\"caption-attachment-2715\" class=\"wp-caption-text\">Lysianne med familie bes\u00f8ker Bergen. Bra gjeng fra klubben m\u00f8tte opp for \u00e5 hilse p\u00e5.<\/p><\/div>\n<div id=\"attachment_2709\" style=\"width: 730px\" class=\"wp-caption aligncenter\"><img loading=\"lazy\" decoding=\"async\" aria-describedby=\"caption-attachment-2709\" class=\"wp-image-2709 size-full\" src=\"https:\/\/bekkalokket.no\/wp-content\/uploads\/2019\/09\/Bes\u00f8k_fra_Frankrike_2019.jpg\" alt=\"\" width=\"720\" height=\"405\" srcset=\"https:\/\/bekkalokket.no\/wp-content\/uploads\/2019\/09\/Bes\u00f8k_fra_Frankrike_2019.jpg 720w, https:\/\/bekkalokket.no\/wp-content\/uploads\/2019\/09\/Bes\u00f8k_fra_Frankrike_2019-300x169.jpg 300w\" sizes=\"auto, (max-width: 720px) 100vw, 720px\" \/><p id=\"caption-attachment-2709\" class=\"wp-caption-text\">Selfie fra t\u00e5rnet p\u00e5 Havnekontoret hotell<\/p><\/div>\n","protected":false},"excerpt":{"rendered":"<p>Bekkalokket fikk bes\u00f8k fra v\u00e5r vennskapsklubb i Frankrike, Bergerac Photoclub. V\u00e5r mange\u00e5rige kontaktperson og norgesvenn Lusiane Buirlys er stil going strong, men denne gangen kom hun med fly og leiebil. &nbsp; &#8220;The bobil&#8221; ville&#46;&#46;&#46;<\/p>\n","protected":false},"author":2,"featured_media":2715,"comment_status":"closed","ping_status":"open","sticky":false,"template":"","format":"standard","meta":{"footnotes":""},"categories":[15],"tags":[],"class_list":["post-2708","post","type-post","status-publish","format-standard","has-post-thumbnail","hentry","category-sosialt"],"yoast_head":"<!-- This site is optimized with the Yoast SEO plugin v27.5 - https:\/\/yoast.com\/product\/yoast-seo-wordpress\/ -->\n<title>Bes\u00f8k fra Frankrike - Bekkalokket Fotoklubb<\/title>\n<meta name=\"robots\" content=\"index, follow, max-snippet:-1, max-image-preview:large, max-video-preview:-1\" \/>\n<link rel=\"canonical\" href=\"https:\/\/bekkalokket.no\/index.php\/2019\/09\/02\/besok-fra-frankrike\/\" \/>\n<meta property=\"og:locale\" content=\"nb_NO\" \/>\n<meta property=\"og:type\" content=\"article\" \/>\n<meta property=\"og:title\" content=\"Bes\u00f8k fra Frankrike - Bekkalokket Fotoklubb\" \/>\n<meta property=\"og:description\" content=\"Bekkalokket fikk bes\u00f8k fra v\u00e5r vennskapsklubb i Frankrike, Bergerac Photoclub. V\u00e5r mange\u00e5rige kontaktperson og norgesvenn Lusiane Buirlys er stil going strong, men denne gangen kom hun med fly og leiebil. &nbsp; &#8220;The bobil&#8221; ville&#046;&#046;&#046;\" \/>\n<meta property=\"og:url\" content=\"https:\/\/bekkalokket.no\/index.php\/2019\/09\/02\/besok-fra-frankrike\/\" \/>\n<meta property=\"og:site_name\" content=\"Bekkalokket Fotoklubb\" \/>\n<meta property=\"article:published_time\" content=\"2019-09-02T10:01:29+00:00\" \/>\n<meta property=\"article:modified_time\" content=\"2019-12-09T20:33:55+00:00\" \/>\n<meta property=\"og:image\" content=\"https:\/\/bekkalokket.no\/wp-content\/uploads\/2019\/09\/IMG_20190818_144417-1024x484.jpg\" \/>\n\t<meta property=\"og:image:width\" content=\"1024\" \/>\n\t<meta property=\"og:image:height\" content=\"484\" \/>\n\t<meta property=\"og:image:type\" content=\"image\/jpeg\" \/>\n<meta name=\"author\" content=\"Tom Jarane\" \/>\n<meta name=\"twitter:card\" content=\"summary_large_image\" \/>\n<meta name=\"twitter:label1\" content=\"Skrevet av\" \/>\n\t<meta name=\"twitter:data1\" content=\"Tom Jarane\" \/>\n\t<meta name=\"twitter:label2\" content=\"Ansl. lesetid\" \/>\n\t<meta name=\"twitter:data2\" content=\"1 minutt\" \/>\n<script type=\"application\/ld+json\" class=\"yoast-schema-graph\">{\"@context\":\"https:\\\/\\\/schema.org\",\"@graph\":[{\"@type\":\"Article\",\"@id\":\"https:\\\/\\\/bekkalokket.no\\\/index.php\\\/2019\\\/09\\\/02\\\/besok-fra-frankrike\\\/#article\",\"isPartOf\":{\"@id\":\"https:\\\/\\\/bekkalokket.no\\\/index.php\\\/2019\\\/09\\\/02\\\/besok-fra-frankrike\\\/\"},\"author\":{\"name\":\"Tom Jarane\",\"@id\":\"https:\\\/\\\/bekkalokket.no\\\/#\\\/schema\\\/person\\\/48efacfa49e9a4f1397d0abb393ff182\"},\"headline\":\"Bes\u00f8k fra Frankrike\",\"datePublished\":\"2019-09-02T10:01:29+00:00\",\"dateModified\":\"2019-12-09T20:33:55+00:00\",\"mainEntityOfPage\":{\"@id\":\"https:\\\/\\\/bekkalokket.no\\\/index.php\\\/2019\\\/09\\\/02\\\/besok-fra-frankrike\\\/\"},\"wordCount\":124,\"image\":{\"@id\":\"https:\\\/\\\/bekkalokket.no\\\/index.php\\\/2019\\\/09\\\/02\\\/besok-fra-frankrike\\\/#primaryimage\"},\"thumbnailUrl\":\"https:\\\/\\\/bekkalokket.no\\\/wp-content\\\/uploads\\\/2019\\\/09\\\/IMG_20190818_144417.jpg\",\"articleSection\":[\"Sosialt\"],\"inLanguage\":\"nb-NO\"},{\"@type\":\"WebPage\",\"@id\":\"https:\\\/\\\/bekkalokket.no\\\/index.php\\\/2019\\\/09\\\/02\\\/besok-fra-frankrike\\\/\",\"url\":\"https:\\\/\\\/bekkalokket.no\\\/index.php\\\/2019\\\/09\\\/02\\\/besok-fra-frankrike\\\/\",\"name\":\"Bes\u00f8k fra Frankrike - Bekkalokket Fotoklubb\",\"isPartOf\":{\"@id\":\"https:\\\/\\\/bekkalokket.no\\\/#website\"},\"primaryImageOfPage\":{\"@id\":\"https:\\\/\\\/bekkalokket.no\\\/index.php\\\/2019\\\/09\\\/02\\\/besok-fra-frankrike\\\/#primaryimage\"},\"image\":{\"@id\":\"https:\\\/\\\/bekkalokket.no\\\/index.php\\\/2019\\\/09\\\/02\\\/besok-fra-frankrike\\\/#primaryimage\"},\"thumbnailUrl\":\"https:\\\/\\\/bekkalokket.no\\\/wp-content\\\/uploads\\\/2019\\\/09\\\/IMG_20190818_144417.jpg\",\"datePublished\":\"2019-09-02T10:01:29+00:00\",\"dateModified\":\"2019-12-09T20:33:55+00:00\",\"author\":{\"@id\":\"https:\\\/\\\/bekkalokket.no\\\/#\\\/schema\\\/person\\\/48efacfa49e9a4f1397d0abb393ff182\"},\"breadcrumb\":{\"@id\":\"https:\\\/\\\/bekkalokket.no\\\/index.php\\\/2019\\\/09\\\/02\\\/besok-fra-frankrike\\\/#breadcrumb\"},\"inLanguage\":\"nb-NO\",\"potentialAction\":[{\"@type\":\"ReadAction\",\"target\":[\"https:\\\/\\\/bekkalokket.no\\\/index.php\\\/2019\\\/09\\\/02\\\/besok-fra-frankrike\\\/\"]}]},{\"@type\":\"ImageObject\",\"inLanguage\":\"nb-NO\",\"@id\":\"https:\\\/\\\/bekkalokket.no\\\/index.php\\\/2019\\\/09\\\/02\\\/besok-fra-frankrike\\\/#primaryimage\",\"url\":\"https:\\\/\\\/bekkalokket.no\\\/wp-content\\\/uploads\\\/2019\\\/09\\\/IMG_20190818_144417.jpg\",\"contentUrl\":\"https:\\\/\\\/bekkalokket.no\\\/wp-content\\\/uploads\\\/2019\\\/09\\\/IMG_20190818_144417.jpg\",\"width\":4608,\"height\":2176,\"caption\":\"Lysianne med familie bes\u00f8ker Bergen. Bra gjeng fra klubben m\u00f8tte opp for \u00e5 hilse p\u00e5.\"},{\"@type\":\"BreadcrumbList\",\"@id\":\"https:\\\/\\\/bekkalokket.no\\\/index.php\\\/2019\\\/09\\\/02\\\/besok-fra-frankrike\\\/#breadcrumb\",\"itemListElement\":[{\"@type\":\"ListItem\",\"position\":1,\"name\":\"Home\",\"item\":\"https:\\\/\\\/bekkalokket.no\\\/\"},{\"@type\":\"ListItem\",\"position\":2,\"name\":\"Bes\u00f8k fra Frankrike\"}]},{\"@type\":\"WebSite\",\"@id\":\"https:\\\/\\\/bekkalokket.no\\\/#website\",\"url\":\"https:\\\/\\\/bekkalokket.no\\\/\",\"name\":\"Bekkalokket Fotoklubb\",\"description\":\"En sosial og aktiv fotoklubb i Bergen\",\"potentialAction\":[{\"@type\":\"SearchAction\",\"target\":{\"@type\":\"EntryPoint\",\"urlTemplate\":\"https:\\\/\\\/bekkalokket.no\\\/?s={search_term_string}\"},\"query-input\":{\"@type\":\"PropertyValueSpecification\",\"valueRequired\":true,\"valueName\":\"search_term_string\"}}],\"inLanguage\":\"nb-NO\"},{\"@type\":\"Person\",\"@id\":\"https:\\\/\\\/bekkalokket.no\\\/#\\\/schema\\\/person\\\/48efacfa49e9a4f1397d0abb393ff182\",\"name\":\"Tom Jarane\",\"image\":{\"@type\":\"ImageObject\",\"inLanguage\":\"nb-NO\",\"@id\":\"https:\\\/\\\/secure.gravatar.com\\\/avatar\\\/70b617863496bac047364a0046e35fc6a83b43f97349acb01ef9bd5ec5bc78ba?s=96&d=mm&r=g\",\"url\":\"https:\\\/\\\/secure.gravatar.com\\\/avatar\\\/70b617863496bac047364a0046e35fc6a83b43f97349acb01ef9bd5ec5bc78ba?s=96&d=mm&r=g\",\"contentUrl\":\"https:\\\/\\\/secure.gravatar.com\\\/avatar\\\/70b617863496bac047364a0046e35fc6a83b43f97349acb01ef9bd5ec5bc78ba?s=96&d=mm&r=g\",\"caption\":\"Tom Jarane\"},\"sameAs\":[\"http:\\\/\\\/jarane.net\"],\"url\":\"https:\\\/\\\/bekkalokket.no\\\/index.php\\\/author\\\/tom-jarane\\\/\"}]}<\/script>\n<!-- \/ Yoast SEO plugin. -->","yoast_head_json":{"title":"Bes\u00f8k fra Frankrike - Bekkalokket Fotoklubb","robots":{"index":"index","follow":"follow","max-snippet":"max-snippet:-1","max-image-preview":"max-image-preview:large","max-video-preview":"max-video-preview:-1"},"canonical":"https:\/\/bekkalokket.no\/index.php\/2019\/09\/02\/besok-fra-frankrike\/","og_locale":"nb_NO","og_type":"article","og_title":"Bes\u00f8k fra Frankrike - Bekkalokket Fotoklubb","og_description":"Bekkalokket fikk bes\u00f8k fra v\u00e5r vennskapsklubb i Frankrike, Bergerac Photoclub. V\u00e5r mange\u00e5rige kontaktperson og norgesvenn Lusiane Buirlys er stil going strong, men denne gangen kom hun med fly og leiebil. &nbsp; &#8220;The bobil&#8221; ville&#46;&#46;&#46;","og_url":"https:\/\/bekkalokket.no\/index.php\/2019\/09\/02\/besok-fra-frankrike\/","og_site_name":"Bekkalokket Fotoklubb","article_published_time":"2019-09-02T10:01:29+00:00","article_modified_time":"2019-12-09T20:33:55+00:00","og_image":[{"width":1024,"height":484,"url":"https:\/\/bekkalokket.no\/wp-content\/uploads\/2019\/09\/IMG_20190818_144417-1024x484.jpg","type":"image\/jpeg"}],"author":"Tom Jarane","twitter_card":"summary_large_image","twitter_misc":{"Skrevet av":"Tom Jarane","Ansl. lesetid":"1 minutt"},"schema":{"@context":"https:\/\/schema.org","@graph":[{"@type":"Article","@id":"https:\/\/bekkalokket.no\/index.php\/2019\/09\/02\/besok-fra-frankrike\/#article","isPartOf":{"@id":"https:\/\/bekkalokket.no\/index.php\/2019\/09\/02\/besok-fra-frankrike\/"},"author":{"name":"Tom Jarane","@id":"https:\/\/bekkalokket.no\/#\/schema\/person\/48efacfa49e9a4f1397d0abb393ff182"},"headline":"Bes\u00f8k fra Frankrike","datePublished":"2019-09-02T10:01:29+00:00","dateModified":"2019-12-09T20:33:55+00:00","mainEntityOfPage":{"@id":"https:\/\/bekkalokket.no\/index.php\/2019\/09\/02\/besok-fra-frankrike\/"},"wordCount":124,"image":{"@id":"https:\/\/bekkalokket.no\/index.php\/2019\/09\/02\/besok-fra-frankrike\/#primaryimage"},"thumbnailUrl":"https:\/\/bekkalokket.no\/wp-content\/uploads\/2019\/09\/IMG_20190818_144417.jpg","articleSection":["Sosialt"],"inLanguage":"nb-NO"},{"@type":"WebPage","@id":"https:\/\/bekkalokket.no\/index.php\/2019\/09\/02\/besok-fra-frankrike\/","url":"https:\/\/bekkalokket.no\/index.php\/2019\/09\/02\/besok-fra-frankrike\/","name":"Bes\u00f8k fra Frankrike - Bekkalokket Fotoklubb","isPartOf":{"@id":"https:\/\/bekkalokket.no\/#website"},"primaryImageOfPage":{"@id":"https:\/\/bekkalokket.no\/index.php\/2019\/09\/02\/besok-fra-frankrike\/#primaryimage"},"image":{"@id":"https:\/\/bekkalokket.no\/index.php\/2019\/09\/02\/besok-fra-frankrike\/#primaryimage"},"thumbnailUrl":"https:\/\/bekkalokket.no\/wp-content\/uploads\/2019\/09\/IMG_20190818_144417.jpg","datePublished":"2019-09-02T10:01:29+00:00","dateModified":"2019-12-09T20:33:55+00:00","author":{"@id":"https:\/\/bekkalokket.no\/#\/schema\/person\/48efacfa49e9a4f1397d0abb393ff182"},"breadcrumb":{"@id":"https:\/\/bekkalokket.no\/index.php\/2019\/09\/02\/besok-fra-frankrike\/#breadcrumb"},"inLanguage":"nb-NO","potentialAction":[{"@type":"ReadAction","target":["https:\/\/bekkalokket.no\/index.php\/2019\/09\/02\/besok-fra-frankrike\/"]}]},{"@type":"ImageObject","inLanguage":"nb-NO","@id":"https:\/\/bekkalokket.no\/index.php\/2019\/09\/02\/besok-fra-frankrike\/#primaryimage","url":"https:\/\/bekkalokket.no\/wp-content\/uploads\/2019\/09\/IMG_20190818_144417.jpg","contentUrl":"https:\/\/bekkalokket.no\/wp-content\/uploads\/2019\/09\/IMG_20190818_144417.jpg","width":4608,"height":2176,"caption":"Lysianne med familie bes\u00f8ker Bergen. Bra gjeng fra klubben m\u00f8tte opp for \u00e5 hilse p\u00e5."},{"@type":"BreadcrumbList","@id":"https:\/\/bekkalokket.no\/index.php\/2019\/09\/02\/besok-fra-frankrike\/#breadcrumb","itemListElement":[{"@type":"ListItem","position":1,"name":"Home","item":"https:\/\/bekkalokket.no\/"},{"@type":"ListItem","position":2,"name":"Bes\u00f8k fra Frankrike"}]},{"@type":"WebSite","@id":"https:\/\/bekkalokket.no\/#website","url":"https:\/\/bekkalokket.no\/","name":"Bekkalokket Fotoklubb","description":"En sosial og aktiv fotoklubb i Bergen","potentialAction":[{"@type":"SearchAction","target":{"@type":"EntryPoint","urlTemplate":"https:\/\/bekkalokket.no\/?s={search_term_string}"},"query-input":{"@type":"PropertyValueSpecification","valueRequired":true,"valueName":"search_term_string"}}],"inLanguage":"nb-NO"},{"@type":"Person","@id":"https:\/\/bekkalokket.no\/#\/schema\/person\/48efacfa49e9a4f1397d0abb393ff182","name":"Tom Jarane","image":{"@type":"ImageObject","inLanguage":"nb-NO","@id":"https:\/\/secure.gravatar.com\/avatar\/70b617863496bac047364a0046e35fc6a83b43f97349acb01ef9bd5ec5bc78ba?s=96&d=mm&r=g","url":"https:\/\/secure.gravatar.com\/avatar\/70b617863496bac047364a0046e35fc6a83b43f97349acb01ef9bd5ec5bc78ba?s=96&d=mm&r=g","contentUrl":"https:\/\/secure.gravatar.com\/avatar\/70b617863496bac047364a0046e35fc6a83b43f97349acb01ef9bd5ec5bc78ba?s=96&d=mm&r=g","caption":"Tom Jarane"},"sameAs":["http:\/\/jarane.net"],"url":"https:\/\/bekkalokket.no\/index.php\/author\/tom-jarane\/"}]}},"_links":{"self":[{"href":"https:\/\/bekkalokket.no\/index.php\/wp-json\/wp\/v2\/posts\/2708","targetHints":{"allow":["GET"]}}],"collection":[{"href":"https:\/\/bekkalokket.no\/index.php\/wp-json\/wp\/v2\/posts"}],"about":[{"href":"https:\/\/bekkalokket.no\/index.php\/wp-json\/wp\/v2\/types\/post"}],"author":[{"embeddable":true,"href":"https:\/\/bekkalokket.no\/index.php\/wp-json\/wp\/v2\/users\/2"}],"replies":[{"embeddable":true,"href":"https:\/\/bekkalokket.no\/index.php\/wp-json\/wp\/v2\/comments?post=2708"}],"version-history":[{"count":3,"href":"https:\/\/bekkalokket.no\/index.php\/wp-json\/wp\/v2\/posts\/2708\/revisions"}],"predecessor-version":[{"id":2717,"href":"https:\/\/bekkalokket.no\/index.php\/wp-json\/wp\/v2\/posts\/2708\/revisions\/2717"}],"wp:featuredmedia":[{"embeddable":true,"href":"https:\/\/bekkalokket.no\/index.php\/wp-json\/wp\/v2\/media\/2715"}],"wp:attachment":[{"href":"https:\/\/bekkalokket.no\/index.php\/wp-json\/wp\/v2\/media?parent=2708"}],"wp:term":[{"taxonomy":"category","embeddable":true,"href":"https:\/\/bekkalokket.no\/index.php\/wp-json\/wp\/v2\/categories?post=2708"},{"taxonomy":"post_tag","embeddable":true,"href":"https:\/\/bekkalokket.no\/index.php\/wp-json\/wp\/v2\/tags?post=2708"}],"curies":[{"name":"wp","href":"https:\/\/api.w.org\/{rel}","templated":true}]}}