{"id":4077,"date":"2021-07-05T12:55:59","date_gmt":"2021-07-05T10:55:59","guid":{"rendered":"https:\/\/bekkalokket.no\/?p=4077"},"modified":"2021-07-05T12:56:01","modified_gmt":"2021-07-05T10:56:01","slug":"bekkalokkere-gjorde-det-skarpt-i-narvik-fotoklubb-sin-fotomaraton-2021","status":"publish","type":"post","link":"https:\/\/bekkalokket.no\/index.php\/2021\/07\/05\/bekkalokkere-gjorde-det-skarpt-i-narvik-fotoklubb-sin-fotomaraton-2021\/","title":{"rendered":"Bekkalokkere gjorde det skarpt i Narvik fotoklubb sin Fotomaraton 2021"},"content":{"rendered":"\n<div class=\"wp-block-image\"><figure class=\"alignleft size-large\"><img loading=\"lazy\" decoding=\"async\" width=\"400\" height=\"583\" src=\"https:\/\/bekkalokket.no\/wp-content\/uploads\/2021\/07\/First_114401_The_Biggest_Riddle.jpg\" alt=\"\" class=\"wp-image-4078\" srcset=\"https:\/\/bekkalokket.no\/wp-content\/uploads\/2021\/07\/First_114401_The_Biggest_Riddle.jpg 400w, https:\/\/bekkalokket.no\/wp-content\/uploads\/2021\/07\/First_114401_The_Biggest_Riddle-206x300.jpg 206w\" sizes=\"auto, (max-width: 400px) 100vw, 400px\" \/><figcaption>F\u00f8rste plass tema 2 &#8211; Ul\u00f8ste g\u00e5ter<br>&#8220;The Biggest Riddle&#8221; av Gunnar Bye<br><\/figcaption><\/figure><\/div>\n\n\n\n<div class=\"wp-block-image\"><figure class=\"alignleft size-large\"><img loading=\"lazy\" decoding=\"async\" width=\"400\" height=\"300\" src=\"https:\/\/bekkalokket.no\/wp-content\/uploads\/2021\/07\/First_114634_fremover.jpg\" alt=\"\" class=\"wp-image-4079\" srcset=\"https:\/\/bekkalokket.no\/wp-content\/uploads\/2021\/07\/First_114634_fremover.jpg 400w, https:\/\/bekkalokket.no\/wp-content\/uploads\/2021\/07\/First_114634_fremover-300x225.jpg 300w\" sizes=\"auto, (max-width: 400px) 100vw, 400px\" \/><figcaption>F\u00f8rste plass tema 4 &#8211; Fremtidsutsikter<br>&#8220;Fremover&#8221; av Audun Nygaard<\/figcaption><\/figure><\/div>\n\n\n\n<p><\/p>\n\n\n\n<p>I tillegg fikk <br> &#8211; Audun Nygaard en bronse<br> &#8211; Morten Tellefsen et diplom og 4 antatte<br> &#8211; Elisabeth Skogseth 2 antatte<br> &#8211; Marit Oset Fagerheim 1 antatt<\/p>\n","protected":false},"excerpt":{"rendered":"<p>I tillegg fikk &#8211; Audun Nygaard en bronse &#8211; Morten Tellefsen et diplom og 4 antatte &#8211; Elisabeth Skogseth 2 antatte &#8211; Marit Oset Fagerheim 1 antatt<\/p>\n","protected":false},"author":2,"featured_media":4079,"comment_status":"closed","ping_status":"open","sticky":false,"template":"","format":"standard","meta":{"footnotes":""},"categories":[18],"tags":[],"class_list":["post-4077","post","type-post","status-publish","format-standard","has-post-thumbnail","hentry","category-konkurranse"],"yoast_head":"<!-- This site is optimized with the Yoast SEO plugin v27.5 - https:\/\/yoast.com\/product\/yoast-seo-wordpress\/ -->\n<title>Bekkalokkere gjorde det skarpt i Narvik fotoklubb sin Fotomaraton 2021 - Bekkalokket Fotoklubb<\/title>\n<meta name=\"robots\" content=\"index, follow, max-snippet:-1, max-image-preview:large, max-video-preview:-1\" \/>\n<link rel=\"canonical\" href=\"https:\/\/bekkalokket.no\/index.php\/2021\/07\/05\/bekkalokkere-gjorde-det-skarpt-i-narvik-fotoklubb-sin-fotomaraton-2021\/\" \/>\n<meta property=\"og:locale\" content=\"nb_NO\" \/>\n<meta property=\"og:type\" content=\"article\" \/>\n<meta property=\"og:title\" content=\"Bekkalokkere gjorde det skarpt i Narvik fotoklubb sin Fotomaraton 2021 - Bekkalokket Fotoklubb\" \/>\n<meta property=\"og:description\" content=\"I tillegg fikk &#8211; Audun Nygaard en bronse &#8211; Morten Tellefsen et diplom og 4 antatte &#8211; Elisabeth Skogseth 2 antatte &#8211; Marit Oset Fagerheim 1 antatt\" \/>\n<meta property=\"og:url\" content=\"https:\/\/bekkalokket.no\/index.php\/2021\/07\/05\/bekkalokkere-gjorde-det-skarpt-i-narvik-fotoklubb-sin-fotomaraton-2021\/\" \/>\n<meta property=\"og:site_name\" content=\"Bekkalokket Fotoklubb\" \/>\n<meta property=\"article:published_time\" content=\"2021-07-05T10:55:59+00:00\" \/>\n<meta property=\"article:modified_time\" content=\"2021-07-05T10:56:01+00:00\" \/>\n<meta property=\"og:image\" content=\"https:\/\/bekkalokket.no\/wp-content\/uploads\/2021\/07\/First_114634_fremover.jpg\" \/>\n\t<meta property=\"og:image:width\" content=\"400\" \/>\n\t<meta property=\"og:image:height\" content=\"300\" \/>\n\t<meta property=\"og:image:type\" content=\"image\/jpeg\" \/>\n<meta name=\"author\" content=\"Tom Jarane\" \/>\n<meta name=\"twitter:card\" content=\"summary_large_image\" \/>\n<meta name=\"twitter:label1\" content=\"Skrevet av\" \/>\n\t<meta name=\"twitter:data1\" content=\"Tom Jarane\" \/>\n<script type=\"application\/ld+json\" class=\"yoast-schema-graph\">{\"@context\":\"https:\\\/\\\/schema.org\",\"@graph\":[{\"@type\":\"Article\",\"@id\":\"https:\\\/\\\/bekkalokket.no\\\/index.php\\\/2021\\\/07\\\/05\\\/bekkalokkere-gjorde-det-skarpt-i-narvik-fotoklubb-sin-fotomaraton-2021\\\/#article\",\"isPartOf\":{\"@id\":\"https:\\\/\\\/bekkalokket.no\\\/index.php\\\/2021\\\/07\\\/05\\\/bekkalokkere-gjorde-det-skarpt-i-narvik-fotoklubb-sin-fotomaraton-2021\\\/\"},\"author\":{\"name\":\"Tom Jarane\",\"@id\":\"https:\\\/\\\/bekkalokket.no\\\/#\\\/schema\\\/person\\\/48efacfa49e9a4f1397d0abb393ff182\"},\"headline\":\"Bekkalokkere gjorde det skarpt i Narvik fotoklubb sin Fotomaraton 2021\",\"datePublished\":\"2021-07-05T10:55:59+00:00\",\"dateModified\":\"2021-07-05T10:56:01+00:00\",\"mainEntityOfPage\":{\"@id\":\"https:\\\/\\\/bekkalokket.no\\\/index.php\\\/2021\\\/07\\\/05\\\/bekkalokkere-gjorde-det-skarpt-i-narvik-fotoklubb-sin-fotomaraton-2021\\\/\"},\"wordCount\":58,\"image\":{\"@id\":\"https:\\\/\\\/bekkalokket.no\\\/index.php\\\/2021\\\/07\\\/05\\\/bekkalokkere-gjorde-det-skarpt-i-narvik-fotoklubb-sin-fotomaraton-2021\\\/#primaryimage\"},\"thumbnailUrl\":\"https:\\\/\\\/bekkalokket.no\\\/wp-content\\\/uploads\\\/2021\\\/07\\\/First_114634_fremover.jpg\",\"articleSection\":[\"Konkurranse\"],\"inLanguage\":\"nb-NO\"},{\"@type\":\"WebPage\",\"@id\":\"https:\\\/\\\/bekkalokket.no\\\/index.php\\\/2021\\\/07\\\/05\\\/bekkalokkere-gjorde-det-skarpt-i-narvik-fotoklubb-sin-fotomaraton-2021\\\/\",\"url\":\"https:\\\/\\\/bekkalokket.no\\\/index.php\\\/2021\\\/07\\\/05\\\/bekkalokkere-gjorde-det-skarpt-i-narvik-fotoklubb-sin-fotomaraton-2021\\\/\",\"name\":\"Bekkalokkere gjorde det skarpt i Narvik fotoklubb sin Fotomaraton 2021 - Bekkalokket Fotoklubb\",\"isPartOf\":{\"@id\":\"https:\\\/\\\/bekkalokket.no\\\/#website\"},\"primaryImageOfPage\":{\"@id\":\"https:\\\/\\\/bekkalokket.no\\\/index.php\\\/2021\\\/07\\\/05\\\/bekkalokkere-gjorde-det-skarpt-i-narvik-fotoklubb-sin-fotomaraton-2021\\\/#primaryimage\"},\"image\":{\"@id\":\"https:\\\/\\\/bekkalokket.no\\\/index.php\\\/2021\\\/07\\\/05\\\/bekkalokkere-gjorde-det-skarpt-i-narvik-fotoklubb-sin-fotomaraton-2021\\\/#primaryimage\"},\"thumbnailUrl\":\"https:\\\/\\\/bekkalokket.no\\\/wp-content\\\/uploads\\\/2021\\\/07\\\/First_114634_fremover.jpg\",\"datePublished\":\"2021-07-05T10:55:59+00:00\",\"dateModified\":\"2021-07-05T10:56:01+00:00\",\"author\":{\"@id\":\"https:\\\/\\\/bekkalokket.no\\\/#\\\/schema\\\/person\\\/48efacfa49e9a4f1397d0abb393ff182\"},\"breadcrumb\":{\"@id\":\"https:\\\/\\\/bekkalokket.no\\\/index.php\\\/2021\\\/07\\\/05\\\/bekkalokkere-gjorde-det-skarpt-i-narvik-fotoklubb-sin-fotomaraton-2021\\\/#breadcrumb\"},\"inLanguage\":\"nb-NO\",\"potentialAction\":[{\"@type\":\"ReadAction\",\"target\":[\"https:\\\/\\\/bekkalokket.no\\\/index.php\\\/2021\\\/07\\\/05\\\/bekkalokkere-gjorde-det-skarpt-i-narvik-fotoklubb-sin-fotomaraton-2021\\\/\"]}]},{\"@type\":\"ImageObject\",\"inLanguage\":\"nb-NO\",\"@id\":\"https:\\\/\\\/bekkalokket.no\\\/index.php\\\/2021\\\/07\\\/05\\\/bekkalokkere-gjorde-det-skarpt-i-narvik-fotoklubb-sin-fotomaraton-2021\\\/#primaryimage\",\"url\":\"https:\\\/\\\/bekkalokket.no\\\/wp-content\\\/uploads\\\/2021\\\/07\\\/First_114634_fremover.jpg\",\"contentUrl\":\"https:\\\/\\\/bekkalokket.no\\\/wp-content\\\/uploads\\\/2021\\\/07\\\/First_114634_fremover.jpg\",\"width\":400,\"height\":300,\"caption\":\"Bekkalokket Fotoklubb - Bekkalokkere gjorde det skarpt i Narvik fotoklubb sin Fotomaraton 2021\"},{\"@type\":\"BreadcrumbList\",\"@id\":\"https:\\\/\\\/bekkalokket.no\\\/index.php\\\/2021\\\/07\\\/05\\\/bekkalokkere-gjorde-det-skarpt-i-narvik-fotoklubb-sin-fotomaraton-2021\\\/#breadcrumb\",\"itemListElement\":[{\"@type\":\"ListItem\",\"position\":1,\"name\":\"Home\",\"item\":\"https:\\\/\\\/bekkalokket.no\\\/\"},{\"@type\":\"ListItem\",\"position\":2,\"name\":\"Bekkalokkere gjorde det skarpt i Narvik fotoklubb sin Fotomaraton 2021\"}]},{\"@type\":\"WebSite\",\"@id\":\"https:\\\/\\\/bekkalokket.no\\\/#website\",\"url\":\"https:\\\/\\\/bekkalokket.no\\\/\",\"name\":\"Bekkalokket Fotoklubb\",\"description\":\"En sosial og aktiv fotoklubb i Bergen\",\"potentialAction\":[{\"@type\":\"SearchAction\",\"target\":{\"@type\":\"EntryPoint\",\"urlTemplate\":\"https:\\\/\\\/bekkalokket.no\\\/?s={search_term_string}\"},\"query-input\":{\"@type\":\"PropertyValueSpecification\",\"valueRequired\":true,\"valueName\":\"search_term_string\"}}],\"inLanguage\":\"nb-NO\"},{\"@type\":\"Person\",\"@id\":\"https:\\\/\\\/bekkalokket.no\\\/#\\\/schema\\\/person\\\/48efacfa49e9a4f1397d0abb393ff182\",\"name\":\"Tom Jarane\",\"image\":{\"@type\":\"ImageObject\",\"inLanguage\":\"nb-NO\",\"@id\":\"https:\\\/\\\/secure.gravatar.com\\\/avatar\\\/70b617863496bac047364a0046e35fc6a83b43f97349acb01ef9bd5ec5bc78ba?s=96&d=mm&r=g\",\"url\":\"https:\\\/\\\/secure.gravatar.com\\\/avatar\\\/70b617863496bac047364a0046e35fc6a83b43f97349acb01ef9bd5ec5bc78ba?s=96&d=mm&r=g\",\"contentUrl\":\"https:\\\/\\\/secure.gravatar.com\\\/avatar\\\/70b617863496bac047364a0046e35fc6a83b43f97349acb01ef9bd5ec5bc78ba?s=96&d=mm&r=g\",\"caption\":\"Tom Jarane\"},\"sameAs\":[\"http:\\\/\\\/jarane.net\"],\"url\":\"https:\\\/\\\/bekkalokket.no\\\/index.php\\\/author\\\/tom-jarane\\\/\"}]}<\/script>\n<!-- \/ Yoast SEO plugin. -->","yoast_head_json":{"title":"Bekkalokkere gjorde det skarpt i Narvik fotoklubb sin Fotomaraton 2021 - Bekkalokket Fotoklubb","robots":{"index":"index","follow":"follow","max-snippet":"max-snippet:-1","max-image-preview":"max-image-preview:large","max-video-preview":"max-video-preview:-1"},"canonical":"https:\/\/bekkalokket.no\/index.php\/2021\/07\/05\/bekkalokkere-gjorde-det-skarpt-i-narvik-fotoklubb-sin-fotomaraton-2021\/","og_locale":"nb_NO","og_type":"article","og_title":"Bekkalokkere gjorde det skarpt i Narvik fotoklubb sin Fotomaraton 2021 - Bekkalokket Fotoklubb","og_description":"I tillegg fikk &#8211; Audun Nygaard en bronse &#8211; Morten Tellefsen et diplom og 4 antatte &#8211; Elisabeth Skogseth 2 antatte &#8211; Marit Oset Fagerheim 1 antatt","og_url":"https:\/\/bekkalokket.no\/index.php\/2021\/07\/05\/bekkalokkere-gjorde-det-skarpt-i-narvik-fotoklubb-sin-fotomaraton-2021\/","og_site_name":"Bekkalokket Fotoklubb","article_published_time":"2021-07-05T10:55:59+00:00","article_modified_time":"2021-07-05T10:56:01+00:00","og_image":[{"width":400,"height":300,"url":"https:\/\/bekkalokket.no\/wp-content\/uploads\/2021\/07\/First_114634_fremover.jpg","type":"image\/jpeg"}],"author":"Tom Jarane","twitter_card":"summary_large_image","twitter_misc":{"Skrevet av":"Tom Jarane"},"schema":{"@context":"https:\/\/schema.org","@graph":[{"@type":"Article","@id":"https:\/\/bekkalokket.no\/index.php\/2021\/07\/05\/bekkalokkere-gjorde-det-skarpt-i-narvik-fotoklubb-sin-fotomaraton-2021\/#article","isPartOf":{"@id":"https:\/\/bekkalokket.no\/index.php\/2021\/07\/05\/bekkalokkere-gjorde-det-skarpt-i-narvik-fotoklubb-sin-fotomaraton-2021\/"},"author":{"name":"Tom Jarane","@id":"https:\/\/bekkalokket.no\/#\/schema\/person\/48efacfa49e9a4f1397d0abb393ff182"},"headline":"Bekkalokkere gjorde det skarpt i Narvik fotoklubb sin Fotomaraton 2021","datePublished":"2021-07-05T10:55:59+00:00","dateModified":"2021-07-05T10:56:01+00:00","mainEntityOfPage":{"@id":"https:\/\/bekkalokket.no\/index.php\/2021\/07\/05\/bekkalokkere-gjorde-det-skarpt-i-narvik-fotoklubb-sin-fotomaraton-2021\/"},"wordCount":58,"image":{"@id":"https:\/\/bekkalokket.no\/index.php\/2021\/07\/05\/bekkalokkere-gjorde-det-skarpt-i-narvik-fotoklubb-sin-fotomaraton-2021\/#primaryimage"},"thumbnailUrl":"https:\/\/bekkalokket.no\/wp-content\/uploads\/2021\/07\/First_114634_fremover.jpg","articleSection":["Konkurranse"],"inLanguage":"nb-NO"},{"@type":"WebPage","@id":"https:\/\/bekkalokket.no\/index.php\/2021\/07\/05\/bekkalokkere-gjorde-det-skarpt-i-narvik-fotoklubb-sin-fotomaraton-2021\/","url":"https:\/\/bekkalokket.no\/index.php\/2021\/07\/05\/bekkalokkere-gjorde-det-skarpt-i-narvik-fotoklubb-sin-fotomaraton-2021\/","name":"Bekkalokkere gjorde det skarpt i Narvik fotoklubb sin Fotomaraton 2021 - Bekkalokket Fotoklubb","isPartOf":{"@id":"https:\/\/bekkalokket.no\/#website"},"primaryImageOfPage":{"@id":"https:\/\/bekkalokket.no\/index.php\/2021\/07\/05\/bekkalokkere-gjorde-det-skarpt-i-narvik-fotoklubb-sin-fotomaraton-2021\/#primaryimage"},"image":{"@id":"https:\/\/bekkalokket.no\/index.php\/2021\/07\/05\/bekkalokkere-gjorde-det-skarpt-i-narvik-fotoklubb-sin-fotomaraton-2021\/#primaryimage"},"thumbnailUrl":"https:\/\/bekkalokket.no\/wp-content\/uploads\/2021\/07\/First_114634_fremover.jpg","datePublished":"2021-07-05T10:55:59+00:00","dateModified":"2021-07-05T10:56:01+00:00","author":{"@id":"https:\/\/bekkalokket.no\/#\/schema\/person\/48efacfa49e9a4f1397d0abb393ff182"},"breadcrumb":{"@id":"https:\/\/bekkalokket.no\/index.php\/2021\/07\/05\/bekkalokkere-gjorde-det-skarpt-i-narvik-fotoklubb-sin-fotomaraton-2021\/#breadcrumb"},"inLanguage":"nb-NO","potentialAction":[{"@type":"ReadAction","target":["https:\/\/bekkalokket.no\/index.php\/2021\/07\/05\/bekkalokkere-gjorde-det-skarpt-i-narvik-fotoklubb-sin-fotomaraton-2021\/"]}]},{"@type":"ImageObject","inLanguage":"nb-NO","@id":"https:\/\/bekkalokket.no\/index.php\/2021\/07\/05\/bekkalokkere-gjorde-det-skarpt-i-narvik-fotoklubb-sin-fotomaraton-2021\/#primaryimage","url":"https:\/\/bekkalokket.no\/wp-content\/uploads\/2021\/07\/First_114634_fremover.jpg","contentUrl":"https:\/\/bekkalokket.no\/wp-content\/uploads\/2021\/07\/First_114634_fremover.jpg","width":400,"height":300,"caption":"Bekkalokket Fotoklubb - Bekkalokkere gjorde det skarpt i Narvik fotoklubb sin Fotomaraton 2021"},{"@type":"BreadcrumbList","@id":"https:\/\/bekkalokket.no\/index.php\/2021\/07\/05\/bekkalokkere-gjorde-det-skarpt-i-narvik-fotoklubb-sin-fotomaraton-2021\/#breadcrumb","itemListElement":[{"@type":"ListItem","position":1,"name":"Home","item":"https:\/\/bekkalokket.no\/"},{"@type":"ListItem","position":2,"name":"Bekkalokkere gjorde det skarpt i Narvik fotoklubb sin Fotomaraton 2021"}]},{"@type":"WebSite","@id":"https:\/\/bekkalokket.no\/#website","url":"https:\/\/bekkalokket.no\/","name":"Bekkalokket Fotoklubb","description":"En sosial og aktiv fotoklubb i Bergen","potentialAction":[{"@type":"SearchAction","target":{"@type":"EntryPoint","urlTemplate":"https:\/\/bekkalokket.no\/?s={search_term_string}"},"query-input":{"@type":"PropertyValueSpecification","valueRequired":true,"valueName":"search_term_string"}}],"inLanguage":"nb-NO"},{"@type":"Person","@id":"https:\/\/bekkalokket.no\/#\/schema\/person\/48efacfa49e9a4f1397d0abb393ff182","name":"Tom Jarane","image":{"@type":"ImageObject","inLanguage":"nb-NO","@id":"https:\/\/secure.gravatar.com\/avatar\/70b617863496bac047364a0046e35fc6a83b43f97349acb01ef9bd5ec5bc78ba?s=96&d=mm&r=g","url":"https:\/\/secure.gravatar.com\/avatar\/70b617863496bac047364a0046e35fc6a83b43f97349acb01ef9bd5ec5bc78ba?s=96&d=mm&r=g","contentUrl":"https:\/\/secure.gravatar.com\/avatar\/70b617863496bac047364a0046e35fc6a83b43f97349acb01ef9bd5ec5bc78ba?s=96&d=mm&r=g","caption":"Tom Jarane"},"sameAs":["http:\/\/jarane.net"],"url":"https:\/\/bekkalokket.no\/index.php\/author\/tom-jarane\/"}]}},"_links":{"self":[{"href":"https:\/\/bekkalokket.no\/index.php\/wp-json\/wp\/v2\/posts\/4077","targetHints":{"allow":["GET"]}}],"collection":[{"href":"https:\/\/bekkalokket.no\/index.php\/wp-json\/wp\/v2\/posts"}],"about":[{"href":"https:\/\/bekkalokket.no\/index.php\/wp-json\/wp\/v2\/types\/post"}],"author":[{"embeddable":true,"href":"https:\/\/bekkalokket.no\/index.php\/wp-json\/wp\/v2\/users\/2"}],"replies":[{"embeddable":true,"href":"https:\/\/bekkalokket.no\/index.php\/wp-json\/wp\/v2\/comments?post=4077"}],"version-history":[{"count":1,"href":"https:\/\/bekkalokket.no\/index.php\/wp-json\/wp\/v2\/posts\/4077\/revisions"}],"predecessor-version":[{"id":4080,"href":"https:\/\/bekkalokket.no\/index.php\/wp-json\/wp\/v2\/posts\/4077\/revisions\/4080"}],"wp:featuredmedia":[{"embeddable":true,"href":"https:\/\/bekkalokket.no\/index.php\/wp-json\/wp\/v2\/media\/4079"}],"wp:attachment":[{"href":"https:\/\/bekkalokket.no\/index.php\/wp-json\/wp\/v2\/media?parent=4077"}],"wp:term":[{"taxonomy":"category","embeddable":true,"href":"https:\/\/bekkalokket.no\/index.php\/wp-json\/wp\/v2\/categories?post=4077"},{"taxonomy":"post_tag","embeddable":true,"href":"https:\/\/bekkalokket.no\/index.php\/wp-json\/wp\/v2\/tags?post=4077"}],"curies":[{"name":"wp","href":"https:\/\/api.w.org\/{rel}","templated":true}]}}