{"id":4373,"date":"2022-02-01T12:28:10","date_gmt":"2022-02-01T10:28:10","guid":{"rendered":"https:\/\/bekkalokket.no\/?p=4373"},"modified":"2024-09-16T09:43:35","modified_gmt":"2024-09-16T07:43:35","slug":"nasjonalt-film-og-fototreff-2022-i-bergen","status":"publish","type":"post","link":"https:\/\/bekkalokket.no\/index.php\/2022\/02\/01\/nasjonalt-film-og-fototreff-2022-i-bergen\/","title":{"rendered":"Nasjonalt film &#8211; og fototreff 2022 i Bergen"},"content":{"rendered":"\n<p><strong>Tidspunkt: 6.- 8. mai<\/strong><\/p>\n\n\n\n<p><strong>Arrang\u00f8r: Bekkalokket Fotoklubb<\/strong><\/p>\n\n\n\n<p>Hjemmeside<strong><a href=\"https:\/\/nasjonaltfotoogfilmtreff2022.bekkalokket.no\/wp\/\"> Nasjonalt film og fototreff 2022<\/a><\/strong><\/p>\n\n\n\n<p>Les mer om <a href=\"https:\/\/nasjonaltfotoogfilmtreff2022.bekkalokket.no\/wp\/foredragsholdere\/landstreffkonkurranse-om-bergen\/\"><strong>Landstreffkonkurransen om Bergen<\/strong><\/a><\/p>\n\n\n\n<p><\/p>\n\n\n\n<p><strong>KOM OG BLI MED OSS P\u00c5 SOSIALT OG INSPIRERENDE  NASJONALT FILM OG FOTOTREFF 2022!<\/strong><\/p>\n\n\n\n<p><\/p>\n\n\n\n<figure class=\"wp-block-image size-large\"><img loading=\"lazy\" decoding=\"async\" width=\"1024\" height=\"681\" src=\"https:\/\/bekkalokket.no\/wp-content\/uploads\/2022\/02\/Bergen_bryggen_landstreff-1024x681.jpg\" alt=\"Nasjonalt film og fototreff Bergen 2022\" class=\"wp-image-4375\" srcset=\"https:\/\/bekkalokket.no\/wp-content\/uploads\/2022\/02\/Bergen_bryggen_landstreff-1024x681.jpg 1024w, https:\/\/bekkalokket.no\/wp-content\/uploads\/2022\/02\/Bergen_bryggen_landstreff-300x199.jpg 300w, https:\/\/bekkalokket.no\/wp-content\/uploads\/2022\/02\/Bergen_bryggen_landstreff-768x510.jpg 768w, https:\/\/bekkalokket.no\/wp-content\/uploads\/2022\/02\/Bergen_bryggen_landstreff-1536x1021.jpg 1536w, https:\/\/bekkalokket.no\/wp-content\/uploads\/2022\/02\/Bergen_bryggen_landstreff.jpg 1920w\" sizes=\"auto, (max-width: 1024px) 100vw, 1024px\" \/><figcaption>Nasjonalt film og fototreff Bergen 6.-8. mai 2022<\/figcaption><\/figure>\n\n\n\n<p><strong>Bekkalokket Fotoklubb har den store glede \u00e5 invitere til Nasjonalt film og fototreff i vakre, pulserende Bergen by mellom de syv fjell<\/strong><\/p>\n\n\n\n<p>Byen med vakker v\u00e5rblomstring og unik urban atmosf\u00e6re. Opplev yrende uteliv, de spennende smauene og fredet bygninger som befinner seg p\u00e5 UNESCO`s liste over verdens kulturarv. <\/p>\n\n\n\n<p>\u00c5rlig arrangeres det l\u00e6rerike, inspirerende og sosiale nasjonale film og fototreff i samarbeid med <a href=\"https:\/\/nsff.no\/om-nsff\/film-og-fototreff\/\">NSFF (Norsk Selskap For fotografi)<\/a> og <a href=\"https:\/\/www.japanphoto.no\/\">CEWE<\/a>.<\/p>\n\n\n\n<p>Ved \u00e5 kommen sammen med andre entusiaster skapes det en heldt egen atmosf\u00e6re sammen med b\u00e5de profesjonelle &#8211; og amat\u00f8rfotografer. <\/p>\n\n\n\n<p>En flott mulighet til \u00e5 knytte kontakter i et bredt spekter av interesser innen film og foto.<\/p>\n\n\n\n<p><strong>Nasjonalt film og fototreff  2022 er for medlemmer i NSFF-tilknyttede klubber fra hele landet.<\/strong><\/p>\n\n\n\n<p><strong>Det vil snart komme mer informasjon n\u00e5r det gjelder p\u00e5melding og program for helgen<\/strong>  <a href=\"https:\/\/nasjonaltfotoogfilmtreff2022.bekkalokket.no\/wp\/\">Nasjonalt film &#8211; og fototreff 2022<\/a><\/p>\n\n\n\n<div style=\"height:100px\" aria-hidden=\"true\" class=\"wp-block-spacer\"><\/div>\n\n\n\n<figure class=\"wp-block-image size-full is-resized\"><img loading=\"lazy\" decoding=\"async\" src=\"https:\/\/bekkalokket.no\/wp-content\/uploads\/2022\/03\/Scandic_Ornen_Nasjonaltfilmogfototreff2022.jpg\" alt=\"\" class=\"wp-image-4750\" width=\"579\" height=\"386\"\/><\/figure>\n\n\n\n<h6 class=\"wp-block-heading\" id=\"overnattingspakke-pa-scandic-ornen-bergen\">Overnattingspakke p\u00e5 Scandic \u00d8rnen, Bergen<\/h6>\n\n\n\n<p>Vi har inng\u00e5tt avtale med hotel <a href=\"https:\/\/www.scandichotels.com\/hotels\/norway\/bergen\/scandic-ornen\/rooms\">Scandic \u00d8rnen <\/a>(Lars Hillesgate 18) med flott beliggenhet like ved Bergen Storsenter og Bergen Jernbanestasjon.<\/p>\n\n\n\n<p>Bryggen, som ligger p\u00e5 UNESCOs verdensarvliste er bare 13 minutters gange fra hotellet. Fl\u00f8ibanen ligger 1 km unna.<\/p>\n\n\n\n<p>Frokostbuffeten p\u00e5 hotellrestauranten Aquila omfatter flere enn 100 ulike matvarer med fokus p\u00e5 \u00f8kologiske produkter.<\/p>\n\n\n\n<p> Roast Restaurant &amp; Bar i toppetasjen tilbyr sj\u00f8mat fra Nordsj\u00f8en og et utvalg av grillet kj\u00f8tt.<\/p>\n\n\n\n<div style=\"height:100px\" aria-hidden=\"true\" class=\"wp-block-spacer\"><\/div>\n\n\n\n<h4 class=\"wp-block-heading\" id=\"bookingkode-for-reservering-av-hotellrom-fredag-sondag-6-mai-8-mai-2022\">Bookingkode for reservering av hotellrom  fredag &#8211; s\u00f8ndag, 6.mai-8.mai 2022<\/h4>\n\n\n\n<p>Reservering av hotellrom kan du booke direkte p\u00e5 hjemmesiden til hotellet.<\/p>\n\n\n\n<p><strong>Bookingkode: BBEK060522<\/strong><\/p>\n\n\n\n<p><\/p>\n\n\n\n<p>Rommene kan bookes n\u00e5 og frem til og med 10.04.2022<\/p>\n\n\n\n<p>Dobbeltrom 1 person kr 1.480,00  (inkl. frokost)<\/p>\n\n\n\n<p>Dobbeltrom 2 personer kr 1.680 (inkl. frokost)<\/p>\n\n\n\n<p>Ved oppgradering av hotellrom fra kr 200,00 per rom per natt<\/p>\n\n\n\n<p><\/p>\n\n\n\n<p>Det p\u00e5regnes h\u00f8yere priser ved booking av hotellrom dagene f\u00f8r fredag, da det er flere andre arrangement i Bergen denne uken. Bla. Gullruten og Nordiske Mediedager.<\/p>\n\n\n\n<p><\/p>\n\n\n\n<div style=\"height:100px\" aria-hidden=\"true\" class=\"wp-block-spacer\"><\/div>\n\n\n\n<h4 class=\"wp-block-heading\" id=\"forelopig-programskisse-for-helgen\"><strong>Forel\u00f8pig programskisse for helgen<\/strong><\/h4>\n\n\n\n<h5 class=\"wp-block-heading\" id=\"foto-og-filmforedrag\">Foto og filmforedrag<\/h5>\n\n\n\n<p><\/p>\n\n\n\n<p><\/p>\n\n\n\n<p><\/p>\n\n\n\n<ul class=\"wp-block-list\"><li><strong>Otto von Munchow<\/strong> &#8211;  Minimalisme i bildefortellingen  Hjemmeside:&nbsp;<a href=\"https:\/\/www.munchow.no\/\" target=\"_blank\" rel=\"noreferrer noopener\">https:\/\/www.munchow.no<\/a><\/li><\/ul>\n\n\n\n<ul class=\"wp-block-list\"><li><strong>Odd Mehus<\/strong> &#8211; Visne blomster og planter  Hjemmeside:&nbsp;<a href=\"http:\/\/www.oddmehus.no\/\" target=\"_blank\" rel=\"noreferrer noopener\">http:\/\/www.oddmehus.no<\/a><\/li><\/ul>\n\n\n\n<ul class=\"wp-block-list\"><li><strong>Simen Aarseth Gjeldsvik <\/strong>&#8211; Fotografering av bymilj\u00f8, hvordan skape stemning i bildene <a href=\"https:\/\/www.instagram.com\/onlytheribswillbebrokeninhalf\/\">Instagram<\/a> <\/li><\/ul>\n\n\n\n<p><\/p>\n\n\n\n<ul class=\"wp-block-list\"><li><strong>Hien Lam og Susanne \u00d8rbeck <\/strong>Videofotografering  <a href=\"https:\/\/www.instagram.com\/hien_rice_\/\">Instagram<\/a>   <a href=\"https:\/\/www.youtube.com\/watch?reload=9&amp;v=M7c3642o6-Y\">YouTube<\/a><\/li><\/ul>\n\n\n\n<ul class=\"wp-block-list\"><li><strong>Filmutvalget<\/strong> Informasjon om utstyr, programvare og gode r\u00e5d og tips i videoproduksjon<\/li><\/ul>\n\n\n\n<p><\/p>\n\n\n\n<p><\/p>\n\n\n\n<h5 class=\"wp-block-heading\" id=\"fotomaraton\">Fotokonkurranse<\/h5>\n\n\n\n<p>Informasjon kommer!<\/p>\n\n\n\n<div style=\"height:100px\" aria-hidden=\"true\" class=\"wp-block-spacer\"><\/div>\n\n\n\n<h5 class=\"wp-block-heading\" id=\"sosialt-samvaer-og-festmiddag\">Sosialt samv\u00e6r og festmiddag<\/h5>\n\n\n\n<figure class=\"wp-block-image size-large is-resized\"><img loading=\"lazy\" decoding=\"async\" src=\"https:\/\/bekkalokket.no\/wp-content\/uploads\/2022\/02\/Jan_Standal_Nasjonaltfilmogfototreff_2022-1-1024x683.jpeg\" alt=\"\" class=\"wp-image-4758\" width=\"632\" height=\"421\" srcset=\"https:\/\/bekkalokket.no\/wp-content\/uploads\/2022\/02\/Jan_Standal_Nasjonaltfilmogfototreff_2022-1-1024x683.jpeg 1024w, https:\/\/bekkalokket.no\/wp-content\/uploads\/2022\/02\/Jan_Standal_Nasjonaltfilmogfototreff_2022-1-300x200.jpeg 300w, https:\/\/bekkalokket.no\/wp-content\/uploads\/2022\/02\/Jan_Standal_Nasjonaltfilmogfototreff_2022-1-768x512.jpeg 768w, https:\/\/bekkalokket.no\/wp-content\/uploads\/2022\/02\/Jan_Standal_Nasjonaltfilmogfototreff_2022-1-1536x1024.jpeg 1536w, https:\/\/bekkalokket.no\/wp-content\/uploads\/2022\/02\/Jan_Standal_Nasjonaltfilmogfototreff_2022-1-2048x1366.jpeg 2048w\" sizes=\"auto, (max-width: 632px) 100vw, 632px\" \/><\/figure>\n\n\n\n<p><a href=\"https:\/\/www.floirestauranten.no\/\">\u00c6rverdige Fl\u00f8ien Folkerestaurant<\/a><a href=\"https:\/\/www.floienfolkerestaurant.no\/\"> <\/a><\/p>\n\n\n\n<p>L\u00f8rdag 7.mai blir det festmiddag p\u00e5 Fl\u00f8yen, med super utsikt over Bergen. <\/p>\n\n\n\n<p>Det blir offentliggj\u00f8ring av NM-resultater og utdeling av annen heder og \u00e6re.<\/p>\n\n\n\n<div style=\"height:100px\" aria-hidden=\"true\" class=\"wp-block-spacer\"><\/div>\n\n\n\n<p><strong>Har du tenkt \u00e5 bli medlem i Bekkalokket Fotoklubb er landstreffet en flott mulighet til \u00e5 starte det nye \u00e5ret med \u00e5 melde deg inn i klubben v\u00e5r<\/strong>.<\/p>\n\n\n\n<p>\u00d8nsker du \u00e5 bli <a href=\"https:\/\/bekkalokket.no\/index.php\/bli-medlem\/\">medlem<\/a> i Bekkalokket Fotoklubb  kan du ta <a href=\"https:\/\/bekkalokket.no\/index.php\/kontakt\/\">kontakt<\/a> med oss for mer informasjon eller klikke deg inn for \u00e5 bli mer kjent med  <a href=\"https:\/\/nsff.no\/norsk-selskap-for-fotografi-fellesskap-for-norske-film-og-fotoklubber\/\">NSFF(Norsk Selskap For Fotografi<\/a>)<\/p>\n\n\n\n<p><\/p>\n\n\n\n<p>Vi er en aktiv fotoklubb med stor lidenskap for film og foto der du aktivt kan engasjere deg i en av v\u00e5re mange komite\u00e8r om det er \u00f8nskelig.<\/p>\n\n\n\n<p><\/p>\n\n\n\n<p>Klikk deg gjerne inn p\u00e5 menyvalget &#8220;Om Klubben&#8221; \u00f8verst p\u00e5 v\u00e5r hjemmeside, s\u00e5 kan du bli mer kjent med Bekkalokket Fotoklubb.<\/p>\n\n\n\n<div style=\"height:100px\" aria-hidden=\"true\" class=\"wp-block-spacer\"><\/div>\n\n\n\n<p>                                             <strong> VELKOMMEN TIL NASJONALT FILM OG FOTOTREFF 2022<\/strong><\/p>\n\n\n\n<p><\/p>\n\n\n\n<div class=\"wp-block-image\"><figure class=\"aligncenter size-full is-resized\"><a href=\"https:\/\/bekkalokket.no\/index.php\/om-klubben\/\"><img loading=\"lazy\" decoding=\"async\" src=\"https:\/\/bekkalokket.no\/wp-content\/uploads\/2018\/06\/bekkalokket_logo.png\" alt=\"Bekkalokket Fotoklubb\" class=\"wp-image-129\" width=\"249\" height=\"251\" srcset=\"https:\/\/bekkalokket.no\/wp-content\/uploads\/2018\/06\/bekkalokket_logo.png 400w, https:\/\/bekkalokket.no\/wp-content\/uploads\/2018\/06\/bekkalokket_logo-150x150.png 150w, https:\/\/bekkalokket.no\/wp-content\/uploads\/2018\/06\/bekkalokket_logo-297x300.png 297w\" sizes=\"auto, (max-width: 249px) 100vw, 249px\" \/><\/a><figcaption><a href=\"https:\/\/bekkalokket.no\/index.php\/om-klubben\/\">Bekkalokket Fotoklubb<\/a><\/figcaption><\/figure><\/div>\n\n\n\n<div class=\"wp-block-image\"><figure class=\"aligncenter size-full is-resized\"><a href=\"https:\/\/nsff.no\/\"><img loading=\"lazy\" decoding=\"async\" src=\"https:\/\/bekkalokket.no\/wp-content\/uploads\/2021\/03\/logo_web.png\" alt=\"Norsk Selskap For Fotografi\" class=\"wp-image-3651\" width=\"228\" height=\"228\" srcset=\"https:\/\/bekkalokket.no\/wp-content\/uploads\/2021\/03\/logo_web.png 198w, https:\/\/bekkalokket.no\/wp-content\/uploads\/2021\/03\/logo_web-150x150.png 150w, https:\/\/bekkalokket.no\/wp-content\/uploads\/2021\/03\/logo_web-80x80.png 80w\" sizes=\"auto, (max-width: 228px) 100vw, 228px\" \/><\/a><figcaption><a href=\"https:\/\/nsff.no\/\">Norsk Selskap For Fotografi<\/a><\/figcaption><\/figure><\/div>\n\n\n\n<div class=\"wp-block-image\"><figure class=\"aligncenter size-full is-resized\"><a href=\"https:\/\/www.japanphoto.no\/\"><img loading=\"lazy\" decoding=\"async\" src=\"https:\/\/bekkalokket.no\/wp-content\/uploads\/2022\/02\/CEWE_JapanPhoto.png\" alt=\"Cewe\" class=\"wp-image-4409\" width=\"281\" height=\"158\" srcset=\"https:\/\/bekkalokket.no\/wp-content\/uploads\/2022\/02\/CEWE_JapanPhoto.png 746w, https:\/\/bekkalokket.no\/wp-content\/uploads\/2022\/02\/CEWE_JapanPhoto-300x169.png 300w\" sizes=\"auto, (max-width: 281px) 100vw, 281px\" \/><\/a><figcaption><a href=\"https:\/\/www.japanphoto.no\/\">Cewe<\/a><\/figcaption><\/figure><\/div>\n\n\n\n<p><\/p>\n\n\n\n<p><\/p>\n","protected":false},"excerpt":{"rendered":"<p>Tidspunkt: 6.- 8. mai Arrang\u00f8r: Bekkalokket Fotoklubb Hjemmeside Nasjonalt film og fototreff 2022 Les mer om Landstreffkonkurransen om Bergen KOM OG BLI MED OSS P\u00c5 SOSIALT OG INSPIRERENDE NASJONALT FILM OG FOTOTREFF 2022! Bekkalokket&#46;&#46;&#46;<\/p>\n","protected":false},"author":8,"featured_media":4375,"comment_status":"closed","ping_status":"open","sticky":false,"template":"","format":"standard","meta":{"footnotes":""},"categories":[15],"tags":[],"class_list":["post-4373","post","type-post","status-publish","format-standard","has-post-thumbnail","hentry","category-sosialt"],"yoast_head":"<!-- This site is optimized with the Yoast SEO plugin v27.5 - https:\/\/yoast.com\/product\/yoast-seo-wordpress\/ -->\n<title>Nasjonalt film - og fototreff 2022 i Bergen | Bekkalokket Fotoklubb<\/title>\n<meta name=\"description\" content=\"Nasjonalt film og fototreff 2022 i Bergen. Bekkalokket Fotoklubb har den store glede \u00e5 invitere til inspirerende og sosialt Nasjonalt film og fototreff i vakre, pulserende Bergen by mellom de syv fjell. Byen med vakker v\u00e5rblomstring, unik urban atmosf\u00e6re, yrende uteliv, de spennende smauene og fredet bygninger tett i tett som befinner seg p\u00e5 UNESCO`s liste over verdens kulturarv. Sett av helgen i Bergen 6. -8 mai og meld deg p\u00e5 arrangementet!\" \/>\n<meta name=\"robots\" content=\"index, follow, max-snippet:-1, max-image-preview:large, max-video-preview:-1\" \/>\n<link rel=\"canonical\" href=\"https:\/\/bekkalokket.no\/index.php\/2022\/02\/01\/nasjonalt-film-og-fototreff-2022-i-bergen\/\" \/>\n<meta property=\"og:locale\" content=\"nb_NO\" \/>\n<meta property=\"og:type\" content=\"article\" \/>\n<meta property=\"og:title\" content=\"Nasjonalt film - og fototreff 2022 i Bergen | Bekkalokket Fotoklubb\" \/>\n<meta property=\"og:description\" content=\"Nasjonalt film og fototreff 2022 i Bergen. Bekkalokket Fotoklubb har den store glede \u00e5 invitere til inspirerende og sosialt Nasjonalt film og fototreff i vakre, pulserende Bergen by mellom de syv fjell. Byen med vakker v\u00e5rblomstring, unik urban atmosf\u00e6re, yrende uteliv, de spennende smauene og fredet bygninger tett i tett som befinner seg p\u00e5 UNESCO`s liste over verdens kulturarv. Sett av helgen i Bergen 6. -8 mai og meld deg p\u00e5 arrangementet!\" \/>\n<meta property=\"og:url\" content=\"https:\/\/bekkalokket.no\/index.php\/2022\/02\/01\/nasjonalt-film-og-fototreff-2022-i-bergen\/\" \/>\n<meta property=\"og:site_name\" content=\"Bekkalokket Fotoklubb\" \/>\n<meta property=\"article:published_time\" content=\"2022-02-01T10:28:10+00:00\" \/>\n<meta property=\"article:modified_time\" content=\"2024-09-16T07:43:35+00:00\" \/>\n<meta property=\"og:image\" content=\"https:\/\/bekkalokket.no\/wp-content\/uploads\/2022\/02\/Bergen_bryggen_landstreff.jpg\" \/>\n\t<meta property=\"og:image:width\" content=\"1920\" \/>\n\t<meta property=\"og:image:height\" content=\"1276\" \/>\n\t<meta property=\"og:image:type\" content=\"image\/jpeg\" \/>\n<meta name=\"author\" content=\"Eva Virkesdal Eidsheim\" \/>\n<meta name=\"twitter:card\" content=\"summary_large_image\" \/>\n<meta name=\"twitter:label1\" content=\"Skrevet av\" \/>\n\t<meta name=\"twitter:data1\" content=\"Eva Virkesdal Eidsheim\" \/>\n\t<meta name=\"twitter:label2\" content=\"Ansl. lesetid\" \/>\n\t<meta name=\"twitter:data2\" content=\"5 minutter\" \/>\n<script type=\"application\/ld+json\" class=\"yoast-schema-graph\">{\"@context\":\"https:\\\/\\\/schema.org\",\"@graph\":[{\"@type\":\"Article\",\"@id\":\"https:\\\/\\\/bekkalokket.no\\\/index.php\\\/2022\\\/02\\\/01\\\/nasjonalt-film-og-fototreff-2022-i-bergen\\\/#article\",\"isPartOf\":{\"@id\":\"https:\\\/\\\/bekkalokket.no\\\/index.php\\\/2022\\\/02\\\/01\\\/nasjonalt-film-og-fototreff-2022-i-bergen\\\/\"},\"author\":{\"name\":\"Eva Virkesdal Eidsheim\",\"@id\":\"https:\\\/\\\/bekkalokket.no\\\/#\\\/schema\\\/person\\\/eab29f8485037f21104e65b7c6e05bfb\"},\"headline\":\"Nasjonalt film &#8211; og fototreff 2022 i Bergen\",\"datePublished\":\"2022-02-01T10:28:10+00:00\",\"dateModified\":\"2024-09-16T07:43:35+00:00\",\"mainEntityOfPage\":{\"@id\":\"https:\\\/\\\/bekkalokket.no\\\/index.php\\\/2022\\\/02\\\/01\\\/nasjonalt-film-og-fototreff-2022-i-bergen\\\/\"},\"wordCount\":575,\"image\":{\"@id\":\"https:\\\/\\\/bekkalokket.no\\\/index.php\\\/2022\\\/02\\\/01\\\/nasjonalt-film-og-fototreff-2022-i-bergen\\\/#primaryimage\"},\"thumbnailUrl\":\"https:\\\/\\\/bekkalokket.no\\\/wp-content\\\/uploads\\\/2022\\\/02\\\/Bergen_bryggen_landstreff.jpg\",\"articleSection\":[\"Sosialt\"],\"inLanguage\":\"nb-NO\"},{\"@type\":\"WebPage\",\"@id\":\"https:\\\/\\\/bekkalokket.no\\\/index.php\\\/2022\\\/02\\\/01\\\/nasjonalt-film-og-fototreff-2022-i-bergen\\\/\",\"url\":\"https:\\\/\\\/bekkalokket.no\\\/index.php\\\/2022\\\/02\\\/01\\\/nasjonalt-film-og-fototreff-2022-i-bergen\\\/\",\"name\":\"Nasjonalt film - og fototreff 2022 i Bergen | Bekkalokket Fotoklubb\",\"isPartOf\":{\"@id\":\"https:\\\/\\\/bekkalokket.no\\\/#website\"},\"primaryImageOfPage\":{\"@id\":\"https:\\\/\\\/bekkalokket.no\\\/index.php\\\/2022\\\/02\\\/01\\\/nasjonalt-film-og-fototreff-2022-i-bergen\\\/#primaryimage\"},\"image\":{\"@id\":\"https:\\\/\\\/bekkalokket.no\\\/index.php\\\/2022\\\/02\\\/01\\\/nasjonalt-film-og-fototreff-2022-i-bergen\\\/#primaryimage\"},\"thumbnailUrl\":\"https:\\\/\\\/bekkalokket.no\\\/wp-content\\\/uploads\\\/2022\\\/02\\\/Bergen_bryggen_landstreff.jpg\",\"datePublished\":\"2022-02-01T10:28:10+00:00\",\"dateModified\":\"2024-09-16T07:43:35+00:00\",\"author\":{\"@id\":\"https:\\\/\\\/bekkalokket.no\\\/#\\\/schema\\\/person\\\/eab29f8485037f21104e65b7c6e05bfb\"},\"description\":\"Nasjonalt film og fototreff 2022 i Bergen. Bekkalokket Fotoklubb har den store glede \u00e5 invitere til inspirerende og sosialt Nasjonalt film og fototreff i vakre, pulserende Bergen by mellom de syv fjell. Byen med vakker v\u00e5rblomstring, unik urban atmosf\u00e6re, yrende uteliv, de spennende smauene og fredet bygninger tett i tett som befinner seg p\u00e5 UNESCO`s liste over verdens kulturarv. Sett av helgen i Bergen 6. -8 mai og meld deg p\u00e5 arrangementet!\",\"breadcrumb\":{\"@id\":\"https:\\\/\\\/bekkalokket.no\\\/index.php\\\/2022\\\/02\\\/01\\\/nasjonalt-film-og-fototreff-2022-i-bergen\\\/#breadcrumb\"},\"inLanguage\":\"nb-NO\",\"potentialAction\":[{\"@type\":\"ReadAction\",\"target\":[\"https:\\\/\\\/bekkalokket.no\\\/index.php\\\/2022\\\/02\\\/01\\\/nasjonalt-film-og-fototreff-2022-i-bergen\\\/\"]}]},{\"@type\":\"ImageObject\",\"inLanguage\":\"nb-NO\",\"@id\":\"https:\\\/\\\/bekkalokket.no\\\/index.php\\\/2022\\\/02\\\/01\\\/nasjonalt-film-og-fototreff-2022-i-bergen\\\/#primaryimage\",\"url\":\"https:\\\/\\\/bekkalokket.no\\\/wp-content\\\/uploads\\\/2022\\\/02\\\/Bergen_bryggen_landstreff.jpg\",\"contentUrl\":\"https:\\\/\\\/bekkalokket.no\\\/wp-content\\\/uploads\\\/2022\\\/02\\\/Bergen_bryggen_landstreff.jpg\",\"width\":1920,\"height\":1276,\"caption\":\"Nasjonalt film og fototreff Bergen 2022\"},{\"@type\":\"BreadcrumbList\",\"@id\":\"https:\\\/\\\/bekkalokket.no\\\/index.php\\\/2022\\\/02\\\/01\\\/nasjonalt-film-og-fototreff-2022-i-bergen\\\/#breadcrumb\",\"itemListElement\":[{\"@type\":\"ListItem\",\"position\":1,\"name\":\"Home\",\"item\":\"https:\\\/\\\/bekkalokket.no\\\/\"},{\"@type\":\"ListItem\",\"position\":2,\"name\":\"Nasjonalt film &#8211; og fototreff 2022 i Bergen\"}]},{\"@type\":\"WebSite\",\"@id\":\"https:\\\/\\\/bekkalokket.no\\\/#website\",\"url\":\"https:\\\/\\\/bekkalokket.no\\\/\",\"name\":\"Bekkalokket Fotoklubb\",\"description\":\"En sosial og aktiv fotoklubb i Bergen\",\"potentialAction\":[{\"@type\":\"SearchAction\",\"target\":{\"@type\":\"EntryPoint\",\"urlTemplate\":\"https:\\\/\\\/bekkalokket.no\\\/?s={search_term_string}\"},\"query-input\":{\"@type\":\"PropertyValueSpecification\",\"valueRequired\":true,\"valueName\":\"search_term_string\"}}],\"inLanguage\":\"nb-NO\"},{\"@type\":\"Person\",\"@id\":\"https:\\\/\\\/bekkalokket.no\\\/#\\\/schema\\\/person\\\/eab29f8485037f21104e65b7c6e05bfb\",\"name\":\"Eva Virkesdal Eidsheim\",\"image\":{\"@type\":\"ImageObject\",\"inLanguage\":\"nb-NO\",\"@id\":\"https:\\\/\\\/secure.gravatar.com\\\/avatar\\\/b35f512bad71a5a18ddbb016bb0b5d19d05c8cee10dc13a2ac0ee35051f7f64a?s=96&d=mm&r=g\",\"url\":\"https:\\\/\\\/secure.gravatar.com\\\/avatar\\\/b35f512bad71a5a18ddbb016bb0b5d19d05c8cee10dc13a2ac0ee35051f7f64a?s=96&d=mm&r=g\",\"contentUrl\":\"https:\\\/\\\/secure.gravatar.com\\\/avatar\\\/b35f512bad71a5a18ddbb016bb0b5d19d05c8cee10dc13a2ac0ee35051f7f64a?s=96&d=mm&r=g\",\"caption\":\"Eva Virkesdal Eidsheim\"},\"url\":\"https:\\\/\\\/bekkalokket.no\\\/index.php\\\/author\\\/evavs\\\/\"}]}<\/script>\n<!-- \/ Yoast SEO plugin. -->","yoast_head_json":{"title":"Nasjonalt film - og fototreff 2022 i Bergen | Bekkalokket Fotoklubb","description":"Nasjonalt film og fototreff 2022 i Bergen. Bekkalokket Fotoklubb har den store glede \u00e5 invitere til inspirerende og sosialt Nasjonalt film og fototreff i vakre, pulserende Bergen by mellom de syv fjell. Byen med vakker v\u00e5rblomstring, unik urban atmosf\u00e6re, yrende uteliv, de spennende smauene og fredet bygninger tett i tett som befinner seg p\u00e5 UNESCO`s liste over verdens kulturarv. Sett av helgen i Bergen 6. -8 mai og meld deg p\u00e5 arrangementet!","robots":{"index":"index","follow":"follow","max-snippet":"max-snippet:-1","max-image-preview":"max-image-preview:large","max-video-preview":"max-video-preview:-1"},"canonical":"https:\/\/bekkalokket.no\/index.php\/2022\/02\/01\/nasjonalt-film-og-fototreff-2022-i-bergen\/","og_locale":"nb_NO","og_type":"article","og_title":"Nasjonalt film - og fototreff 2022 i Bergen | Bekkalokket Fotoklubb","og_description":"Nasjonalt film og fototreff 2022 i Bergen. Bekkalokket Fotoklubb har den store glede \u00e5 invitere til inspirerende og sosialt Nasjonalt film og fototreff i vakre, pulserende Bergen by mellom de syv fjell. Byen med vakker v\u00e5rblomstring, unik urban atmosf\u00e6re, yrende uteliv, de spennende smauene og fredet bygninger tett i tett som befinner seg p\u00e5 UNESCO`s liste over verdens kulturarv. Sett av helgen i Bergen 6. -8 mai og meld deg p\u00e5 arrangementet!","og_url":"https:\/\/bekkalokket.no\/index.php\/2022\/02\/01\/nasjonalt-film-og-fototreff-2022-i-bergen\/","og_site_name":"Bekkalokket Fotoklubb","article_published_time":"2022-02-01T10:28:10+00:00","article_modified_time":"2024-09-16T07:43:35+00:00","og_image":[{"width":1920,"height":1276,"url":"https:\/\/bekkalokket.no\/wp-content\/uploads\/2022\/02\/Bergen_bryggen_landstreff.jpg","type":"image\/jpeg"}],"author":"Eva Virkesdal Eidsheim","twitter_card":"summary_large_image","twitter_misc":{"Skrevet av":"Eva Virkesdal Eidsheim","Ansl. lesetid":"5 minutter"},"schema":{"@context":"https:\/\/schema.org","@graph":[{"@type":"Article","@id":"https:\/\/bekkalokket.no\/index.php\/2022\/02\/01\/nasjonalt-film-og-fototreff-2022-i-bergen\/#article","isPartOf":{"@id":"https:\/\/bekkalokket.no\/index.php\/2022\/02\/01\/nasjonalt-film-og-fototreff-2022-i-bergen\/"},"author":{"name":"Eva Virkesdal Eidsheim","@id":"https:\/\/bekkalokket.no\/#\/schema\/person\/eab29f8485037f21104e65b7c6e05bfb"},"headline":"Nasjonalt film &#8211; og fototreff 2022 i Bergen","datePublished":"2022-02-01T10:28:10+00:00","dateModified":"2024-09-16T07:43:35+00:00","mainEntityOfPage":{"@id":"https:\/\/bekkalokket.no\/index.php\/2022\/02\/01\/nasjonalt-film-og-fototreff-2022-i-bergen\/"},"wordCount":575,"image":{"@id":"https:\/\/bekkalokket.no\/index.php\/2022\/02\/01\/nasjonalt-film-og-fototreff-2022-i-bergen\/#primaryimage"},"thumbnailUrl":"https:\/\/bekkalokket.no\/wp-content\/uploads\/2022\/02\/Bergen_bryggen_landstreff.jpg","articleSection":["Sosialt"],"inLanguage":"nb-NO"},{"@type":"WebPage","@id":"https:\/\/bekkalokket.no\/index.php\/2022\/02\/01\/nasjonalt-film-og-fototreff-2022-i-bergen\/","url":"https:\/\/bekkalokket.no\/index.php\/2022\/02\/01\/nasjonalt-film-og-fototreff-2022-i-bergen\/","name":"Nasjonalt film - og fototreff 2022 i Bergen | Bekkalokket Fotoklubb","isPartOf":{"@id":"https:\/\/bekkalokket.no\/#website"},"primaryImageOfPage":{"@id":"https:\/\/bekkalokket.no\/index.php\/2022\/02\/01\/nasjonalt-film-og-fototreff-2022-i-bergen\/#primaryimage"},"image":{"@id":"https:\/\/bekkalokket.no\/index.php\/2022\/02\/01\/nasjonalt-film-og-fototreff-2022-i-bergen\/#primaryimage"},"thumbnailUrl":"https:\/\/bekkalokket.no\/wp-content\/uploads\/2022\/02\/Bergen_bryggen_landstreff.jpg","datePublished":"2022-02-01T10:28:10+00:00","dateModified":"2024-09-16T07:43:35+00:00","author":{"@id":"https:\/\/bekkalokket.no\/#\/schema\/person\/eab29f8485037f21104e65b7c6e05bfb"},"description":"Nasjonalt film og fototreff 2022 i Bergen. Bekkalokket Fotoklubb har den store glede \u00e5 invitere til inspirerende og sosialt Nasjonalt film og fototreff i vakre, pulserende Bergen by mellom de syv fjell. Byen med vakker v\u00e5rblomstring, unik urban atmosf\u00e6re, yrende uteliv, de spennende smauene og fredet bygninger tett i tett som befinner seg p\u00e5 UNESCO`s liste over verdens kulturarv. Sett av helgen i Bergen 6. -8 mai og meld deg p\u00e5 arrangementet!","breadcrumb":{"@id":"https:\/\/bekkalokket.no\/index.php\/2022\/02\/01\/nasjonalt-film-og-fototreff-2022-i-bergen\/#breadcrumb"},"inLanguage":"nb-NO","potentialAction":[{"@type":"ReadAction","target":["https:\/\/bekkalokket.no\/index.php\/2022\/02\/01\/nasjonalt-film-og-fototreff-2022-i-bergen\/"]}]},{"@type":"ImageObject","inLanguage":"nb-NO","@id":"https:\/\/bekkalokket.no\/index.php\/2022\/02\/01\/nasjonalt-film-og-fototreff-2022-i-bergen\/#primaryimage","url":"https:\/\/bekkalokket.no\/wp-content\/uploads\/2022\/02\/Bergen_bryggen_landstreff.jpg","contentUrl":"https:\/\/bekkalokket.no\/wp-content\/uploads\/2022\/02\/Bergen_bryggen_landstreff.jpg","width":1920,"height":1276,"caption":"Nasjonalt film og fototreff Bergen 2022"},{"@type":"BreadcrumbList","@id":"https:\/\/bekkalokket.no\/index.php\/2022\/02\/01\/nasjonalt-film-og-fototreff-2022-i-bergen\/#breadcrumb","itemListElement":[{"@type":"ListItem","position":1,"name":"Home","item":"https:\/\/bekkalokket.no\/"},{"@type":"ListItem","position":2,"name":"Nasjonalt film &#8211; og fototreff 2022 i Bergen"}]},{"@type":"WebSite","@id":"https:\/\/bekkalokket.no\/#website","url":"https:\/\/bekkalokket.no\/","name":"Bekkalokket Fotoklubb","description":"En sosial og aktiv fotoklubb i Bergen","potentialAction":[{"@type":"SearchAction","target":{"@type":"EntryPoint","urlTemplate":"https:\/\/bekkalokket.no\/?s={search_term_string}"},"query-input":{"@type":"PropertyValueSpecification","valueRequired":true,"valueName":"search_term_string"}}],"inLanguage":"nb-NO"},{"@type":"Person","@id":"https:\/\/bekkalokket.no\/#\/schema\/person\/eab29f8485037f21104e65b7c6e05bfb","name":"Eva Virkesdal Eidsheim","image":{"@type":"ImageObject","inLanguage":"nb-NO","@id":"https:\/\/secure.gravatar.com\/avatar\/b35f512bad71a5a18ddbb016bb0b5d19d05c8cee10dc13a2ac0ee35051f7f64a?s=96&d=mm&r=g","url":"https:\/\/secure.gravatar.com\/avatar\/b35f512bad71a5a18ddbb016bb0b5d19d05c8cee10dc13a2ac0ee35051f7f64a?s=96&d=mm&r=g","contentUrl":"https:\/\/secure.gravatar.com\/avatar\/b35f512bad71a5a18ddbb016bb0b5d19d05c8cee10dc13a2ac0ee35051f7f64a?s=96&d=mm&r=g","caption":"Eva Virkesdal Eidsheim"},"url":"https:\/\/bekkalokket.no\/index.php\/author\/evavs\/"}]}},"_links":{"self":[{"href":"https:\/\/bekkalokket.no\/index.php\/wp-json\/wp\/v2\/posts\/4373","targetHints":{"allow":["GET"]}}],"collection":[{"href":"https:\/\/bekkalokket.no\/index.php\/wp-json\/wp\/v2\/posts"}],"about":[{"href":"https:\/\/bekkalokket.no\/index.php\/wp-json\/wp\/v2\/types\/post"}],"author":[{"embeddable":true,"href":"https:\/\/bekkalokket.no\/index.php\/wp-json\/wp\/v2\/users\/8"}],"replies":[{"embeddable":true,"href":"https:\/\/bekkalokket.no\/index.php\/wp-json\/wp\/v2\/comments?post=4373"}],"version-history":[{"count":94,"href":"https:\/\/bekkalokket.no\/index.php\/wp-json\/wp\/v2\/posts\/4373\/revisions"}],"predecessor-version":[{"id":9356,"href":"https:\/\/bekkalokket.no\/index.php\/wp-json\/wp\/v2\/posts\/4373\/revisions\/9356"}],"wp:featuredmedia":[{"embeddable":true,"href":"https:\/\/bekkalokket.no\/index.php\/wp-json\/wp\/v2\/media\/4375"}],"wp:attachment":[{"href":"https:\/\/bekkalokket.no\/index.php\/wp-json\/wp\/v2\/media?parent=4373"}],"wp:term":[{"taxonomy":"category","embeddable":true,"href":"https:\/\/bekkalokket.no\/index.php\/wp-json\/wp\/v2\/categories?post=4373"},{"taxonomy":"post_tag","embeddable":true,"href":"https:\/\/bekkalokket.no\/index.php\/wp-json\/wp\/v2\/tags?post=4373"}],"curies":[{"name":"wp","href":"https:\/\/api.w.org\/{rel}","templated":true}]}}