{"id":4833,"date":"2022-03-25T00:50:57","date_gmt":"2022-03-24T22:50:57","guid":{"rendered":"https:\/\/bekkalokket.no\/?p=4833"},"modified":"2024-08-19T13:00:49","modified_gmt":"2024-08-19T11:00:49","slug":"jubileumsutstilling","status":"publish","type":"post","link":"https:\/\/bekkalokket.no\/index.php\/2022\/03\/25\/jubileumsutstilling\/","title":{"rendered":"Jubileumsutstilling 2022!"},"content":{"rendered":"\n<p><\/p>\n\n\n\n<p><\/p>\n\n\n\n<h4 class=\"wp-block-heading\">I anledning 45 \u00e5rs jubileumet til Bekkalokket Fotoklubb i \u00e5r skal vi ha ein utand\u00f8rs utstilling i Bergen sentrum.<\/h4>\n\n\n\n<figure class=\"wp-block-image size-large\"><img loading=\"lazy\" decoding=\"async\" width=\"1024\" height=\"662\" src=\"https:\/\/bekkalokket.no\/wp-content\/uploads\/2022\/03\/P5180047-1024x662.jpg\" alt=\"\" class=\"wp-image-4852\" srcset=\"https:\/\/bekkalokket.no\/wp-content\/uploads\/2022\/03\/P5180047-1024x662.jpg 1024w, https:\/\/bekkalokket.no\/wp-content\/uploads\/2022\/03\/P5180047-300x194.jpg 300w, https:\/\/bekkalokket.no\/wp-content\/uploads\/2022\/03\/P5180047-768x496.jpg 768w, https:\/\/bekkalokket.no\/wp-content\/uploads\/2022\/03\/P5180047-1536x993.jpg 1536w, https:\/\/bekkalokket.no\/wp-content\/uploads\/2022\/03\/P5180047-2048x1324.jpg 2048w\" sizes=\"auto, (max-width: 1024px) 100vw, 1024px\" \/><\/figure>\n\n\n\n<h5 class=\"wp-block-heading\">UTSTILLINGSDATOEN BLIR 19. APRIL TIL 14. MAI &#8211; P\u00c5 T\u00c5RNPLASS!<\/h5>\n\n\n\n<h4 class=\"wp-block-heading\">Det vert formell opning&nbsp;21.april kl. 19.00.&nbsp;<\/h4>\n\n\n\n<p>Vi h\u00e5par p\u00e5 stort oppm\u00f8te!&nbsp;<\/p>\n\n\n\n<p>Oppfordrer klubbmedlemmer \u00e5 invitere med familie og vener!<\/p>\n\n\n\n<p class=\"has-small-font-size\"><\/p>\n\n\n\n<p>Helsing Utstillingskomiteen<\/p>\n\n\n\n<p><\/p>\n\n\n\n<p><\/p>\n\n\n\n<h4 class=\"wp-block-heading\"><strong>Jubileumsutstillingen er n\u00e5 flyttet fra T\u00e5rnplass til Lagunen Storsenter i Bergen (15.05.2022), og vil st\u00e5 der frem til 21.06.2022<\/strong><\/h4>\n\n\n\n<div class=\"wp-block-columns is-layout-flex wp-container-core-columns-is-layout-9d6595d7 wp-block-columns-is-layout-flex\">\n<div class=\"wp-block-column is-layout-flow wp-block-column-is-layout-flow\">\n<figure class=\"wp-block-image size-large\"><img loading=\"lazy\" decoding=\"async\" width=\"1024\" height=\"678\" src=\"https:\/\/bekkalokket.no\/wp-content\/uploads\/2022\/05\/Jubileumsutstilling_BekkalokketFotoklubb_II-1024x678.jpg\" alt=\"\" class=\"wp-image-4988\" srcset=\"https:\/\/bekkalokket.no\/wp-content\/uploads\/2022\/05\/Jubileumsutstilling_BekkalokketFotoklubb_II-1024x678.jpg 1024w, https:\/\/bekkalokket.no\/wp-content\/uploads\/2022\/05\/Jubileumsutstilling_BekkalokketFotoklubb_II-300x199.jpg 300w, https:\/\/bekkalokket.no\/wp-content\/uploads\/2022\/05\/Jubileumsutstilling_BekkalokketFotoklubb_II-768x509.jpg 768w, https:\/\/bekkalokket.no\/wp-content\/uploads\/2022\/05\/Jubileumsutstilling_BekkalokketFotoklubb_II-1536x1018.jpg 1536w, https:\/\/bekkalokket.no\/wp-content\/uploads\/2022\/05\/Jubileumsutstilling_BekkalokketFotoklubb_II-2048x1357.jpg 2048w\" sizes=\"auto, (max-width: 1024px) 100vw, 1024px\" \/><\/figure>\n<\/div>\n\n\n\n<div class=\"wp-block-column is-layout-flow wp-block-column-is-layout-flow\">\n<figure class=\"wp-block-image size-large\"><img loading=\"lazy\" decoding=\"async\" width=\"1024\" height=\"821\" src=\"https:\/\/bekkalokket.no\/wp-content\/uploads\/2022\/05\/Jubileumsutstilling_BekkalokketFotoklubb_III-1024x821.jpg\" alt=\"\" class=\"wp-image-4987\" srcset=\"https:\/\/bekkalokket.no\/wp-content\/uploads\/2022\/05\/Jubileumsutstilling_BekkalokketFotoklubb_III-1024x821.jpg 1024w, https:\/\/bekkalokket.no\/wp-content\/uploads\/2022\/05\/Jubileumsutstilling_BekkalokketFotoklubb_III-300x241.jpg 300w, https:\/\/bekkalokket.no\/wp-content\/uploads\/2022\/05\/Jubileumsutstilling_BekkalokketFotoklubb_III-768x616.jpg 768w, https:\/\/bekkalokket.no\/wp-content\/uploads\/2022\/05\/Jubileumsutstilling_BekkalokketFotoklubb_III-1536x1232.jpg 1536w, https:\/\/bekkalokket.no\/wp-content\/uploads\/2022\/05\/Jubileumsutstilling_BekkalokketFotoklubb_III-2048x1643.jpg 2048w\" sizes=\"auto, (max-width: 1024px) 100vw, 1024px\" \/><\/figure>\n<\/div>\n\n\n\n<div class=\"wp-block-column is-layout-flow wp-block-column-is-layout-flow\">\n<figure class=\"wp-block-image size-large\"><img loading=\"lazy\" decoding=\"async\" width=\"1024\" height=\"648\" src=\"https:\/\/bekkalokket.no\/wp-content\/uploads\/2022\/05\/Jubileumsutstilling_BekkalokketFotoklubb_I-1024x648.jpg\" alt=\"\" class=\"wp-image-4989\" srcset=\"https:\/\/bekkalokket.no\/wp-content\/uploads\/2022\/05\/Jubileumsutstilling_BekkalokketFotoklubb_I-1024x648.jpg 1024w, https:\/\/bekkalokket.no\/wp-content\/uploads\/2022\/05\/Jubileumsutstilling_BekkalokketFotoklubb_I-300x190.jpg 300w, https:\/\/bekkalokket.no\/wp-content\/uploads\/2022\/05\/Jubileumsutstilling_BekkalokketFotoklubb_I-768x486.jpg 768w, https:\/\/bekkalokket.no\/wp-content\/uploads\/2022\/05\/Jubileumsutstilling_BekkalokketFotoklubb_I-1536x972.jpg 1536w, https:\/\/bekkalokket.no\/wp-content\/uploads\/2022\/05\/Jubileumsutstilling_BekkalokketFotoklubb_I-2048x1296.jpg 2048w\" sizes=\"auto, (max-width: 1024px) 100vw, 1024px\" \/><\/figure>\n<\/div>\n<\/div>\n\n\n\n<p><\/p>\n","protected":false},"excerpt":{"rendered":"<p>I anledning 45 \u00e5rs jubileumet til Bekkalokket Fotoklubb i \u00e5r skal vi ha ein utand\u00f8rs utstilling i Bergen sentrum. UTSTILLINGSDATOEN BLIR 19. APRIL TIL 14. MAI &#8211; P\u00c5 T\u00c5RNPLASS! Det vert formell opning&nbsp;21.april kl.&#46;&#46;&#46;<\/p>\n","protected":false},"author":8,"featured_media":4914,"comment_status":"closed","ping_status":"open","sticky":false,"template":"","format":"standard","meta":{"footnotes":""},"categories":[4,11,129],"tags":[],"class_list":["post-4833","post","type-post","status-publish","format-standard","has-post-thumbnail","hentry","category-klubbmote","category-utstilling","category-utstillinger-og-prosjekter"],"yoast_head":"<!-- This site is optimized with the Yoast SEO plugin v27.5 - https:\/\/yoast.com\/product\/yoast-seo-wordpress\/ -->\n<title>Jubileumsutstilling 2022! | Bekkalokket Fotoklubb<\/title>\n<meta name=\"description\" content=\"Utend\u00f8rs fotoutstilling. Feiring av 45 \u00e5rs jubileumet til Bekkalokket Fotoklubb med \u00e5pning av utstillingen 21.april kl. 19.00. Kom \u00e5 bli!\" \/>\n<meta name=\"robots\" content=\"index, follow, max-snippet:-1, max-image-preview:large, max-video-preview:-1\" \/>\n<link rel=\"canonical\" href=\"https:\/\/bekkalokket.no\/index.php\/2022\/03\/25\/jubileumsutstilling\/\" \/>\n<meta property=\"og:locale\" content=\"nb_NO\" \/>\n<meta property=\"og:type\" content=\"article\" \/>\n<meta property=\"og:title\" content=\"Jubileumsutstilling 2022! | Bekkalokket Fotoklubb\" \/>\n<meta property=\"og:description\" content=\"Utend\u00f8rs fotoutstilling. Feiring av 45 \u00e5rs jubileumet til Bekkalokket Fotoklubb med \u00e5pning av utstillingen 21.april kl. 19.00. Kom \u00e5 bli!\" \/>\n<meta property=\"og:url\" content=\"https:\/\/bekkalokket.no\/index.php\/2022\/03\/25\/jubileumsutstilling\/\" \/>\n<meta property=\"og:site_name\" content=\"Bekkalokket Fotoklubb\" \/>\n<meta property=\"article:published_time\" content=\"2022-03-24T22:50:57+00:00\" \/>\n<meta property=\"article:modified_time\" content=\"2024-08-19T11:00:49+00:00\" \/>\n<meta property=\"og:image\" content=\"https:\/\/bekkalokket.no\/wp-content\/uploads\/2022\/04\/IMG_8011.jpeg\" \/>\n\t<meta property=\"og:image:width\" content=\"1\" \/>\n\t<meta property=\"og:image:height\" content=\"1\" \/>\n\t<meta property=\"og:image:type\" content=\"image\/jpeg\" \/>\n<meta name=\"author\" content=\"Eva Virkesdal Eidsheim\" \/>\n<meta name=\"twitter:card\" content=\"summary_large_image\" \/>\n<meta name=\"twitter:label1\" content=\"Skrevet av\" \/>\n\t<meta name=\"twitter:data1\" content=\"Eva Virkesdal Eidsheim\" \/>\n\t<meta name=\"twitter:label2\" content=\"Ansl. lesetid\" \/>\n\t<meta name=\"twitter:data2\" content=\"2 minutter\" \/>\n<script type=\"application\/ld+json\" class=\"yoast-schema-graph\">{\"@context\":\"https:\\\/\\\/schema.org\",\"@graph\":[{\"@type\":\"Article\",\"@id\":\"https:\\\/\\\/bekkalokket.no\\\/index.php\\\/2022\\\/03\\\/25\\\/jubileumsutstilling\\\/#article\",\"isPartOf\":{\"@id\":\"https:\\\/\\\/bekkalokket.no\\\/index.php\\\/2022\\\/03\\\/25\\\/jubileumsutstilling\\\/\"},\"author\":{\"name\":\"Eva Virkesdal Eidsheim\",\"@id\":\"https:\\\/\\\/bekkalokket.no\\\/#\\\/schema\\\/person\\\/eab29f8485037f21104e65b7c6e05bfb\"},\"headline\":\"Jubileumsutstilling 2022!\",\"datePublished\":\"2022-03-24T22:50:57+00:00\",\"dateModified\":\"2024-08-19T11:00:49+00:00\",\"mainEntityOfPage\":{\"@id\":\"https:\\\/\\\/bekkalokket.no\\\/index.php\\\/2022\\\/03\\\/25\\\/jubileumsutstilling\\\/\"},\"wordCount\":72,\"image\":{\"@id\":\"https:\\\/\\\/bekkalokket.no\\\/index.php\\\/2022\\\/03\\\/25\\\/jubileumsutstilling\\\/#primaryimage\"},\"thumbnailUrl\":\"https:\\\/\\\/bekkalokket.no\\\/wp-content\\\/uploads\\\/2022\\\/04\\\/IMG_8011.jpeg\",\"articleSection\":[\"Klubbm\u00f8te\",\"Utstilling\",\"Utstillinger og Prosjekter\"],\"inLanguage\":\"nb-NO\"},{\"@type\":\"WebPage\",\"@id\":\"https:\\\/\\\/bekkalokket.no\\\/index.php\\\/2022\\\/03\\\/25\\\/jubileumsutstilling\\\/\",\"url\":\"https:\\\/\\\/bekkalokket.no\\\/index.php\\\/2022\\\/03\\\/25\\\/jubileumsutstilling\\\/\",\"name\":\"Jubileumsutstilling 2022! | Bekkalokket Fotoklubb\",\"isPartOf\":{\"@id\":\"https:\\\/\\\/bekkalokket.no\\\/#website\"},\"primaryImageOfPage\":{\"@id\":\"https:\\\/\\\/bekkalokket.no\\\/index.php\\\/2022\\\/03\\\/25\\\/jubileumsutstilling\\\/#primaryimage\"},\"image\":{\"@id\":\"https:\\\/\\\/bekkalokket.no\\\/index.php\\\/2022\\\/03\\\/25\\\/jubileumsutstilling\\\/#primaryimage\"},\"thumbnailUrl\":\"https:\\\/\\\/bekkalokket.no\\\/wp-content\\\/uploads\\\/2022\\\/04\\\/IMG_8011.jpeg\",\"datePublished\":\"2022-03-24T22:50:57+00:00\",\"dateModified\":\"2024-08-19T11:00:49+00:00\",\"author\":{\"@id\":\"https:\\\/\\\/bekkalokket.no\\\/#\\\/schema\\\/person\\\/eab29f8485037f21104e65b7c6e05bfb\"},\"description\":\"Utend\u00f8rs fotoutstilling. Feiring av 45 \u00e5rs jubileumet til Bekkalokket Fotoklubb med \u00e5pning av utstillingen 21.april kl. 19.00. Kom \u00e5 bli!\",\"breadcrumb\":{\"@id\":\"https:\\\/\\\/bekkalokket.no\\\/index.php\\\/2022\\\/03\\\/25\\\/jubileumsutstilling\\\/#breadcrumb\"},\"inLanguage\":\"nb-NO\",\"potentialAction\":[{\"@type\":\"ReadAction\",\"target\":[\"https:\\\/\\\/bekkalokket.no\\\/index.php\\\/2022\\\/03\\\/25\\\/jubileumsutstilling\\\/\"]}]},{\"@type\":\"ImageObject\",\"inLanguage\":\"nb-NO\",\"@id\":\"https:\\\/\\\/bekkalokket.no\\\/index.php\\\/2022\\\/03\\\/25\\\/jubileumsutstilling\\\/#primaryimage\",\"url\":\"https:\\\/\\\/bekkalokket.no\\\/wp-content\\\/uploads\\\/2022\\\/04\\\/IMG_8011.jpeg\",\"contentUrl\":\"https:\\\/\\\/bekkalokket.no\\\/wp-content\\\/uploads\\\/2022\\\/04\\\/IMG_8011.jpeg\",\"caption\":\"Bekkalokket Fotoklubb - Jubileumsutstilling 2022\"},{\"@type\":\"BreadcrumbList\",\"@id\":\"https:\\\/\\\/bekkalokket.no\\\/index.php\\\/2022\\\/03\\\/25\\\/jubileumsutstilling\\\/#breadcrumb\",\"itemListElement\":[{\"@type\":\"ListItem\",\"position\":1,\"name\":\"Home\",\"item\":\"https:\\\/\\\/bekkalokket.no\\\/\"},{\"@type\":\"ListItem\",\"position\":2,\"name\":\"Jubileumsutstilling 2022!\"}]},{\"@type\":\"WebSite\",\"@id\":\"https:\\\/\\\/bekkalokket.no\\\/#website\",\"url\":\"https:\\\/\\\/bekkalokket.no\\\/\",\"name\":\"Bekkalokket Fotoklubb\",\"description\":\"En sosial og aktiv fotoklubb i Bergen\",\"potentialAction\":[{\"@type\":\"SearchAction\",\"target\":{\"@type\":\"EntryPoint\",\"urlTemplate\":\"https:\\\/\\\/bekkalokket.no\\\/?s={search_term_string}\"},\"query-input\":{\"@type\":\"PropertyValueSpecification\",\"valueRequired\":true,\"valueName\":\"search_term_string\"}}],\"inLanguage\":\"nb-NO\"},{\"@type\":\"Person\",\"@id\":\"https:\\\/\\\/bekkalokket.no\\\/#\\\/schema\\\/person\\\/eab29f8485037f21104e65b7c6e05bfb\",\"name\":\"Eva Virkesdal Eidsheim\",\"image\":{\"@type\":\"ImageObject\",\"inLanguage\":\"nb-NO\",\"@id\":\"https:\\\/\\\/secure.gravatar.com\\\/avatar\\\/b35f512bad71a5a18ddbb016bb0b5d19d05c8cee10dc13a2ac0ee35051f7f64a?s=96&d=mm&r=g\",\"url\":\"https:\\\/\\\/secure.gravatar.com\\\/avatar\\\/b35f512bad71a5a18ddbb016bb0b5d19d05c8cee10dc13a2ac0ee35051f7f64a?s=96&d=mm&r=g\",\"contentUrl\":\"https:\\\/\\\/secure.gravatar.com\\\/avatar\\\/b35f512bad71a5a18ddbb016bb0b5d19d05c8cee10dc13a2ac0ee35051f7f64a?s=96&d=mm&r=g\",\"caption\":\"Eva Virkesdal Eidsheim\"},\"url\":\"https:\\\/\\\/bekkalokket.no\\\/index.php\\\/author\\\/evavs\\\/\"}]}<\/script>\n<!-- \/ Yoast SEO plugin. -->","yoast_head_json":{"title":"Jubileumsutstilling 2022! | Bekkalokket Fotoklubb","description":"Utend\u00f8rs fotoutstilling. Feiring av 45 \u00e5rs jubileumet til Bekkalokket Fotoklubb med \u00e5pning av utstillingen 21.april kl. 19.00. Kom \u00e5 bli!","robots":{"index":"index","follow":"follow","max-snippet":"max-snippet:-1","max-image-preview":"max-image-preview:large","max-video-preview":"max-video-preview:-1"},"canonical":"https:\/\/bekkalokket.no\/index.php\/2022\/03\/25\/jubileumsutstilling\/","og_locale":"nb_NO","og_type":"article","og_title":"Jubileumsutstilling 2022! | Bekkalokket Fotoklubb","og_description":"Utend\u00f8rs fotoutstilling. Feiring av 45 \u00e5rs jubileumet til Bekkalokket Fotoklubb med \u00e5pning av utstillingen 21.april kl. 19.00. Kom \u00e5 bli!","og_url":"https:\/\/bekkalokket.no\/index.php\/2022\/03\/25\/jubileumsutstilling\/","og_site_name":"Bekkalokket Fotoklubb","article_published_time":"2022-03-24T22:50:57+00:00","article_modified_time":"2024-08-19T11:00:49+00:00","og_image":[{"url":"https:\/\/bekkalokket.no\/wp-content\/uploads\/2022\/04\/IMG_8011.jpeg","width":1,"height":1,"type":"image\/jpeg"}],"author":"Eva Virkesdal Eidsheim","twitter_card":"summary_large_image","twitter_misc":{"Skrevet av":"Eva Virkesdal Eidsheim","Ansl. lesetid":"2 minutter"},"schema":{"@context":"https:\/\/schema.org","@graph":[{"@type":"Article","@id":"https:\/\/bekkalokket.no\/index.php\/2022\/03\/25\/jubileumsutstilling\/#article","isPartOf":{"@id":"https:\/\/bekkalokket.no\/index.php\/2022\/03\/25\/jubileumsutstilling\/"},"author":{"name":"Eva Virkesdal Eidsheim","@id":"https:\/\/bekkalokket.no\/#\/schema\/person\/eab29f8485037f21104e65b7c6e05bfb"},"headline":"Jubileumsutstilling 2022!","datePublished":"2022-03-24T22:50:57+00:00","dateModified":"2024-08-19T11:00:49+00:00","mainEntityOfPage":{"@id":"https:\/\/bekkalokket.no\/index.php\/2022\/03\/25\/jubileumsutstilling\/"},"wordCount":72,"image":{"@id":"https:\/\/bekkalokket.no\/index.php\/2022\/03\/25\/jubileumsutstilling\/#primaryimage"},"thumbnailUrl":"https:\/\/bekkalokket.no\/wp-content\/uploads\/2022\/04\/IMG_8011.jpeg","articleSection":["Klubbm\u00f8te","Utstilling","Utstillinger og Prosjekter"],"inLanguage":"nb-NO"},{"@type":"WebPage","@id":"https:\/\/bekkalokket.no\/index.php\/2022\/03\/25\/jubileumsutstilling\/","url":"https:\/\/bekkalokket.no\/index.php\/2022\/03\/25\/jubileumsutstilling\/","name":"Jubileumsutstilling 2022! | Bekkalokket Fotoklubb","isPartOf":{"@id":"https:\/\/bekkalokket.no\/#website"},"primaryImageOfPage":{"@id":"https:\/\/bekkalokket.no\/index.php\/2022\/03\/25\/jubileumsutstilling\/#primaryimage"},"image":{"@id":"https:\/\/bekkalokket.no\/index.php\/2022\/03\/25\/jubileumsutstilling\/#primaryimage"},"thumbnailUrl":"https:\/\/bekkalokket.no\/wp-content\/uploads\/2022\/04\/IMG_8011.jpeg","datePublished":"2022-03-24T22:50:57+00:00","dateModified":"2024-08-19T11:00:49+00:00","author":{"@id":"https:\/\/bekkalokket.no\/#\/schema\/person\/eab29f8485037f21104e65b7c6e05bfb"},"description":"Utend\u00f8rs fotoutstilling. Feiring av 45 \u00e5rs jubileumet til Bekkalokket Fotoklubb med \u00e5pning av utstillingen 21.april kl. 19.00. Kom \u00e5 bli!","breadcrumb":{"@id":"https:\/\/bekkalokket.no\/index.php\/2022\/03\/25\/jubileumsutstilling\/#breadcrumb"},"inLanguage":"nb-NO","potentialAction":[{"@type":"ReadAction","target":["https:\/\/bekkalokket.no\/index.php\/2022\/03\/25\/jubileumsutstilling\/"]}]},{"@type":"ImageObject","inLanguage":"nb-NO","@id":"https:\/\/bekkalokket.no\/index.php\/2022\/03\/25\/jubileumsutstilling\/#primaryimage","url":"https:\/\/bekkalokket.no\/wp-content\/uploads\/2022\/04\/IMG_8011.jpeg","contentUrl":"https:\/\/bekkalokket.no\/wp-content\/uploads\/2022\/04\/IMG_8011.jpeg","caption":"Bekkalokket Fotoklubb - Jubileumsutstilling 2022"},{"@type":"BreadcrumbList","@id":"https:\/\/bekkalokket.no\/index.php\/2022\/03\/25\/jubileumsutstilling\/#breadcrumb","itemListElement":[{"@type":"ListItem","position":1,"name":"Home","item":"https:\/\/bekkalokket.no\/"},{"@type":"ListItem","position":2,"name":"Jubileumsutstilling 2022!"}]},{"@type":"WebSite","@id":"https:\/\/bekkalokket.no\/#website","url":"https:\/\/bekkalokket.no\/","name":"Bekkalokket Fotoklubb","description":"En sosial og aktiv fotoklubb i Bergen","potentialAction":[{"@type":"SearchAction","target":{"@type":"EntryPoint","urlTemplate":"https:\/\/bekkalokket.no\/?s={search_term_string}"},"query-input":{"@type":"PropertyValueSpecification","valueRequired":true,"valueName":"search_term_string"}}],"inLanguage":"nb-NO"},{"@type":"Person","@id":"https:\/\/bekkalokket.no\/#\/schema\/person\/eab29f8485037f21104e65b7c6e05bfb","name":"Eva Virkesdal Eidsheim","image":{"@type":"ImageObject","inLanguage":"nb-NO","@id":"https:\/\/secure.gravatar.com\/avatar\/b35f512bad71a5a18ddbb016bb0b5d19d05c8cee10dc13a2ac0ee35051f7f64a?s=96&d=mm&r=g","url":"https:\/\/secure.gravatar.com\/avatar\/b35f512bad71a5a18ddbb016bb0b5d19d05c8cee10dc13a2ac0ee35051f7f64a?s=96&d=mm&r=g","contentUrl":"https:\/\/secure.gravatar.com\/avatar\/b35f512bad71a5a18ddbb016bb0b5d19d05c8cee10dc13a2ac0ee35051f7f64a?s=96&d=mm&r=g","caption":"Eva Virkesdal Eidsheim"},"url":"https:\/\/bekkalokket.no\/index.php\/author\/evavs\/"}]}},"_links":{"self":[{"href":"https:\/\/bekkalokket.no\/index.php\/wp-json\/wp\/v2\/posts\/4833","targetHints":{"allow":["GET"]}}],"collection":[{"href":"https:\/\/bekkalokket.no\/index.php\/wp-json\/wp\/v2\/posts"}],"about":[{"href":"https:\/\/bekkalokket.no\/index.php\/wp-json\/wp\/v2\/types\/post"}],"author":[{"embeddable":true,"href":"https:\/\/bekkalokket.no\/index.php\/wp-json\/wp\/v2\/users\/8"}],"replies":[{"embeddable":true,"href":"https:\/\/bekkalokket.no\/index.php\/wp-json\/wp\/v2\/comments?post=4833"}],"version-history":[{"count":22,"href":"https:\/\/bekkalokket.no\/index.php\/wp-json\/wp\/v2\/posts\/4833\/revisions"}],"predecessor-version":[{"id":5118,"href":"https:\/\/bekkalokket.no\/index.php\/wp-json\/wp\/v2\/posts\/4833\/revisions\/5118"}],"wp:featuredmedia":[{"embeddable":true,"href":"https:\/\/bekkalokket.no\/index.php\/wp-json\/wp\/v2\/media\/4914"}],"wp:attachment":[{"href":"https:\/\/bekkalokket.no\/index.php\/wp-json\/wp\/v2\/media?parent=4833"}],"wp:term":[{"taxonomy":"category","embeddable":true,"href":"https:\/\/bekkalokket.no\/index.php\/wp-json\/wp\/v2\/categories?post=4833"},{"taxonomy":"post_tag","embeddable":true,"href":"https:\/\/bekkalokket.no\/index.php\/wp-json\/wp\/v2\/tags?post=4833"}],"curies":[{"name":"wp","href":"https:\/\/api.w.org\/{rel}","templated":true}]}}