{"id":4862,"date":"2022-03-27T15:19:06","date_gmt":"2022-03-27T13:19:06","guid":{"rendered":"https:\/\/bekkalokket.no\/?p=4862"},"modified":"2022-05-08T15:12:40","modified_gmt":"2022-05-08T13:12:40","slug":"annie-elisabeth-bjorklund-utnevnt-til-aeresmedlem","status":"publish","type":"post","link":"https:\/\/bekkalokket.no\/index.php\/2022\/03\/27\/annie-elisabeth-bjorklund-utnevnt-til-aeresmedlem\/","title":{"rendered":"Annie Elisabeth Bj\u00f8rklund utnevnt til \u00e6resmedlem"},"content":{"rendered":"\n<p>Igjen er det jubileums\u00e5r, og p\u00e5 festen i g\u00e5r fikk Annie sin velfortjente heder.<\/p>\n\n\n\n<figure class=\"wp-block-image size-large\"><img loading=\"lazy\" decoding=\"async\" width=\"837\" height=\"1024\" src=\"https:\/\/bekkalokket.no\/wp-content\/uploads\/2022\/03\/DSCF3079_1920x1080-837x1024.jpg\" alt=\"\" class=\"wp-image-4863\" srcset=\"https:\/\/bekkalokket.no\/wp-content\/uploads\/2022\/03\/DSCF3079_1920x1080-837x1024.jpg 837w, https:\/\/bekkalokket.no\/wp-content\/uploads\/2022\/03\/DSCF3079_1920x1080-245x300.jpg 245w, https:\/\/bekkalokket.no\/wp-content\/uploads\/2022\/03\/DSCF3079_1920x1080-768x939.jpg 768w, https:\/\/bekkalokket.no\/wp-content\/uploads\/2022\/03\/DSCF3079_1920x1080.jpg 883w\" sizes=\"auto, (max-width: 837px) 100vw, 837px\" \/><\/figure>\n\n\n<p>Begrunnelsen er som f\u00f8lger<\/p>\n<p><!-- \/wp:post-content --><!-- wp:paragraph --><\/p>\n<p>Utnevnelsen begrunnes i en langvarig innsats og engasjement for klubben og dens medlemmer.<\/p>\n<p><!-- \/wp:paragraph --><!-- wp:paragraph --><\/p>\n<p>Annie har v\u00e6rt medlem av klubben i 20 \u00e5r. I hele 9 av disse \u00e5rene har hun sittet i styret, hvorav 3 \u00e5r som leder. Annie har i tillegg deltatt aktivt i mange av klubbens komiteer: 6 \u00e5r i valgkomiteen, 4 \u00e5r i jubileumskomiteen, 1 \u00e5r i bokkomiteen og 7 \u00e5r i utstillingskomiteen.<\/p>\n<p><!-- \/wp:paragraph --><!-- wp:paragraph --><\/p>\n<p>Annie har v\u00e6rt opptatt av det kreative bildet og har v\u00e6rt en sentral p\u00e5driver for \u00e5 sette dette temaet p\u00e5 programmet, til stor inspirasjon for klubben. Hun har ogs\u00e5 et sterkt positivt engasjement for v\u00e5re utstillinger og dette gjenspeiler de 7 \u00e5rene i utstillingskomiteen. Annie har ogs\u00e5 v\u00e6rt aktiv i b\u00e5de klubbkonkurranser og i NM.<\/p>\n<p><!-- \/wp:paragraph --><!-- wp:paragraph --><\/p>\n<p>Som \u00e6resmedlem i denne briljante fotoklubb f\u00f8lger det selvsagt forpliktelser. Med ditt blide og omgjengelig vesen, kaste glans over Bekkalokket Fotoklubb&nbsp; i inn- og utland, ved \u00e5 b\u00e6re ditt hederstegn n\u00e5r og hvor du f\u00f8ler for det.<\/p>\n<p><!-- \/wp:paragraph --><\/p>\n<p class=\"MsoNormal\">\n<\/p><p><!-- wp:image {\"id\":4863,\"sizeSlug\":\"large\",\"linkDestination\":\"none\"} --><\/p>\n<figure class=\"wp-block-image size-large\"><\/figure>","protected":false},"excerpt":{"rendered":"<p>Igjen er det jubileums\u00e5r, og p\u00e5 festen i g\u00e5r fikk Annie sin velfortjente heder. Begrunnelsen er som f\u00f8lger Utnevnelsen begrunnes i en langvarig innsats og engasjement for klubben og dens medlemmer. Annie har v\u00e6rt&#46;&#46;&#46;<\/p>\n","protected":false},"author":2,"featured_media":4868,"comment_status":"closed","ping_status":"open","sticky":false,"template":"","format":"standard","meta":{"footnotes":""},"categories":[8],"tags":[],"class_list":["post-4862","post","type-post","status-publish","format-standard","has-post-thumbnail","hentry","category-bekkalokket-fotoklubb"],"yoast_head":"<!-- This site is optimized with the Yoast SEO plugin v27.5 - https:\/\/yoast.com\/product\/yoast-seo-wordpress\/ -->\n<title>Annie Elisabeth Bj\u00f8rklund utnevnt til \u00e6resmedlem - Bekkalokket Fotoklubb<\/title>\n<meta name=\"robots\" content=\"index, follow, max-snippet:-1, max-image-preview:large, max-video-preview:-1\" \/>\n<link rel=\"canonical\" href=\"https:\/\/bekkalokket.no\/index.php\/2022\/03\/27\/annie-elisabeth-bjorklund-utnevnt-til-aeresmedlem\/\" \/>\n<meta property=\"og:locale\" content=\"nb_NO\" \/>\n<meta property=\"og:type\" content=\"article\" \/>\n<meta property=\"og:title\" content=\"Annie Elisabeth Bj\u00f8rklund utnevnt til \u00e6resmedlem - Bekkalokket Fotoklubb\" \/>\n<meta property=\"og:description\" content=\"Igjen er det jubileums\u00e5r, og p\u00e5 festen i g\u00e5r fikk Annie sin velfortjente heder. Begrunnelsen er som f\u00f8lger Utnevnelsen begrunnes i en langvarig innsats og engasjement for klubben og dens medlemmer. Annie har v\u00e6rt&#046;&#046;&#046;\" \/>\n<meta property=\"og:url\" content=\"https:\/\/bekkalokket.no\/index.php\/2022\/03\/27\/annie-elisabeth-bjorklund-utnevnt-til-aeresmedlem\/\" \/>\n<meta property=\"og:site_name\" content=\"Bekkalokket Fotoklubb\" \/>\n<meta property=\"article:published_time\" content=\"2022-03-27T13:19:06+00:00\" \/>\n<meta property=\"article:modified_time\" content=\"2022-05-08T13:12:40+00:00\" \/>\n<meta property=\"og:image\" content=\"https:\/\/bekkalokket.no\/wp-content\/uploads\/2022\/03\/DSCF3079_1920x1080-crop.jpg\" \/>\n\t<meta property=\"og:image:width\" content=\"838\" \/>\n\t<meta property=\"og:image:height\" content=\"512\" \/>\n\t<meta property=\"og:image:type\" content=\"image\/jpeg\" \/>\n<meta name=\"author\" content=\"Tom Jarane\" \/>\n<meta name=\"twitter:card\" content=\"summary_large_image\" \/>\n<meta name=\"twitter:label1\" content=\"Skrevet av\" \/>\n\t<meta name=\"twitter:data1\" content=\"Tom Jarane\" \/>\n\t<meta name=\"twitter:label2\" content=\"Ansl. lesetid\" \/>\n\t<meta name=\"twitter:data2\" content=\"2 minutter\" \/>\n<script type=\"application\/ld+json\" class=\"yoast-schema-graph\">{\"@context\":\"https:\\\/\\\/schema.org\",\"@graph\":[{\"@type\":\"Article\",\"@id\":\"https:\\\/\\\/bekkalokket.no\\\/index.php\\\/2022\\\/03\\\/27\\\/annie-elisabeth-bjorklund-utnevnt-til-aeresmedlem\\\/#article\",\"isPartOf\":{\"@id\":\"https:\\\/\\\/bekkalokket.no\\\/index.php\\\/2022\\\/03\\\/27\\\/annie-elisabeth-bjorklund-utnevnt-til-aeresmedlem\\\/\"},\"author\":{\"name\":\"Tom Jarane\",\"@id\":\"https:\\\/\\\/bekkalokket.no\\\/#\\\/schema\\\/person\\\/48efacfa49e9a4f1397d0abb393ff182\"},\"headline\":\"Annie Elisabeth Bj\u00f8rklund utnevnt til \u00e6resmedlem\",\"datePublished\":\"2022-03-27T13:19:06+00:00\",\"dateModified\":\"2022-05-08T13:12:40+00:00\",\"mainEntityOfPage\":{\"@id\":\"https:\\\/\\\/bekkalokket.no\\\/index.php\\\/2022\\\/03\\\/27\\\/annie-elisabeth-bjorklund-utnevnt-til-aeresmedlem\\\/\"},\"wordCount\":188,\"image\":{\"@id\":\"https:\\\/\\\/bekkalokket.no\\\/index.php\\\/2022\\\/03\\\/27\\\/annie-elisabeth-bjorklund-utnevnt-til-aeresmedlem\\\/#primaryimage\"},\"thumbnailUrl\":\"https:\\\/\\\/bekkalokket.no\\\/wp-content\\\/uploads\\\/2022\\\/03\\\/DSCF3079_1920x1080-crop.jpg\",\"articleSection\":[\"Bekkalokket Fotoklubb\"],\"inLanguage\":\"nb-NO\"},{\"@type\":\"WebPage\",\"@id\":\"https:\\\/\\\/bekkalokket.no\\\/index.php\\\/2022\\\/03\\\/27\\\/annie-elisabeth-bjorklund-utnevnt-til-aeresmedlem\\\/\",\"url\":\"https:\\\/\\\/bekkalokket.no\\\/index.php\\\/2022\\\/03\\\/27\\\/annie-elisabeth-bjorklund-utnevnt-til-aeresmedlem\\\/\",\"name\":\"Annie Elisabeth Bj\u00f8rklund utnevnt til \u00e6resmedlem - Bekkalokket Fotoklubb\",\"isPartOf\":{\"@id\":\"https:\\\/\\\/bekkalokket.no\\\/#website\"},\"primaryImageOfPage\":{\"@id\":\"https:\\\/\\\/bekkalokket.no\\\/index.php\\\/2022\\\/03\\\/27\\\/annie-elisabeth-bjorklund-utnevnt-til-aeresmedlem\\\/#primaryimage\"},\"image\":{\"@id\":\"https:\\\/\\\/bekkalokket.no\\\/index.php\\\/2022\\\/03\\\/27\\\/annie-elisabeth-bjorklund-utnevnt-til-aeresmedlem\\\/#primaryimage\"},\"thumbnailUrl\":\"https:\\\/\\\/bekkalokket.no\\\/wp-content\\\/uploads\\\/2022\\\/03\\\/DSCF3079_1920x1080-crop.jpg\",\"datePublished\":\"2022-03-27T13:19:06+00:00\",\"dateModified\":\"2022-05-08T13:12:40+00:00\",\"author\":{\"@id\":\"https:\\\/\\\/bekkalokket.no\\\/#\\\/schema\\\/person\\\/48efacfa49e9a4f1397d0abb393ff182\"},\"breadcrumb\":{\"@id\":\"https:\\\/\\\/bekkalokket.no\\\/index.php\\\/2022\\\/03\\\/27\\\/annie-elisabeth-bjorklund-utnevnt-til-aeresmedlem\\\/#breadcrumb\"},\"inLanguage\":\"nb-NO\",\"potentialAction\":[{\"@type\":\"ReadAction\",\"target\":[\"https:\\\/\\\/bekkalokket.no\\\/index.php\\\/2022\\\/03\\\/27\\\/annie-elisabeth-bjorklund-utnevnt-til-aeresmedlem\\\/\"]}]},{\"@type\":\"ImageObject\",\"inLanguage\":\"nb-NO\",\"@id\":\"https:\\\/\\\/bekkalokket.no\\\/index.php\\\/2022\\\/03\\\/27\\\/annie-elisabeth-bjorklund-utnevnt-til-aeresmedlem\\\/#primaryimage\",\"url\":\"https:\\\/\\\/bekkalokket.no\\\/wp-content\\\/uploads\\\/2022\\\/03\\\/DSCF3079_1920x1080-crop.jpg\",\"contentUrl\":\"https:\\\/\\\/bekkalokket.no\\\/wp-content\\\/uploads\\\/2022\\\/03\\\/DSCF3079_1920x1080-crop.jpg\",\"width\":838,\"height\":512},{\"@type\":\"BreadcrumbList\",\"@id\":\"https:\\\/\\\/bekkalokket.no\\\/index.php\\\/2022\\\/03\\\/27\\\/annie-elisabeth-bjorklund-utnevnt-til-aeresmedlem\\\/#breadcrumb\",\"itemListElement\":[{\"@type\":\"ListItem\",\"position\":1,\"name\":\"Home\",\"item\":\"https:\\\/\\\/bekkalokket.no\\\/\"},{\"@type\":\"ListItem\",\"position\":2,\"name\":\"Annie Elisabeth Bj\u00f8rklund utnevnt til \u00e6resmedlem\"}]},{\"@type\":\"WebSite\",\"@id\":\"https:\\\/\\\/bekkalokket.no\\\/#website\",\"url\":\"https:\\\/\\\/bekkalokket.no\\\/\",\"name\":\"Bekkalokket Fotoklubb\",\"description\":\"En sosial og aktiv fotoklubb i Bergen\",\"potentialAction\":[{\"@type\":\"SearchAction\",\"target\":{\"@type\":\"EntryPoint\",\"urlTemplate\":\"https:\\\/\\\/bekkalokket.no\\\/?s={search_term_string}\"},\"query-input\":{\"@type\":\"PropertyValueSpecification\",\"valueRequired\":true,\"valueName\":\"search_term_string\"}}],\"inLanguage\":\"nb-NO\"},{\"@type\":\"Person\",\"@id\":\"https:\\\/\\\/bekkalokket.no\\\/#\\\/schema\\\/person\\\/48efacfa49e9a4f1397d0abb393ff182\",\"name\":\"Tom Jarane\",\"image\":{\"@type\":\"ImageObject\",\"inLanguage\":\"nb-NO\",\"@id\":\"https:\\\/\\\/secure.gravatar.com\\\/avatar\\\/70b617863496bac047364a0046e35fc6a83b43f97349acb01ef9bd5ec5bc78ba?s=96&d=mm&r=g\",\"url\":\"https:\\\/\\\/secure.gravatar.com\\\/avatar\\\/70b617863496bac047364a0046e35fc6a83b43f97349acb01ef9bd5ec5bc78ba?s=96&d=mm&r=g\",\"contentUrl\":\"https:\\\/\\\/secure.gravatar.com\\\/avatar\\\/70b617863496bac047364a0046e35fc6a83b43f97349acb01ef9bd5ec5bc78ba?s=96&d=mm&r=g\",\"caption\":\"Tom Jarane\"},\"sameAs\":[\"http:\\\/\\\/jarane.net\"],\"url\":\"https:\\\/\\\/bekkalokket.no\\\/index.php\\\/author\\\/tom-jarane\\\/\"}]}<\/script>\n<!-- \/ Yoast SEO plugin. -->","yoast_head_json":{"title":"Annie Elisabeth Bj\u00f8rklund utnevnt til \u00e6resmedlem - Bekkalokket Fotoklubb","robots":{"index":"index","follow":"follow","max-snippet":"max-snippet:-1","max-image-preview":"max-image-preview:large","max-video-preview":"max-video-preview:-1"},"canonical":"https:\/\/bekkalokket.no\/index.php\/2022\/03\/27\/annie-elisabeth-bjorklund-utnevnt-til-aeresmedlem\/","og_locale":"nb_NO","og_type":"article","og_title":"Annie Elisabeth Bj\u00f8rklund utnevnt til \u00e6resmedlem - Bekkalokket Fotoklubb","og_description":"Igjen er det jubileums\u00e5r, og p\u00e5 festen i g\u00e5r fikk Annie sin velfortjente heder. Begrunnelsen er som f\u00f8lger Utnevnelsen begrunnes i en langvarig innsats og engasjement for klubben og dens medlemmer. Annie har v\u00e6rt&#46;&#46;&#46;","og_url":"https:\/\/bekkalokket.no\/index.php\/2022\/03\/27\/annie-elisabeth-bjorklund-utnevnt-til-aeresmedlem\/","og_site_name":"Bekkalokket Fotoklubb","article_published_time":"2022-03-27T13:19:06+00:00","article_modified_time":"2022-05-08T13:12:40+00:00","og_image":[{"width":838,"height":512,"url":"https:\/\/bekkalokket.no\/wp-content\/uploads\/2022\/03\/DSCF3079_1920x1080-crop.jpg","type":"image\/jpeg"}],"author":"Tom Jarane","twitter_card":"summary_large_image","twitter_misc":{"Skrevet av":"Tom Jarane","Ansl. lesetid":"2 minutter"},"schema":{"@context":"https:\/\/schema.org","@graph":[{"@type":"Article","@id":"https:\/\/bekkalokket.no\/index.php\/2022\/03\/27\/annie-elisabeth-bjorklund-utnevnt-til-aeresmedlem\/#article","isPartOf":{"@id":"https:\/\/bekkalokket.no\/index.php\/2022\/03\/27\/annie-elisabeth-bjorklund-utnevnt-til-aeresmedlem\/"},"author":{"name":"Tom Jarane","@id":"https:\/\/bekkalokket.no\/#\/schema\/person\/48efacfa49e9a4f1397d0abb393ff182"},"headline":"Annie Elisabeth Bj\u00f8rklund utnevnt til \u00e6resmedlem","datePublished":"2022-03-27T13:19:06+00:00","dateModified":"2022-05-08T13:12:40+00:00","mainEntityOfPage":{"@id":"https:\/\/bekkalokket.no\/index.php\/2022\/03\/27\/annie-elisabeth-bjorklund-utnevnt-til-aeresmedlem\/"},"wordCount":188,"image":{"@id":"https:\/\/bekkalokket.no\/index.php\/2022\/03\/27\/annie-elisabeth-bjorklund-utnevnt-til-aeresmedlem\/#primaryimage"},"thumbnailUrl":"https:\/\/bekkalokket.no\/wp-content\/uploads\/2022\/03\/DSCF3079_1920x1080-crop.jpg","articleSection":["Bekkalokket Fotoklubb"],"inLanguage":"nb-NO"},{"@type":"WebPage","@id":"https:\/\/bekkalokket.no\/index.php\/2022\/03\/27\/annie-elisabeth-bjorklund-utnevnt-til-aeresmedlem\/","url":"https:\/\/bekkalokket.no\/index.php\/2022\/03\/27\/annie-elisabeth-bjorklund-utnevnt-til-aeresmedlem\/","name":"Annie Elisabeth Bj\u00f8rklund utnevnt til \u00e6resmedlem - Bekkalokket Fotoklubb","isPartOf":{"@id":"https:\/\/bekkalokket.no\/#website"},"primaryImageOfPage":{"@id":"https:\/\/bekkalokket.no\/index.php\/2022\/03\/27\/annie-elisabeth-bjorklund-utnevnt-til-aeresmedlem\/#primaryimage"},"image":{"@id":"https:\/\/bekkalokket.no\/index.php\/2022\/03\/27\/annie-elisabeth-bjorklund-utnevnt-til-aeresmedlem\/#primaryimage"},"thumbnailUrl":"https:\/\/bekkalokket.no\/wp-content\/uploads\/2022\/03\/DSCF3079_1920x1080-crop.jpg","datePublished":"2022-03-27T13:19:06+00:00","dateModified":"2022-05-08T13:12:40+00:00","author":{"@id":"https:\/\/bekkalokket.no\/#\/schema\/person\/48efacfa49e9a4f1397d0abb393ff182"},"breadcrumb":{"@id":"https:\/\/bekkalokket.no\/index.php\/2022\/03\/27\/annie-elisabeth-bjorklund-utnevnt-til-aeresmedlem\/#breadcrumb"},"inLanguage":"nb-NO","potentialAction":[{"@type":"ReadAction","target":["https:\/\/bekkalokket.no\/index.php\/2022\/03\/27\/annie-elisabeth-bjorklund-utnevnt-til-aeresmedlem\/"]}]},{"@type":"ImageObject","inLanguage":"nb-NO","@id":"https:\/\/bekkalokket.no\/index.php\/2022\/03\/27\/annie-elisabeth-bjorklund-utnevnt-til-aeresmedlem\/#primaryimage","url":"https:\/\/bekkalokket.no\/wp-content\/uploads\/2022\/03\/DSCF3079_1920x1080-crop.jpg","contentUrl":"https:\/\/bekkalokket.no\/wp-content\/uploads\/2022\/03\/DSCF3079_1920x1080-crop.jpg","width":838,"height":512},{"@type":"BreadcrumbList","@id":"https:\/\/bekkalokket.no\/index.php\/2022\/03\/27\/annie-elisabeth-bjorklund-utnevnt-til-aeresmedlem\/#breadcrumb","itemListElement":[{"@type":"ListItem","position":1,"name":"Home","item":"https:\/\/bekkalokket.no\/"},{"@type":"ListItem","position":2,"name":"Annie Elisabeth Bj\u00f8rklund utnevnt til \u00e6resmedlem"}]},{"@type":"WebSite","@id":"https:\/\/bekkalokket.no\/#website","url":"https:\/\/bekkalokket.no\/","name":"Bekkalokket Fotoklubb","description":"En sosial og aktiv fotoklubb i Bergen","potentialAction":[{"@type":"SearchAction","target":{"@type":"EntryPoint","urlTemplate":"https:\/\/bekkalokket.no\/?s={search_term_string}"},"query-input":{"@type":"PropertyValueSpecification","valueRequired":true,"valueName":"search_term_string"}}],"inLanguage":"nb-NO"},{"@type":"Person","@id":"https:\/\/bekkalokket.no\/#\/schema\/person\/48efacfa49e9a4f1397d0abb393ff182","name":"Tom Jarane","image":{"@type":"ImageObject","inLanguage":"nb-NO","@id":"https:\/\/secure.gravatar.com\/avatar\/70b617863496bac047364a0046e35fc6a83b43f97349acb01ef9bd5ec5bc78ba?s=96&d=mm&r=g","url":"https:\/\/secure.gravatar.com\/avatar\/70b617863496bac047364a0046e35fc6a83b43f97349acb01ef9bd5ec5bc78ba?s=96&d=mm&r=g","contentUrl":"https:\/\/secure.gravatar.com\/avatar\/70b617863496bac047364a0046e35fc6a83b43f97349acb01ef9bd5ec5bc78ba?s=96&d=mm&r=g","caption":"Tom Jarane"},"sameAs":["http:\/\/jarane.net"],"url":"https:\/\/bekkalokket.no\/index.php\/author\/tom-jarane\/"}]}},"_links":{"self":[{"href":"https:\/\/bekkalokket.no\/index.php\/wp-json\/wp\/v2\/posts\/4862","targetHints":{"allow":["GET"]}}],"collection":[{"href":"https:\/\/bekkalokket.no\/index.php\/wp-json\/wp\/v2\/posts"}],"about":[{"href":"https:\/\/bekkalokket.no\/index.php\/wp-json\/wp\/v2\/types\/post"}],"author":[{"embeddable":true,"href":"https:\/\/bekkalokket.no\/index.php\/wp-json\/wp\/v2\/users\/2"}],"replies":[{"embeddable":true,"href":"https:\/\/bekkalokket.no\/index.php\/wp-json\/wp\/v2\/comments?post=4862"}],"version-history":[{"count":6,"href":"https:\/\/bekkalokket.no\/index.php\/wp-json\/wp\/v2\/posts\/4862\/revisions"}],"predecessor-version":[{"id":4939,"href":"https:\/\/bekkalokket.no\/index.php\/wp-json\/wp\/v2\/posts\/4862\/revisions\/4939"}],"wp:featuredmedia":[{"embeddable":true,"href":"https:\/\/bekkalokket.no\/index.php\/wp-json\/wp\/v2\/media\/4868"}],"wp:attachment":[{"href":"https:\/\/bekkalokket.no\/index.php\/wp-json\/wp\/v2\/media?parent=4862"}],"wp:term":[{"taxonomy":"category","embeddable":true,"href":"https:\/\/bekkalokket.no\/index.php\/wp-json\/wp\/v2\/categories?post=4862"},{"taxonomy":"post_tag","embeddable":true,"href":"https:\/\/bekkalokket.no\/index.php\/wp-json\/wp\/v2\/tags?post=4862"}],"curies":[{"name":"wp","href":"https:\/\/api.w.org\/{rel}","templated":true}]}}