{"id":4932,"date":"2022-05-08T15:05:29","date_gmt":"2022-05-08T13:05:29","guid":{"rendered":"https:\/\/bekkalokket.no\/?p=4932"},"modified":"2024-06-16T15:16:16","modified_gmt":"2024-06-16T13:16:16","slug":"kari-mikalsen-utnevnt-til-aeresmedlem","status":"publish","type":"post","link":"https:\/\/bekkalokket.no\/index.php\/2022\/05\/08\/kari-mikalsen-utnevnt-til-aeresmedlem\/","title":{"rendered":"Kari Mikalsen utnevnt til \u00e6resmedlem"},"content":{"rendered":"\n<p>Siden Kari ikke kunne v\u00e6re med p\u00e5 jubileumsfesten i mars, s\u00e5 m\u00e5tte vi holde \u00e6resmedlemsskapet hemmelig litt til. Hun fikk det derfor overrakt under middagen under Nasjonalt film og fototreff.<br><br><\/p>\n\n\n\n<figure class=\"wp-block-image size-full is-resized\"><img loading=\"lazy\" decoding=\"async\" width=\"1920\" height=\"2560\" src=\"https:\/\/bekkalokket.no\/wp-content\/uploads\/2022\/05\/AEresmedlemKariM_fotoArneSkinlo-scaled.jpg\" alt=\"\" class=\"wp-image-4933\" style=\"width:480px;height:640px\" srcset=\"https:\/\/bekkalokket.no\/wp-content\/uploads\/2022\/05\/AEresmedlemKariM_fotoArneSkinlo-scaled.jpg 1920w, https:\/\/bekkalokket.no\/wp-content\/uploads\/2022\/05\/AEresmedlemKariM_fotoArneSkinlo-225x300.jpg 225w\" sizes=\"auto, (max-width: 1920px) 100vw, 1920px\" \/><\/figure>\n\n\n\n<p>Utnevnelsen begrunnes i en langvarig og betydelig innsats og engasjement for Bekkalokket og dens medlemmer.<\/p>\n\n\n\n<p>I \u00e5r har Kari v\u00e6rt medlem av klubben i hele 29 \u00e5r. I 6 av disse \u00e5rene har hun sittet i styret, hvorav 3 \u00e5r som leder (1999-2001). Kari har i tillegg gjennom 6 \u00e5r deltatt aktivt i mange \u00e5r i klubbens komiteer og arrangementer: Fotomaraton 1997, Natteravnkomiteen, Internettkomiteen, og Utstillingskomiteen.<\/p>\n\n\n\n<p>Kari har ogs\u00e5 sittet hele 7 \u00e5r i styret for NSFF, pluss 1 \u00e5r i valgkomitee, 2 \u00e5r i Ungdomsutvalget, 2 \u00e5r i programtenesten og 2 \u00e5r som NSFF regionskontakt.<\/p>\n\n\n\n<p>I tillegg til alt det administrative arbeidet, har Kari i alle \u00e5r v\u00e6rt aktiv med \u00e5 vise bilder p\u00e5 klubbm\u00f8tene og delta i klubbens konkurranser og i NM. Hun har ogs\u00e5 v\u00e6rt en sv\u00e6rt god ambassad\u00f8r for klubben da hun alltid har fremmet klubben p\u00e5 en god m\u00e5te i alle sammenhenger. Selv etter at hun har flyttet fra Bergen har hun fortsatt Bekkalokket som hovedklubb.<\/p>\n\n\n\n<p>Som \u00e6resmedlem i denne briljante fotoklubb f\u00f8lger det selvsagt forpliktelser. Med ditt blide og omgjengelig vesen, kaste glans over Bekkalokket Fotoklubb i inn- og utland, ved \u00e5 b\u00e6re ditt hederstegn n\u00e5r og hvor du f\u00f8ler for det.<\/p>\n\n\n\n<p>Bergen 7.mai 2022<\/p>\n\n\n\n<p><a href=\"https:\/\/bekkalokket.no\/index.php\/kari-mikalsen\/\" target=\"_blank\" rel=\"noreferrer noopener\">Om amat\u00f8rfotografen Kari Mikalsen<\/a><\/p>\n\n\n\n<p><\/p>\n","protected":false},"excerpt":{"rendered":"<p>Siden Kari ikke kunne v\u00e6re med p\u00e5 jubileumsfesten i mars, s\u00e5 m\u00e5tte vi holde \u00e6resmedlemsskapet hemmelig litt til. Hun fikk det derfor overrakt under middagen under Nasjonalt film og fototreff. Utnevnelsen begrunnes i en&#46;&#46;&#46;<\/p>\n","protected":false},"author":2,"featured_media":4933,"comment_status":"closed","ping_status":"open","sticky":false,"template":"","format":"standard","meta":{"footnotes":""},"categories":[8],"tags":[],"class_list":["post-4932","post","type-post","status-publish","format-standard","has-post-thumbnail","hentry","category-bekkalokket-fotoklubb"],"yoast_head":"<!-- This site is optimized with the Yoast SEO plugin v27.5 - https:\/\/yoast.com\/product\/yoast-seo-wordpress\/ -->\n<title>Kari Mikalsen utnevnt til \u00e6resmedlem | Bekkalokket Fotoklubb<\/title>\n<meta name=\"description\" content=\"Bekkalokker og amat\u00f8rfotograf Kari Mikalsen utnevnt til \u00e6resmedlem p\u00e5 jubileumsfesten. Les mer om utmerkelsen p\u00e5 v\u00e5r hjemmeside!\" \/>\n<meta name=\"robots\" content=\"index, follow, max-snippet:-1, max-image-preview:large, max-video-preview:-1\" \/>\n<link rel=\"canonical\" href=\"https:\/\/bekkalokket.no\/index.php\/2022\/05\/08\/kari-mikalsen-utnevnt-til-aeresmedlem\/\" \/>\n<meta property=\"og:locale\" content=\"nb_NO\" \/>\n<meta property=\"og:type\" content=\"article\" \/>\n<meta property=\"og:title\" content=\"Kari Mikalsen utnevnt til \u00e6resmedlem | Bekkalokket Fotoklubb\" \/>\n<meta property=\"og:description\" content=\"Bekkalokker og amat\u00f8rfotograf Kari Mikalsen utnevnt til \u00e6resmedlem p\u00e5 jubileumsfesten. Les mer om utmerkelsen p\u00e5 v\u00e5r hjemmeside!\" \/>\n<meta property=\"og:url\" content=\"https:\/\/bekkalokket.no\/index.php\/2022\/05\/08\/kari-mikalsen-utnevnt-til-aeresmedlem\/\" \/>\n<meta property=\"og:site_name\" content=\"Bekkalokket Fotoklubb\" \/>\n<meta property=\"article:published_time\" content=\"2022-05-08T13:05:29+00:00\" \/>\n<meta property=\"article:modified_time\" content=\"2024-06-16T13:16:16+00:00\" \/>\n<meta property=\"og:image\" content=\"https:\/\/bekkalokket.no\/wp-content\/uploads\/2022\/05\/AEresmedlemKariM_fotoArneSkinlo-scaled.jpg\" \/>\n\t<meta property=\"og:image:width\" content=\"1920\" \/>\n\t<meta property=\"og:image:height\" content=\"2560\" \/>\n\t<meta property=\"og:image:type\" content=\"image\/jpeg\" \/>\n<meta name=\"author\" content=\"Tom Jarane\" \/>\n<meta name=\"twitter:card\" content=\"summary_large_image\" \/>\n<meta name=\"twitter:label1\" content=\"Skrevet av\" \/>\n\t<meta name=\"twitter:data1\" content=\"Tom Jarane\" \/>\n\t<meta name=\"twitter:label2\" content=\"Ansl. lesetid\" \/>\n\t<meta name=\"twitter:data2\" content=\"2 minutter\" \/>\n<script type=\"application\/ld+json\" class=\"yoast-schema-graph\">{\"@context\":\"https:\\\/\\\/schema.org\",\"@graph\":[{\"@type\":\"Article\",\"@id\":\"https:\\\/\\\/bekkalokket.no\\\/index.php\\\/2022\\\/05\\\/08\\\/kari-mikalsen-utnevnt-til-aeresmedlem\\\/#article\",\"isPartOf\":{\"@id\":\"https:\\\/\\\/bekkalokket.no\\\/index.php\\\/2022\\\/05\\\/08\\\/kari-mikalsen-utnevnt-til-aeresmedlem\\\/\"},\"author\":{\"name\":\"Tom Jarane\",\"@id\":\"https:\\\/\\\/bekkalokket.no\\\/#\\\/schema\\\/person\\\/48efacfa49e9a4f1397d0abb393ff182\"},\"headline\":\"Kari Mikalsen utnevnt til \u00e6resmedlem\",\"datePublished\":\"2022-05-08T13:05:29+00:00\",\"dateModified\":\"2024-06-16T13:16:16+00:00\",\"mainEntityOfPage\":{\"@id\":\"https:\\\/\\\/bekkalokket.no\\\/index.php\\\/2022\\\/05\\\/08\\\/kari-mikalsen-utnevnt-til-aeresmedlem\\\/\"},\"wordCount\":241,\"image\":{\"@id\":\"https:\\\/\\\/bekkalokket.no\\\/index.php\\\/2022\\\/05\\\/08\\\/kari-mikalsen-utnevnt-til-aeresmedlem\\\/#primaryimage\"},\"thumbnailUrl\":\"https:\\\/\\\/bekkalokket.no\\\/wp-content\\\/uploads\\\/2022\\\/05\\\/AEresmedlemKariM_fotoArneSkinlo-scaled.jpg\",\"articleSection\":[\"Bekkalokket Fotoklubb\"],\"inLanguage\":\"nb-NO\"},{\"@type\":\"WebPage\",\"@id\":\"https:\\\/\\\/bekkalokket.no\\\/index.php\\\/2022\\\/05\\\/08\\\/kari-mikalsen-utnevnt-til-aeresmedlem\\\/\",\"url\":\"https:\\\/\\\/bekkalokket.no\\\/index.php\\\/2022\\\/05\\\/08\\\/kari-mikalsen-utnevnt-til-aeresmedlem\\\/\",\"name\":\"Kari Mikalsen utnevnt til \u00e6resmedlem | Bekkalokket Fotoklubb\",\"isPartOf\":{\"@id\":\"https:\\\/\\\/bekkalokket.no\\\/#website\"},\"primaryImageOfPage\":{\"@id\":\"https:\\\/\\\/bekkalokket.no\\\/index.php\\\/2022\\\/05\\\/08\\\/kari-mikalsen-utnevnt-til-aeresmedlem\\\/#primaryimage\"},\"image\":{\"@id\":\"https:\\\/\\\/bekkalokket.no\\\/index.php\\\/2022\\\/05\\\/08\\\/kari-mikalsen-utnevnt-til-aeresmedlem\\\/#primaryimage\"},\"thumbnailUrl\":\"https:\\\/\\\/bekkalokket.no\\\/wp-content\\\/uploads\\\/2022\\\/05\\\/AEresmedlemKariM_fotoArneSkinlo-scaled.jpg\",\"datePublished\":\"2022-05-08T13:05:29+00:00\",\"dateModified\":\"2024-06-16T13:16:16+00:00\",\"author\":{\"@id\":\"https:\\\/\\\/bekkalokket.no\\\/#\\\/schema\\\/person\\\/48efacfa49e9a4f1397d0abb393ff182\"},\"description\":\"Bekkalokker og amat\u00f8rfotograf Kari Mikalsen utnevnt til \u00e6resmedlem p\u00e5 jubileumsfesten. Les mer om utmerkelsen p\u00e5 v\u00e5r hjemmeside!\",\"breadcrumb\":{\"@id\":\"https:\\\/\\\/bekkalokket.no\\\/index.php\\\/2022\\\/05\\\/08\\\/kari-mikalsen-utnevnt-til-aeresmedlem\\\/#breadcrumb\"},\"inLanguage\":\"nb-NO\",\"potentialAction\":[{\"@type\":\"ReadAction\",\"target\":[\"https:\\\/\\\/bekkalokket.no\\\/index.php\\\/2022\\\/05\\\/08\\\/kari-mikalsen-utnevnt-til-aeresmedlem\\\/\"]}]},{\"@type\":\"ImageObject\",\"inLanguage\":\"nb-NO\",\"@id\":\"https:\\\/\\\/bekkalokket.no\\\/index.php\\\/2022\\\/05\\\/08\\\/kari-mikalsen-utnevnt-til-aeresmedlem\\\/#primaryimage\",\"url\":\"https:\\\/\\\/bekkalokket.no\\\/wp-content\\\/uploads\\\/2022\\\/05\\\/AEresmedlemKariM_fotoArneSkinlo-scaled.jpg\",\"contentUrl\":\"https:\\\/\\\/bekkalokket.no\\\/wp-content\\\/uploads\\\/2022\\\/05\\\/AEresmedlemKariM_fotoArneSkinlo-scaled.jpg\",\"width\":1920,\"height\":2560,\"caption\":\"Bekkalokket Fotoklubb - \u00c6resmedlem 2022 Kari Mikalsen\"},{\"@type\":\"BreadcrumbList\",\"@id\":\"https:\\\/\\\/bekkalokket.no\\\/index.php\\\/2022\\\/05\\\/08\\\/kari-mikalsen-utnevnt-til-aeresmedlem\\\/#breadcrumb\",\"itemListElement\":[{\"@type\":\"ListItem\",\"position\":1,\"name\":\"Home\",\"item\":\"https:\\\/\\\/bekkalokket.no\\\/\"},{\"@type\":\"ListItem\",\"position\":2,\"name\":\"Kari Mikalsen utnevnt til \u00e6resmedlem\"}]},{\"@type\":\"WebSite\",\"@id\":\"https:\\\/\\\/bekkalokket.no\\\/#website\",\"url\":\"https:\\\/\\\/bekkalokket.no\\\/\",\"name\":\"Bekkalokket Fotoklubb\",\"description\":\"En sosial og aktiv fotoklubb i Bergen\",\"potentialAction\":[{\"@type\":\"SearchAction\",\"target\":{\"@type\":\"EntryPoint\",\"urlTemplate\":\"https:\\\/\\\/bekkalokket.no\\\/?s={search_term_string}\"},\"query-input\":{\"@type\":\"PropertyValueSpecification\",\"valueRequired\":true,\"valueName\":\"search_term_string\"}}],\"inLanguage\":\"nb-NO\"},{\"@type\":\"Person\",\"@id\":\"https:\\\/\\\/bekkalokket.no\\\/#\\\/schema\\\/person\\\/48efacfa49e9a4f1397d0abb393ff182\",\"name\":\"Tom Jarane\",\"image\":{\"@type\":\"ImageObject\",\"inLanguage\":\"nb-NO\",\"@id\":\"https:\\\/\\\/secure.gravatar.com\\\/avatar\\\/70b617863496bac047364a0046e35fc6a83b43f97349acb01ef9bd5ec5bc78ba?s=96&d=mm&r=g\",\"url\":\"https:\\\/\\\/secure.gravatar.com\\\/avatar\\\/70b617863496bac047364a0046e35fc6a83b43f97349acb01ef9bd5ec5bc78ba?s=96&d=mm&r=g\",\"contentUrl\":\"https:\\\/\\\/secure.gravatar.com\\\/avatar\\\/70b617863496bac047364a0046e35fc6a83b43f97349acb01ef9bd5ec5bc78ba?s=96&d=mm&r=g\",\"caption\":\"Tom Jarane\"},\"sameAs\":[\"http:\\\/\\\/jarane.net\"],\"url\":\"https:\\\/\\\/bekkalokket.no\\\/index.php\\\/author\\\/tom-jarane\\\/\"}]}<\/script>\n<!-- \/ Yoast SEO plugin. -->","yoast_head_json":{"title":"Kari Mikalsen utnevnt til \u00e6resmedlem | Bekkalokket Fotoklubb","description":"Bekkalokker og amat\u00f8rfotograf Kari Mikalsen utnevnt til \u00e6resmedlem p\u00e5 jubileumsfesten. Les mer om utmerkelsen p\u00e5 v\u00e5r hjemmeside!","robots":{"index":"index","follow":"follow","max-snippet":"max-snippet:-1","max-image-preview":"max-image-preview:large","max-video-preview":"max-video-preview:-1"},"canonical":"https:\/\/bekkalokket.no\/index.php\/2022\/05\/08\/kari-mikalsen-utnevnt-til-aeresmedlem\/","og_locale":"nb_NO","og_type":"article","og_title":"Kari Mikalsen utnevnt til \u00e6resmedlem | Bekkalokket Fotoklubb","og_description":"Bekkalokker og amat\u00f8rfotograf Kari Mikalsen utnevnt til \u00e6resmedlem p\u00e5 jubileumsfesten. Les mer om utmerkelsen p\u00e5 v\u00e5r hjemmeside!","og_url":"https:\/\/bekkalokket.no\/index.php\/2022\/05\/08\/kari-mikalsen-utnevnt-til-aeresmedlem\/","og_site_name":"Bekkalokket Fotoklubb","article_published_time":"2022-05-08T13:05:29+00:00","article_modified_time":"2024-06-16T13:16:16+00:00","og_image":[{"width":1920,"height":2560,"url":"https:\/\/bekkalokket.no\/wp-content\/uploads\/2022\/05\/AEresmedlemKariM_fotoArneSkinlo-scaled.jpg","type":"image\/jpeg"}],"author":"Tom Jarane","twitter_card":"summary_large_image","twitter_misc":{"Skrevet av":"Tom Jarane","Ansl. lesetid":"2 minutter"},"schema":{"@context":"https:\/\/schema.org","@graph":[{"@type":"Article","@id":"https:\/\/bekkalokket.no\/index.php\/2022\/05\/08\/kari-mikalsen-utnevnt-til-aeresmedlem\/#article","isPartOf":{"@id":"https:\/\/bekkalokket.no\/index.php\/2022\/05\/08\/kari-mikalsen-utnevnt-til-aeresmedlem\/"},"author":{"name":"Tom Jarane","@id":"https:\/\/bekkalokket.no\/#\/schema\/person\/48efacfa49e9a4f1397d0abb393ff182"},"headline":"Kari Mikalsen utnevnt til \u00e6resmedlem","datePublished":"2022-05-08T13:05:29+00:00","dateModified":"2024-06-16T13:16:16+00:00","mainEntityOfPage":{"@id":"https:\/\/bekkalokket.no\/index.php\/2022\/05\/08\/kari-mikalsen-utnevnt-til-aeresmedlem\/"},"wordCount":241,"image":{"@id":"https:\/\/bekkalokket.no\/index.php\/2022\/05\/08\/kari-mikalsen-utnevnt-til-aeresmedlem\/#primaryimage"},"thumbnailUrl":"https:\/\/bekkalokket.no\/wp-content\/uploads\/2022\/05\/AEresmedlemKariM_fotoArneSkinlo-scaled.jpg","articleSection":["Bekkalokket Fotoklubb"],"inLanguage":"nb-NO"},{"@type":"WebPage","@id":"https:\/\/bekkalokket.no\/index.php\/2022\/05\/08\/kari-mikalsen-utnevnt-til-aeresmedlem\/","url":"https:\/\/bekkalokket.no\/index.php\/2022\/05\/08\/kari-mikalsen-utnevnt-til-aeresmedlem\/","name":"Kari Mikalsen utnevnt til \u00e6resmedlem | Bekkalokket Fotoklubb","isPartOf":{"@id":"https:\/\/bekkalokket.no\/#website"},"primaryImageOfPage":{"@id":"https:\/\/bekkalokket.no\/index.php\/2022\/05\/08\/kari-mikalsen-utnevnt-til-aeresmedlem\/#primaryimage"},"image":{"@id":"https:\/\/bekkalokket.no\/index.php\/2022\/05\/08\/kari-mikalsen-utnevnt-til-aeresmedlem\/#primaryimage"},"thumbnailUrl":"https:\/\/bekkalokket.no\/wp-content\/uploads\/2022\/05\/AEresmedlemKariM_fotoArneSkinlo-scaled.jpg","datePublished":"2022-05-08T13:05:29+00:00","dateModified":"2024-06-16T13:16:16+00:00","author":{"@id":"https:\/\/bekkalokket.no\/#\/schema\/person\/48efacfa49e9a4f1397d0abb393ff182"},"description":"Bekkalokker og amat\u00f8rfotograf Kari Mikalsen utnevnt til \u00e6resmedlem p\u00e5 jubileumsfesten. Les mer om utmerkelsen p\u00e5 v\u00e5r hjemmeside!","breadcrumb":{"@id":"https:\/\/bekkalokket.no\/index.php\/2022\/05\/08\/kari-mikalsen-utnevnt-til-aeresmedlem\/#breadcrumb"},"inLanguage":"nb-NO","potentialAction":[{"@type":"ReadAction","target":["https:\/\/bekkalokket.no\/index.php\/2022\/05\/08\/kari-mikalsen-utnevnt-til-aeresmedlem\/"]}]},{"@type":"ImageObject","inLanguage":"nb-NO","@id":"https:\/\/bekkalokket.no\/index.php\/2022\/05\/08\/kari-mikalsen-utnevnt-til-aeresmedlem\/#primaryimage","url":"https:\/\/bekkalokket.no\/wp-content\/uploads\/2022\/05\/AEresmedlemKariM_fotoArneSkinlo-scaled.jpg","contentUrl":"https:\/\/bekkalokket.no\/wp-content\/uploads\/2022\/05\/AEresmedlemKariM_fotoArneSkinlo-scaled.jpg","width":1920,"height":2560,"caption":"Bekkalokket Fotoklubb - \u00c6resmedlem 2022 Kari Mikalsen"},{"@type":"BreadcrumbList","@id":"https:\/\/bekkalokket.no\/index.php\/2022\/05\/08\/kari-mikalsen-utnevnt-til-aeresmedlem\/#breadcrumb","itemListElement":[{"@type":"ListItem","position":1,"name":"Home","item":"https:\/\/bekkalokket.no\/"},{"@type":"ListItem","position":2,"name":"Kari Mikalsen utnevnt til \u00e6resmedlem"}]},{"@type":"WebSite","@id":"https:\/\/bekkalokket.no\/#website","url":"https:\/\/bekkalokket.no\/","name":"Bekkalokket Fotoklubb","description":"En sosial og aktiv fotoklubb i Bergen","potentialAction":[{"@type":"SearchAction","target":{"@type":"EntryPoint","urlTemplate":"https:\/\/bekkalokket.no\/?s={search_term_string}"},"query-input":{"@type":"PropertyValueSpecification","valueRequired":true,"valueName":"search_term_string"}}],"inLanguage":"nb-NO"},{"@type":"Person","@id":"https:\/\/bekkalokket.no\/#\/schema\/person\/48efacfa49e9a4f1397d0abb393ff182","name":"Tom Jarane","image":{"@type":"ImageObject","inLanguage":"nb-NO","@id":"https:\/\/secure.gravatar.com\/avatar\/70b617863496bac047364a0046e35fc6a83b43f97349acb01ef9bd5ec5bc78ba?s=96&d=mm&r=g","url":"https:\/\/secure.gravatar.com\/avatar\/70b617863496bac047364a0046e35fc6a83b43f97349acb01ef9bd5ec5bc78ba?s=96&d=mm&r=g","contentUrl":"https:\/\/secure.gravatar.com\/avatar\/70b617863496bac047364a0046e35fc6a83b43f97349acb01ef9bd5ec5bc78ba?s=96&d=mm&r=g","caption":"Tom Jarane"},"sameAs":["http:\/\/jarane.net"],"url":"https:\/\/bekkalokket.no\/index.php\/author\/tom-jarane\/"}]}},"_links":{"self":[{"href":"https:\/\/bekkalokket.no\/index.php\/wp-json\/wp\/v2\/posts\/4932","targetHints":{"allow":["GET"]}}],"collection":[{"href":"https:\/\/bekkalokket.no\/index.php\/wp-json\/wp\/v2\/posts"}],"about":[{"href":"https:\/\/bekkalokket.no\/index.php\/wp-json\/wp\/v2\/types\/post"}],"author":[{"embeddable":true,"href":"https:\/\/bekkalokket.no\/index.php\/wp-json\/wp\/v2\/users\/2"}],"replies":[{"embeddable":true,"href":"https:\/\/bekkalokket.no\/index.php\/wp-json\/wp\/v2\/comments?post=4932"}],"version-history":[{"count":6,"href":"https:\/\/bekkalokket.no\/index.php\/wp-json\/wp\/v2\/posts\/4932\/revisions"}],"predecessor-version":[{"id":8946,"href":"https:\/\/bekkalokket.no\/index.php\/wp-json\/wp\/v2\/posts\/4932\/revisions\/8946"}],"wp:featuredmedia":[{"embeddable":true,"href":"https:\/\/bekkalokket.no\/index.php\/wp-json\/wp\/v2\/media\/4933"}],"wp:attachment":[{"href":"https:\/\/bekkalokket.no\/index.php\/wp-json\/wp\/v2\/media?parent=4932"}],"wp:term":[{"taxonomy":"category","embeddable":true,"href":"https:\/\/bekkalokket.no\/index.php\/wp-json\/wp\/v2\/categories?post=4932"},{"taxonomy":"post_tag","embeddable":true,"href":"https:\/\/bekkalokket.no\/index.php\/wp-json\/wp\/v2\/tags?post=4932"}],"curies":[{"name":"wp","href":"https:\/\/api.w.org\/{rel}","templated":true}]}}