{"id":5123,"date":"2022-08-17T15:53:13","date_gmt":"2022-08-17T13:53:13","guid":{"rendered":"https:\/\/bekkalokket.no\/?p=5123"},"modified":"2022-08-18T08:11:39","modified_gmt":"2022-08-18T06:11:39","slug":"5th-fjord-bergen-exhibition-of-photographic-art-2022","status":"publish","type":"post","link":"https:\/\/bekkalokket.no\/index.php\/2022\/08\/17\/5th-fjord-bergen-exhibition-of-photographic-art-2022\/","title":{"rendered":"5th Fjord-Bergen Exhibition of Photographic Art 2022"},"content":{"rendered":"\n<h1 class=\"wp-block-heading\">Bli med \u00e5 delta i 5th Fjord-Bergen Exhibition of Photographic Art 2022!<\/h1>\n\n\n\n<p>\u00c5rlig arrangerer Bekkalokket Fotoklubb den internasjonale fotokonkurransen Fjord-Bergen Exhibition of Photographic Art.<\/p>\n\n\n\n<p>Mange medlemmer i Bekkalokket Fotoklubb har i flere \u00e5r gjort det veldig bra i internasjonale konkurranser. S\u00e5 bli med \u00e5 delta i <a href=\"https:\/\/www.fjord-bergen.net\/\">5th Fjord-Bergen  Exhibition of Photographic Art 2022!<\/a><\/p>\n\n\n\n<p>Fristen er <strong>23.september<\/strong> og det koster bare 25 euro. <\/p>\n\n\n\n<p>Antall medaljer og hederlig omtale er sv\u00e6rt h\u00f8yt i forhold til andre internasjonale konkurranser.<\/p>\n\n\n\n<p>Bilder som oppn\u00e5r antatt, blir tildelt hederlig omtale eller medalje i 5th Fjord-Bergen Exhibition of Photographic Art 2022 teller til NSFF internasjonale plaketter og hederstegn, samt til Nordisk Stormester i Fotografi.<\/p>\n\n\n\n<p>Det gis ogs\u00e5 <a href=\"https:\/\/nsff.no\/\">NSFF<\/a> pokal til beste norske fotograf og beste norske klubb.<\/p>\n\n\n\n<p><a href=\"https:\/\/nsff.no\/konkurranser\/plaketter\/\">Plaketter<\/a><\/p>\n\n\n\n<p><a href=\"https:\/\/nsff.no\/konkurranser\/hederstegn\/\">Hederstegn<\/a><\/p>\n\n\n\n<p><a href=\"https:\/\/www.nordic.photo\/honoured-members\/\">\u00c6resmedlemmer<\/a><\/p>\n\n\n\n<p><strong>Ta gjerne kontakt med Roald Synnev\u00e5g p\u00e5 e-post adresse rosynne@gmail.com, dersom du trenger hjelp til \u00e5 delta i konkurransen.<\/strong><\/p>\n\n\n\n<p><strong>Klikk deg ogs\u00e5 gjerne inn p\u00e5 hjemmesiden <a href=\"https:\/\/bekkalokket.no\/index.php\/bli-medlem\/\">Bli medlem <\/a>om du \u00f8nsker \u00e5 bli medlem i klubben v\u00e5r.<\/strong><\/p>\n\n\n\n<p><\/p>\n\n\n\n<figure class=\"wp-block-gallery has-nested-images columns-default is-cropped wp-block-gallery-2 is-layout-flex wp-block-gallery-is-layout-flex\">\n<figure class=\"wp-block-image size-large\"><img loading=\"lazy\" decoding=\"async\" width=\"717\" height=\"1024\" data-id=\"5124\" src=\"https:\/\/bekkalokket.no\/wp-content\/uploads\/2022\/08\/5th-Fjord-Bergen-2022-717x1024.jpg\" alt=\"\" class=\"wp-image-5124\" srcset=\"https:\/\/bekkalokket.no\/wp-content\/uploads\/2022\/08\/5th-Fjord-Bergen-2022-717x1024.jpg 717w, https:\/\/bekkalokket.no\/wp-content\/uploads\/2022\/08\/5th-Fjord-Bergen-2022-210x300.jpg 210w, https:\/\/bekkalokket.no\/wp-content\/uploads\/2022\/08\/5th-Fjord-Bergen-2022.jpg 756w\" sizes=\"auto, (max-width: 717px) 100vw, 717px\" \/><\/figure>\n<\/figure>\n\n\n\n<div style=\"height:100px\" aria-hidden=\"true\" class=\"wp-block-spacer\"><\/div>\n\n\n\n<h2 class=\"alignwide has-text-align-center wp-block-heading\">                                                                    Sponsorer <\/h2>\n\n\n\n<div style=\"height:100px\" aria-hidden=\"true\" class=\"wp-block-spacer\"><\/div>\n\n\n\n<div class=\"wp-block-columns is-layout-flex wp-container-core-columns-is-layout-9d6595d7 wp-block-columns-is-layout-flex\">\n<div class=\"wp-block-column is-layout-flow wp-block-column-is-layout-flow\">\n<figure class=\"wp-block-image size-full\"><img loading=\"lazy\" decoding=\"async\" width=\"950\" height=\"536\" src=\"https:\/\/bekkalokket.no\/wp-content\/uploads\/2022\/08\/5thFjord-Bergen-Exhibition_Sponsor_BergenKommune_2022.jpg\" alt=\"Bergen Kommune\" class=\"wp-image-5127\" srcset=\"https:\/\/bekkalokket.no\/wp-content\/uploads\/2022\/08\/5thFjord-Bergen-Exhibition_Sponsor_BergenKommune_2022.jpg 950w, https:\/\/bekkalokket.no\/wp-content\/uploads\/2022\/08\/5thFjord-Bergen-Exhibition_Sponsor_BergenKommune_2022-300x169.jpg 300w, https:\/\/bekkalokket.no\/wp-content\/uploads\/2022\/08\/5thFjord-Bergen-Exhibition_Sponsor_BergenKommune_2022-768x433.jpg 768w\" sizes=\"auto, (max-width: 950px) 100vw, 950px\" \/><figcaption>Bergen Kommune<\/figcaption><\/figure>\n<\/div>\n\n\n\n<div class=\"wp-block-column is-layout-flow wp-block-column-is-layout-flow\">\n<figure class=\"wp-block-image size-full\"><img loading=\"lazy\" decoding=\"async\" width=\"768\" height=\"346\" src=\"https:\/\/bekkalokket.no\/wp-content\/uploads\/2022\/08\/5thFjord-Bergen_2022_Spnsor_CEWE_JapanPhoto_.jpg\" alt=\"Delta i 5th Fjord-Bergen Exhibition of Photographic Art 2022.\" class=\"wp-image-5128\" srcset=\"https:\/\/bekkalokket.no\/wp-content\/uploads\/2022\/08\/5thFjord-Bergen_2022_Spnsor_CEWE_JapanPhoto_.jpg 768w, https:\/\/bekkalokket.no\/wp-content\/uploads\/2022\/08\/5thFjord-Bergen_2022_Spnsor_CEWE_JapanPhoto_-300x135.jpg 300w\" sizes=\"auto, (max-width: 768px) 100vw, 768px\" \/><figcaption>CEWE<\/figcaption><\/figure>\n<\/div>\n\n\n\n<div class=\"wp-block-column is-layout-flow wp-block-column-is-layout-flow\">\n<figure class=\"wp-block-image size-full\"><img loading=\"lazy\" decoding=\"async\" width=\"170\" height=\"80\" src=\"https:\/\/bekkalokket.no\/wp-content\/uploads\/2022\/08\/Fjord-Bergen-Exhibition-of-Photographic-Art_Vestlandfylkeskommune_2022.png\" alt=\"Delta i 5th Fjord-Bergen Exhibition of Photographic Art 2022.\" class=\"wp-image-5129\"\/><figcaption>Vestland fylkeskommune<\/figcaption><\/figure>\n<\/div>\n<\/div>\n","protected":false},"excerpt":{"rendered":"<p>Bli med \u00e5 delta i 5th Fjord-Bergen Exhibition of Photographic Art 2022! \u00c5rlig arrangerer Bekkalokket Fotoklubb den internasjonale fotokonkurransen Fjord-Bergen Exhibition of Photographic Art. Mange medlemmer i Bekkalokket Fotoklubb har i flere \u00e5r gjort&#46;&#46;&#46;<\/p>\n","protected":false},"author":8,"featured_media":5124,"comment_status":"closed","ping_status":"open","sticky":false,"template":"","format":"standard","meta":{"footnotes":""},"categories":[18],"tags":[],"class_list":["post-5123","post","type-post","status-publish","format-standard","has-post-thumbnail","hentry","category-konkurranse"],"yoast_head":"<!-- This site is optimized with the Yoast SEO plugin v27.5 - https:\/\/yoast.com\/product\/yoast-seo-wordpress\/ -->\n<title>5th Fjord-Bergen Exhibition of Photographic Art 2022 | Bekkalokket Fotoklubb<\/title>\n<meta name=\"description\" content=\"Bli med \u00e5 delta i 5th Fjord-Bergen Exhibition of Photographic Art 2022. Fristen er 23.september. Registrerer deg n\u00e5!\" \/>\n<meta name=\"robots\" content=\"index, follow, max-snippet:-1, max-image-preview:large, max-video-preview:-1\" \/>\n<link rel=\"canonical\" href=\"https:\/\/bekkalokket.no\/index.php\/2022\/08\/17\/5th-fjord-bergen-exhibition-of-photographic-art-2022\/\" \/>\n<meta property=\"og:locale\" content=\"nb_NO\" \/>\n<meta property=\"og:type\" content=\"article\" \/>\n<meta property=\"og:title\" content=\"5th Fjord-Bergen Exhibition of Photographic Art 2022 | Bekkalokket Fotoklubb\" \/>\n<meta property=\"og:description\" content=\"Bli med \u00e5 delta i 5th Fjord-Bergen Exhibition of Photographic Art 2022. Fristen er 23.september. Registrerer deg n\u00e5!\" \/>\n<meta property=\"og:url\" content=\"https:\/\/bekkalokket.no\/index.php\/2022\/08\/17\/5th-fjord-bergen-exhibition-of-photographic-art-2022\/\" \/>\n<meta property=\"og:site_name\" content=\"Bekkalokket Fotoklubb\" \/>\n<meta property=\"article:published_time\" content=\"2022-08-17T13:53:13+00:00\" \/>\n<meta property=\"article:modified_time\" content=\"2022-08-18T06:11:39+00:00\" \/>\n<meta property=\"og:image\" content=\"https:\/\/bekkalokket.no\/wp-content\/uploads\/2022\/08\/5th-Fjord-Bergen-2022.jpg\" \/>\n\t<meta property=\"og:image:width\" content=\"756\" \/>\n\t<meta property=\"og:image:height\" content=\"1080\" \/>\n\t<meta property=\"og:image:type\" content=\"image\/jpeg\" \/>\n<meta name=\"author\" content=\"Eva Virkesdal Eidsheim\" \/>\n<meta name=\"twitter:card\" content=\"summary_large_image\" \/>\n<meta name=\"twitter:label1\" content=\"Skrevet av\" \/>\n\t<meta name=\"twitter:data1\" content=\"Eva Virkesdal Eidsheim\" \/>\n\t<meta name=\"twitter:label2\" content=\"Ansl. lesetid\" \/>\n\t<meta name=\"twitter:data2\" content=\"2 minutter\" \/>\n<script type=\"application\/ld+json\" class=\"yoast-schema-graph\">{\"@context\":\"https:\\\/\\\/schema.org\",\"@graph\":[{\"@type\":\"Article\",\"@id\":\"https:\\\/\\\/bekkalokket.no\\\/index.php\\\/2022\\\/08\\\/17\\\/5th-fjord-bergen-exhibition-of-photographic-art-2022\\\/#article\",\"isPartOf\":{\"@id\":\"https:\\\/\\\/bekkalokket.no\\\/index.php\\\/2022\\\/08\\\/17\\\/5th-fjord-bergen-exhibition-of-photographic-art-2022\\\/\"},\"author\":{\"name\":\"Eva Virkesdal Eidsheim\",\"@id\":\"https:\\\/\\\/bekkalokket.no\\\/#\\\/schema\\\/person\\\/eab29f8485037f21104e65b7c6e05bfb\"},\"headline\":\"5th Fjord-Bergen Exhibition of Photographic Art 2022\",\"datePublished\":\"2022-08-17T13:53:13+00:00\",\"dateModified\":\"2022-08-18T06:11:39+00:00\",\"mainEntityOfPage\":{\"@id\":\"https:\\\/\\\/bekkalokket.no\\\/index.php\\\/2022\\\/08\\\/17\\\/5th-fjord-bergen-exhibition-of-photographic-art-2022\\\/\"},\"wordCount\":171,\"image\":{\"@id\":\"https:\\\/\\\/bekkalokket.no\\\/index.php\\\/2022\\\/08\\\/17\\\/5th-fjord-bergen-exhibition-of-photographic-art-2022\\\/#primaryimage\"},\"thumbnailUrl\":\"https:\\\/\\\/bekkalokket.no\\\/wp-content\\\/uploads\\\/2022\\\/08\\\/5th-Fjord-Bergen-2022.jpg\",\"articleSection\":[\"Konkurranse\"],\"inLanguage\":\"nb-NO\"},{\"@type\":\"WebPage\",\"@id\":\"https:\\\/\\\/bekkalokket.no\\\/index.php\\\/2022\\\/08\\\/17\\\/5th-fjord-bergen-exhibition-of-photographic-art-2022\\\/\",\"url\":\"https:\\\/\\\/bekkalokket.no\\\/index.php\\\/2022\\\/08\\\/17\\\/5th-fjord-bergen-exhibition-of-photographic-art-2022\\\/\",\"name\":\"5th Fjord-Bergen Exhibition of Photographic Art 2022 | Bekkalokket Fotoklubb\",\"isPartOf\":{\"@id\":\"https:\\\/\\\/bekkalokket.no\\\/#website\"},\"primaryImageOfPage\":{\"@id\":\"https:\\\/\\\/bekkalokket.no\\\/index.php\\\/2022\\\/08\\\/17\\\/5th-fjord-bergen-exhibition-of-photographic-art-2022\\\/#primaryimage\"},\"image\":{\"@id\":\"https:\\\/\\\/bekkalokket.no\\\/index.php\\\/2022\\\/08\\\/17\\\/5th-fjord-bergen-exhibition-of-photographic-art-2022\\\/#primaryimage\"},\"thumbnailUrl\":\"https:\\\/\\\/bekkalokket.no\\\/wp-content\\\/uploads\\\/2022\\\/08\\\/5th-Fjord-Bergen-2022.jpg\",\"datePublished\":\"2022-08-17T13:53:13+00:00\",\"dateModified\":\"2022-08-18T06:11:39+00:00\",\"author\":{\"@id\":\"https:\\\/\\\/bekkalokket.no\\\/#\\\/schema\\\/person\\\/eab29f8485037f21104e65b7c6e05bfb\"},\"description\":\"Bli med \u00e5 delta i 5th Fjord-Bergen Exhibition of Photographic Art 2022. Fristen er 23.september. Registrerer deg n\u00e5!\",\"breadcrumb\":{\"@id\":\"https:\\\/\\\/bekkalokket.no\\\/index.php\\\/2022\\\/08\\\/17\\\/5th-fjord-bergen-exhibition-of-photographic-art-2022\\\/#breadcrumb\"},\"inLanguage\":\"nb-NO\",\"potentialAction\":[{\"@type\":\"ReadAction\",\"target\":[\"https:\\\/\\\/bekkalokket.no\\\/index.php\\\/2022\\\/08\\\/17\\\/5th-fjord-bergen-exhibition-of-photographic-art-2022\\\/\"]}]},{\"@type\":\"ImageObject\",\"inLanguage\":\"nb-NO\",\"@id\":\"https:\\\/\\\/bekkalokket.no\\\/index.php\\\/2022\\\/08\\\/17\\\/5th-fjord-bergen-exhibition-of-photographic-art-2022\\\/#primaryimage\",\"url\":\"https:\\\/\\\/bekkalokket.no\\\/wp-content\\\/uploads\\\/2022\\\/08\\\/5th-Fjord-Bergen-2022.jpg\",\"contentUrl\":\"https:\\\/\\\/bekkalokket.no\\\/wp-content\\\/uploads\\\/2022\\\/08\\\/5th-Fjord-Bergen-2022.jpg\",\"width\":756,\"height\":1080,\"caption\":\"Fjord-Bergen Exhibition of Photographic Art 2022\"},{\"@type\":\"BreadcrumbList\",\"@id\":\"https:\\\/\\\/bekkalokket.no\\\/index.php\\\/2022\\\/08\\\/17\\\/5th-fjord-bergen-exhibition-of-photographic-art-2022\\\/#breadcrumb\",\"itemListElement\":[{\"@type\":\"ListItem\",\"position\":1,\"name\":\"Home\",\"item\":\"https:\\\/\\\/bekkalokket.no\\\/\"},{\"@type\":\"ListItem\",\"position\":2,\"name\":\"5th Fjord-Bergen Exhibition of Photographic Art 2022\"}]},{\"@type\":\"WebSite\",\"@id\":\"https:\\\/\\\/bekkalokket.no\\\/#website\",\"url\":\"https:\\\/\\\/bekkalokket.no\\\/\",\"name\":\"Bekkalokket Fotoklubb\",\"description\":\"En sosial og aktiv fotoklubb i Bergen\",\"potentialAction\":[{\"@type\":\"SearchAction\",\"target\":{\"@type\":\"EntryPoint\",\"urlTemplate\":\"https:\\\/\\\/bekkalokket.no\\\/?s={search_term_string}\"},\"query-input\":{\"@type\":\"PropertyValueSpecification\",\"valueRequired\":true,\"valueName\":\"search_term_string\"}}],\"inLanguage\":\"nb-NO\"},{\"@type\":\"Person\",\"@id\":\"https:\\\/\\\/bekkalokket.no\\\/#\\\/schema\\\/person\\\/eab29f8485037f21104e65b7c6e05bfb\",\"name\":\"Eva Virkesdal Eidsheim\",\"image\":{\"@type\":\"ImageObject\",\"inLanguage\":\"nb-NO\",\"@id\":\"https:\\\/\\\/secure.gravatar.com\\\/avatar\\\/b35f512bad71a5a18ddbb016bb0b5d19d05c8cee10dc13a2ac0ee35051f7f64a?s=96&d=mm&r=g\",\"url\":\"https:\\\/\\\/secure.gravatar.com\\\/avatar\\\/b35f512bad71a5a18ddbb016bb0b5d19d05c8cee10dc13a2ac0ee35051f7f64a?s=96&d=mm&r=g\",\"contentUrl\":\"https:\\\/\\\/secure.gravatar.com\\\/avatar\\\/b35f512bad71a5a18ddbb016bb0b5d19d05c8cee10dc13a2ac0ee35051f7f64a?s=96&d=mm&r=g\",\"caption\":\"Eva Virkesdal Eidsheim\"},\"url\":\"https:\\\/\\\/bekkalokket.no\\\/index.php\\\/author\\\/evavs\\\/\"}]}<\/script>\n<!-- \/ Yoast SEO plugin. -->","yoast_head_json":{"title":"5th Fjord-Bergen Exhibition of Photographic Art 2022 | Bekkalokket Fotoklubb","description":"Bli med \u00e5 delta i 5th Fjord-Bergen Exhibition of Photographic Art 2022. Fristen er 23.september. Registrerer deg n\u00e5!","robots":{"index":"index","follow":"follow","max-snippet":"max-snippet:-1","max-image-preview":"max-image-preview:large","max-video-preview":"max-video-preview:-1"},"canonical":"https:\/\/bekkalokket.no\/index.php\/2022\/08\/17\/5th-fjord-bergen-exhibition-of-photographic-art-2022\/","og_locale":"nb_NO","og_type":"article","og_title":"5th Fjord-Bergen Exhibition of Photographic Art 2022 | Bekkalokket Fotoklubb","og_description":"Bli med \u00e5 delta i 5th Fjord-Bergen Exhibition of Photographic Art 2022. Fristen er 23.september. Registrerer deg n\u00e5!","og_url":"https:\/\/bekkalokket.no\/index.php\/2022\/08\/17\/5th-fjord-bergen-exhibition-of-photographic-art-2022\/","og_site_name":"Bekkalokket Fotoklubb","article_published_time":"2022-08-17T13:53:13+00:00","article_modified_time":"2022-08-18T06:11:39+00:00","og_image":[{"width":756,"height":1080,"url":"https:\/\/bekkalokket.no\/wp-content\/uploads\/2022\/08\/5th-Fjord-Bergen-2022.jpg","type":"image\/jpeg"}],"author":"Eva Virkesdal Eidsheim","twitter_card":"summary_large_image","twitter_misc":{"Skrevet av":"Eva Virkesdal Eidsheim","Ansl. lesetid":"2 minutter"},"schema":{"@context":"https:\/\/schema.org","@graph":[{"@type":"Article","@id":"https:\/\/bekkalokket.no\/index.php\/2022\/08\/17\/5th-fjord-bergen-exhibition-of-photographic-art-2022\/#article","isPartOf":{"@id":"https:\/\/bekkalokket.no\/index.php\/2022\/08\/17\/5th-fjord-bergen-exhibition-of-photographic-art-2022\/"},"author":{"name":"Eva Virkesdal Eidsheim","@id":"https:\/\/bekkalokket.no\/#\/schema\/person\/eab29f8485037f21104e65b7c6e05bfb"},"headline":"5th Fjord-Bergen Exhibition of Photographic Art 2022","datePublished":"2022-08-17T13:53:13+00:00","dateModified":"2022-08-18T06:11:39+00:00","mainEntityOfPage":{"@id":"https:\/\/bekkalokket.no\/index.php\/2022\/08\/17\/5th-fjord-bergen-exhibition-of-photographic-art-2022\/"},"wordCount":171,"image":{"@id":"https:\/\/bekkalokket.no\/index.php\/2022\/08\/17\/5th-fjord-bergen-exhibition-of-photographic-art-2022\/#primaryimage"},"thumbnailUrl":"https:\/\/bekkalokket.no\/wp-content\/uploads\/2022\/08\/5th-Fjord-Bergen-2022.jpg","articleSection":["Konkurranse"],"inLanguage":"nb-NO"},{"@type":"WebPage","@id":"https:\/\/bekkalokket.no\/index.php\/2022\/08\/17\/5th-fjord-bergen-exhibition-of-photographic-art-2022\/","url":"https:\/\/bekkalokket.no\/index.php\/2022\/08\/17\/5th-fjord-bergen-exhibition-of-photographic-art-2022\/","name":"5th Fjord-Bergen Exhibition of Photographic Art 2022 | Bekkalokket Fotoklubb","isPartOf":{"@id":"https:\/\/bekkalokket.no\/#website"},"primaryImageOfPage":{"@id":"https:\/\/bekkalokket.no\/index.php\/2022\/08\/17\/5th-fjord-bergen-exhibition-of-photographic-art-2022\/#primaryimage"},"image":{"@id":"https:\/\/bekkalokket.no\/index.php\/2022\/08\/17\/5th-fjord-bergen-exhibition-of-photographic-art-2022\/#primaryimage"},"thumbnailUrl":"https:\/\/bekkalokket.no\/wp-content\/uploads\/2022\/08\/5th-Fjord-Bergen-2022.jpg","datePublished":"2022-08-17T13:53:13+00:00","dateModified":"2022-08-18T06:11:39+00:00","author":{"@id":"https:\/\/bekkalokket.no\/#\/schema\/person\/eab29f8485037f21104e65b7c6e05bfb"},"description":"Bli med \u00e5 delta i 5th Fjord-Bergen Exhibition of Photographic Art 2022. Fristen er 23.september. Registrerer deg n\u00e5!","breadcrumb":{"@id":"https:\/\/bekkalokket.no\/index.php\/2022\/08\/17\/5th-fjord-bergen-exhibition-of-photographic-art-2022\/#breadcrumb"},"inLanguage":"nb-NO","potentialAction":[{"@type":"ReadAction","target":["https:\/\/bekkalokket.no\/index.php\/2022\/08\/17\/5th-fjord-bergen-exhibition-of-photographic-art-2022\/"]}]},{"@type":"ImageObject","inLanguage":"nb-NO","@id":"https:\/\/bekkalokket.no\/index.php\/2022\/08\/17\/5th-fjord-bergen-exhibition-of-photographic-art-2022\/#primaryimage","url":"https:\/\/bekkalokket.no\/wp-content\/uploads\/2022\/08\/5th-Fjord-Bergen-2022.jpg","contentUrl":"https:\/\/bekkalokket.no\/wp-content\/uploads\/2022\/08\/5th-Fjord-Bergen-2022.jpg","width":756,"height":1080,"caption":"Fjord-Bergen Exhibition of Photographic Art 2022"},{"@type":"BreadcrumbList","@id":"https:\/\/bekkalokket.no\/index.php\/2022\/08\/17\/5th-fjord-bergen-exhibition-of-photographic-art-2022\/#breadcrumb","itemListElement":[{"@type":"ListItem","position":1,"name":"Home","item":"https:\/\/bekkalokket.no\/"},{"@type":"ListItem","position":2,"name":"5th Fjord-Bergen Exhibition of Photographic Art 2022"}]},{"@type":"WebSite","@id":"https:\/\/bekkalokket.no\/#website","url":"https:\/\/bekkalokket.no\/","name":"Bekkalokket Fotoklubb","description":"En sosial og aktiv fotoklubb i Bergen","potentialAction":[{"@type":"SearchAction","target":{"@type":"EntryPoint","urlTemplate":"https:\/\/bekkalokket.no\/?s={search_term_string}"},"query-input":{"@type":"PropertyValueSpecification","valueRequired":true,"valueName":"search_term_string"}}],"inLanguage":"nb-NO"},{"@type":"Person","@id":"https:\/\/bekkalokket.no\/#\/schema\/person\/eab29f8485037f21104e65b7c6e05bfb","name":"Eva Virkesdal Eidsheim","image":{"@type":"ImageObject","inLanguage":"nb-NO","@id":"https:\/\/secure.gravatar.com\/avatar\/b35f512bad71a5a18ddbb016bb0b5d19d05c8cee10dc13a2ac0ee35051f7f64a?s=96&d=mm&r=g","url":"https:\/\/secure.gravatar.com\/avatar\/b35f512bad71a5a18ddbb016bb0b5d19d05c8cee10dc13a2ac0ee35051f7f64a?s=96&d=mm&r=g","contentUrl":"https:\/\/secure.gravatar.com\/avatar\/b35f512bad71a5a18ddbb016bb0b5d19d05c8cee10dc13a2ac0ee35051f7f64a?s=96&d=mm&r=g","caption":"Eva Virkesdal Eidsheim"},"url":"https:\/\/bekkalokket.no\/index.php\/author\/evavs\/"}]}},"_links":{"self":[{"href":"https:\/\/bekkalokket.no\/index.php\/wp-json\/wp\/v2\/posts\/5123","targetHints":{"allow":["GET"]}}],"collection":[{"href":"https:\/\/bekkalokket.no\/index.php\/wp-json\/wp\/v2\/posts"}],"about":[{"href":"https:\/\/bekkalokket.no\/index.php\/wp-json\/wp\/v2\/types\/post"}],"author":[{"embeddable":true,"href":"https:\/\/bekkalokket.no\/index.php\/wp-json\/wp\/v2\/users\/8"}],"replies":[{"embeddable":true,"href":"https:\/\/bekkalokket.no\/index.php\/wp-json\/wp\/v2\/comments?post=5123"}],"version-history":[{"count":23,"href":"https:\/\/bekkalokket.no\/index.php\/wp-json\/wp\/v2\/posts\/5123\/revisions"}],"predecessor-version":[{"id":5158,"href":"https:\/\/bekkalokket.no\/index.php\/wp-json\/wp\/v2\/posts\/5123\/revisions\/5158"}],"wp:featuredmedia":[{"embeddable":true,"href":"https:\/\/bekkalokket.no\/index.php\/wp-json\/wp\/v2\/media\/5124"}],"wp:attachment":[{"href":"https:\/\/bekkalokket.no\/index.php\/wp-json\/wp\/v2\/media?parent=5123"}],"wp:term":[{"taxonomy":"category","embeddable":true,"href":"https:\/\/bekkalokket.no\/index.php\/wp-json\/wp\/v2\/categories?post=5123"},{"taxonomy":"post_tag","embeddable":true,"href":"https:\/\/bekkalokket.no\/index.php\/wp-json\/wp\/v2\/tags?post=5123"}],"curies":[{"name":"wp","href":"https:\/\/api.w.org\/{rel}","templated":true}]}}