{"id":5332,"date":"2022-11-14T18:03:19","date_gmt":"2022-11-14T16:03:19","guid":{"rendered":"https:\/\/bekkalokket.no\/?p=5332"},"modified":"2022-11-14T18:03:22","modified_gmt":"2022-11-14T16:03:22","slug":"status-for-arets-fotograf-er-oppdatert","status":"publish","type":"post","link":"https:\/\/bekkalokket.no\/index.php\/2022\/11\/14\/status-for-arets-fotograf-er-oppdatert\/","title":{"rendered":"Status for \u00e5rets fotograf er oppdatert"},"content":{"rendered":"\n<p>Det gjennst\u00e5r en konkurranse og den er allerede juryert, men som dere alle vet, s\u00e5 blir den konkurransen avsl\u00f8rt p\u00e5 julefesten, og da blir vinneren k\u00e5ret.<\/p>\n\n\n\n<p><\/p>\n\n\n\n<p><a href=\"https:\/\/bekkalokket.no\/index.php\/status-arets-fotograf-2022\/\">Se listen<\/a><\/p>\n","protected":false},"excerpt":{"rendered":"<p>Det gjennst\u00e5r en konkurranse og den er allerede juryert, men som dere alle vet, s\u00e5 blir den konkurransen avsl\u00f8rt p\u00e5 julefesten, og da blir vinneren k\u00e5ret. Se listen<\/p>\n","protected":false},"author":2,"featured_media":4608,"comment_status":"closed","ping_status":"open","sticky":false,"template":"","format":"standard","meta":{"footnotes":""},"categories":[4],"tags":[],"class_list":["post-5332","post","type-post","status-publish","format-standard","has-post-thumbnail","hentry","category-klubbmote"],"yoast_head":"<!-- This site is optimized with the Yoast SEO plugin v27.5 - https:\/\/yoast.com\/product\/yoast-seo-wordpress\/ -->\n<title>Status for \u00e5rets fotograf er oppdatert - Bekkalokket Fotoklubb<\/title>\n<meta name=\"robots\" content=\"index, follow, max-snippet:-1, max-image-preview:large, max-video-preview:-1\" \/>\n<link rel=\"canonical\" href=\"https:\/\/bekkalokket.no\/index.php\/2022\/11\/14\/status-for-arets-fotograf-er-oppdatert\/\" \/>\n<meta property=\"og:locale\" content=\"nb_NO\" \/>\n<meta property=\"og:type\" content=\"article\" \/>\n<meta property=\"og:title\" content=\"Status for \u00e5rets fotograf er oppdatert - Bekkalokket Fotoklubb\" \/>\n<meta property=\"og:description\" content=\"Det gjennst\u00e5r en konkurranse og den er allerede juryert, men som dere alle vet, s\u00e5 blir den konkurransen avsl\u00f8rt p\u00e5 julefesten, og da blir vinneren k\u00e5ret. Se listen\" \/>\n<meta property=\"og:url\" content=\"https:\/\/bekkalokket.no\/index.php\/2022\/11\/14\/status-for-arets-fotograf-er-oppdatert\/\" \/>\n<meta property=\"og:site_name\" content=\"Bekkalokket Fotoklubb\" \/>\n<meta property=\"article:published_time\" content=\"2022-11-14T16:03:19+00:00\" \/>\n<meta property=\"article:modified_time\" content=\"2022-11-14T16:03:22+00:00\" \/>\n<meta property=\"og:image\" content=\"https:\/\/bekkalokket.no\/wp-content\/uploads\/2022\/02\/45-ars_Jubileumsfeiring_BekkalokketFotoklubb.jpg\" \/>\n\t<meta property=\"og:image:width\" content=\"1920\" \/>\n\t<meta property=\"og:image:height\" content=\"1280\" \/>\n\t<meta property=\"og:image:type\" content=\"image\/jpeg\" \/>\n<meta name=\"author\" content=\"Tom Jarane\" \/>\n<meta name=\"twitter:card\" content=\"summary_large_image\" \/>\n<meta name=\"twitter:label1\" content=\"Skrevet av\" \/>\n\t<meta name=\"twitter:data1\" content=\"Tom Jarane\" \/>\n\t<meta name=\"twitter:label2\" content=\"Ansl. lesetid\" \/>\n\t<meta name=\"twitter:data2\" content=\"1 minutt\" \/>\n<script type=\"application\/ld+json\" class=\"yoast-schema-graph\">{\"@context\":\"https:\\\/\\\/schema.org\",\"@graph\":[{\"@type\":\"Article\",\"@id\":\"https:\\\/\\\/bekkalokket.no\\\/index.php\\\/2022\\\/11\\\/14\\\/status-for-arets-fotograf-er-oppdatert\\\/#article\",\"isPartOf\":{\"@id\":\"https:\\\/\\\/bekkalokket.no\\\/index.php\\\/2022\\\/11\\\/14\\\/status-for-arets-fotograf-er-oppdatert\\\/\"},\"author\":{\"name\":\"Tom Jarane\",\"@id\":\"https:\\\/\\\/bekkalokket.no\\\/#\\\/schema\\\/person\\\/48efacfa49e9a4f1397d0abb393ff182\"},\"headline\":\"Status for \u00e5rets fotograf er oppdatert\",\"datePublished\":\"2022-11-14T16:03:19+00:00\",\"dateModified\":\"2022-11-14T16:03:22+00:00\",\"mainEntityOfPage\":{\"@id\":\"https:\\\/\\\/bekkalokket.no\\\/index.php\\\/2022\\\/11\\\/14\\\/status-for-arets-fotograf-er-oppdatert\\\/\"},\"wordCount\":37,\"image\":{\"@id\":\"https:\\\/\\\/bekkalokket.no\\\/index.php\\\/2022\\\/11\\\/14\\\/status-for-arets-fotograf-er-oppdatert\\\/#primaryimage\"},\"thumbnailUrl\":\"https:\\\/\\\/bekkalokket.no\\\/wp-content\\\/uploads\\\/2022\\\/02\\\/45-ars_Jubileumsfeiring_BekkalokketFotoklubb.jpg\",\"articleSection\":[\"Klubbm\u00f8te\"],\"inLanguage\":\"nb-NO\"},{\"@type\":\"WebPage\",\"@id\":\"https:\\\/\\\/bekkalokket.no\\\/index.php\\\/2022\\\/11\\\/14\\\/status-for-arets-fotograf-er-oppdatert\\\/\",\"url\":\"https:\\\/\\\/bekkalokket.no\\\/index.php\\\/2022\\\/11\\\/14\\\/status-for-arets-fotograf-er-oppdatert\\\/\",\"name\":\"Status for \u00e5rets fotograf er oppdatert - Bekkalokket Fotoklubb\",\"isPartOf\":{\"@id\":\"https:\\\/\\\/bekkalokket.no\\\/#website\"},\"primaryImageOfPage\":{\"@id\":\"https:\\\/\\\/bekkalokket.no\\\/index.php\\\/2022\\\/11\\\/14\\\/status-for-arets-fotograf-er-oppdatert\\\/#primaryimage\"},\"image\":{\"@id\":\"https:\\\/\\\/bekkalokket.no\\\/index.php\\\/2022\\\/11\\\/14\\\/status-for-arets-fotograf-er-oppdatert\\\/#primaryimage\"},\"thumbnailUrl\":\"https:\\\/\\\/bekkalokket.no\\\/wp-content\\\/uploads\\\/2022\\\/02\\\/45-ars_Jubileumsfeiring_BekkalokketFotoklubb.jpg\",\"datePublished\":\"2022-11-14T16:03:19+00:00\",\"dateModified\":\"2022-11-14T16:03:22+00:00\",\"author\":{\"@id\":\"https:\\\/\\\/bekkalokket.no\\\/#\\\/schema\\\/person\\\/48efacfa49e9a4f1397d0abb393ff182\"},\"breadcrumb\":{\"@id\":\"https:\\\/\\\/bekkalokket.no\\\/index.php\\\/2022\\\/11\\\/14\\\/status-for-arets-fotograf-er-oppdatert\\\/#breadcrumb\"},\"inLanguage\":\"nb-NO\",\"potentialAction\":[{\"@type\":\"ReadAction\",\"target\":[\"https:\\\/\\\/bekkalokket.no\\\/index.php\\\/2022\\\/11\\\/14\\\/status-for-arets-fotograf-er-oppdatert\\\/\"]}]},{\"@type\":\"ImageObject\",\"inLanguage\":\"nb-NO\",\"@id\":\"https:\\\/\\\/bekkalokket.no\\\/index.php\\\/2022\\\/11\\\/14\\\/status-for-arets-fotograf-er-oppdatert\\\/#primaryimage\",\"url\":\"https:\\\/\\\/bekkalokket.no\\\/wp-content\\\/uploads\\\/2022\\\/02\\\/45-ars_Jubileumsfeiring_BekkalokketFotoklubb.jpg\",\"contentUrl\":\"https:\\\/\\\/bekkalokket.no\\\/wp-content\\\/uploads\\\/2022\\\/02\\\/45-ars_Jubileumsfeiring_BekkalokketFotoklubb.jpg\",\"width\":1920,\"height\":1280,\"caption\":\"Bekkalokket Fotoklubb 45-\u00e5rs Jubileumsfest 2022\"},{\"@type\":\"BreadcrumbList\",\"@id\":\"https:\\\/\\\/bekkalokket.no\\\/index.php\\\/2022\\\/11\\\/14\\\/status-for-arets-fotograf-er-oppdatert\\\/#breadcrumb\",\"itemListElement\":[{\"@type\":\"ListItem\",\"position\":1,\"name\":\"Home\",\"item\":\"https:\\\/\\\/bekkalokket.no\\\/\"},{\"@type\":\"ListItem\",\"position\":2,\"name\":\"Status for \u00e5rets fotograf er oppdatert\"}]},{\"@type\":\"WebSite\",\"@id\":\"https:\\\/\\\/bekkalokket.no\\\/#website\",\"url\":\"https:\\\/\\\/bekkalokket.no\\\/\",\"name\":\"Bekkalokket Fotoklubb\",\"description\":\"En sosial og aktiv fotoklubb i Bergen\",\"potentialAction\":[{\"@type\":\"SearchAction\",\"target\":{\"@type\":\"EntryPoint\",\"urlTemplate\":\"https:\\\/\\\/bekkalokket.no\\\/?s={search_term_string}\"},\"query-input\":{\"@type\":\"PropertyValueSpecification\",\"valueRequired\":true,\"valueName\":\"search_term_string\"}}],\"inLanguage\":\"nb-NO\"},{\"@type\":\"Person\",\"@id\":\"https:\\\/\\\/bekkalokket.no\\\/#\\\/schema\\\/person\\\/48efacfa49e9a4f1397d0abb393ff182\",\"name\":\"Tom Jarane\",\"image\":{\"@type\":\"ImageObject\",\"inLanguage\":\"nb-NO\",\"@id\":\"https:\\\/\\\/secure.gravatar.com\\\/avatar\\\/70b617863496bac047364a0046e35fc6a83b43f97349acb01ef9bd5ec5bc78ba?s=96&d=mm&r=g\",\"url\":\"https:\\\/\\\/secure.gravatar.com\\\/avatar\\\/70b617863496bac047364a0046e35fc6a83b43f97349acb01ef9bd5ec5bc78ba?s=96&d=mm&r=g\",\"contentUrl\":\"https:\\\/\\\/secure.gravatar.com\\\/avatar\\\/70b617863496bac047364a0046e35fc6a83b43f97349acb01ef9bd5ec5bc78ba?s=96&d=mm&r=g\",\"caption\":\"Tom Jarane\"},\"sameAs\":[\"http:\\\/\\\/jarane.net\"],\"url\":\"https:\\\/\\\/bekkalokket.no\\\/index.php\\\/author\\\/tom-jarane\\\/\"}]}<\/script>\n<!-- \/ Yoast SEO plugin. -->","yoast_head_json":{"title":"Status for \u00e5rets fotograf er oppdatert - Bekkalokket Fotoklubb","robots":{"index":"index","follow":"follow","max-snippet":"max-snippet:-1","max-image-preview":"max-image-preview:large","max-video-preview":"max-video-preview:-1"},"canonical":"https:\/\/bekkalokket.no\/index.php\/2022\/11\/14\/status-for-arets-fotograf-er-oppdatert\/","og_locale":"nb_NO","og_type":"article","og_title":"Status for \u00e5rets fotograf er oppdatert - Bekkalokket Fotoklubb","og_description":"Det gjennst\u00e5r en konkurranse og den er allerede juryert, men som dere alle vet, s\u00e5 blir den konkurransen avsl\u00f8rt p\u00e5 julefesten, og da blir vinneren k\u00e5ret. Se listen","og_url":"https:\/\/bekkalokket.no\/index.php\/2022\/11\/14\/status-for-arets-fotograf-er-oppdatert\/","og_site_name":"Bekkalokket Fotoklubb","article_published_time":"2022-11-14T16:03:19+00:00","article_modified_time":"2022-11-14T16:03:22+00:00","og_image":[{"width":1920,"height":1280,"url":"https:\/\/bekkalokket.no\/wp-content\/uploads\/2022\/02\/45-ars_Jubileumsfeiring_BekkalokketFotoklubb.jpg","type":"image\/jpeg"}],"author":"Tom Jarane","twitter_card":"summary_large_image","twitter_misc":{"Skrevet av":"Tom Jarane","Ansl. lesetid":"1 minutt"},"schema":{"@context":"https:\/\/schema.org","@graph":[{"@type":"Article","@id":"https:\/\/bekkalokket.no\/index.php\/2022\/11\/14\/status-for-arets-fotograf-er-oppdatert\/#article","isPartOf":{"@id":"https:\/\/bekkalokket.no\/index.php\/2022\/11\/14\/status-for-arets-fotograf-er-oppdatert\/"},"author":{"name":"Tom Jarane","@id":"https:\/\/bekkalokket.no\/#\/schema\/person\/48efacfa49e9a4f1397d0abb393ff182"},"headline":"Status for \u00e5rets fotograf er oppdatert","datePublished":"2022-11-14T16:03:19+00:00","dateModified":"2022-11-14T16:03:22+00:00","mainEntityOfPage":{"@id":"https:\/\/bekkalokket.no\/index.php\/2022\/11\/14\/status-for-arets-fotograf-er-oppdatert\/"},"wordCount":37,"image":{"@id":"https:\/\/bekkalokket.no\/index.php\/2022\/11\/14\/status-for-arets-fotograf-er-oppdatert\/#primaryimage"},"thumbnailUrl":"https:\/\/bekkalokket.no\/wp-content\/uploads\/2022\/02\/45-ars_Jubileumsfeiring_BekkalokketFotoklubb.jpg","articleSection":["Klubbm\u00f8te"],"inLanguage":"nb-NO"},{"@type":"WebPage","@id":"https:\/\/bekkalokket.no\/index.php\/2022\/11\/14\/status-for-arets-fotograf-er-oppdatert\/","url":"https:\/\/bekkalokket.no\/index.php\/2022\/11\/14\/status-for-arets-fotograf-er-oppdatert\/","name":"Status for \u00e5rets fotograf er oppdatert - Bekkalokket Fotoklubb","isPartOf":{"@id":"https:\/\/bekkalokket.no\/#website"},"primaryImageOfPage":{"@id":"https:\/\/bekkalokket.no\/index.php\/2022\/11\/14\/status-for-arets-fotograf-er-oppdatert\/#primaryimage"},"image":{"@id":"https:\/\/bekkalokket.no\/index.php\/2022\/11\/14\/status-for-arets-fotograf-er-oppdatert\/#primaryimage"},"thumbnailUrl":"https:\/\/bekkalokket.no\/wp-content\/uploads\/2022\/02\/45-ars_Jubileumsfeiring_BekkalokketFotoklubb.jpg","datePublished":"2022-11-14T16:03:19+00:00","dateModified":"2022-11-14T16:03:22+00:00","author":{"@id":"https:\/\/bekkalokket.no\/#\/schema\/person\/48efacfa49e9a4f1397d0abb393ff182"},"breadcrumb":{"@id":"https:\/\/bekkalokket.no\/index.php\/2022\/11\/14\/status-for-arets-fotograf-er-oppdatert\/#breadcrumb"},"inLanguage":"nb-NO","potentialAction":[{"@type":"ReadAction","target":["https:\/\/bekkalokket.no\/index.php\/2022\/11\/14\/status-for-arets-fotograf-er-oppdatert\/"]}]},{"@type":"ImageObject","inLanguage":"nb-NO","@id":"https:\/\/bekkalokket.no\/index.php\/2022\/11\/14\/status-for-arets-fotograf-er-oppdatert\/#primaryimage","url":"https:\/\/bekkalokket.no\/wp-content\/uploads\/2022\/02\/45-ars_Jubileumsfeiring_BekkalokketFotoklubb.jpg","contentUrl":"https:\/\/bekkalokket.no\/wp-content\/uploads\/2022\/02\/45-ars_Jubileumsfeiring_BekkalokketFotoklubb.jpg","width":1920,"height":1280,"caption":"Bekkalokket Fotoklubb 45-\u00e5rs Jubileumsfest 2022"},{"@type":"BreadcrumbList","@id":"https:\/\/bekkalokket.no\/index.php\/2022\/11\/14\/status-for-arets-fotograf-er-oppdatert\/#breadcrumb","itemListElement":[{"@type":"ListItem","position":1,"name":"Home","item":"https:\/\/bekkalokket.no\/"},{"@type":"ListItem","position":2,"name":"Status for \u00e5rets fotograf er oppdatert"}]},{"@type":"WebSite","@id":"https:\/\/bekkalokket.no\/#website","url":"https:\/\/bekkalokket.no\/","name":"Bekkalokket Fotoklubb","description":"En sosial og aktiv fotoklubb i Bergen","potentialAction":[{"@type":"SearchAction","target":{"@type":"EntryPoint","urlTemplate":"https:\/\/bekkalokket.no\/?s={search_term_string}"},"query-input":{"@type":"PropertyValueSpecification","valueRequired":true,"valueName":"search_term_string"}}],"inLanguage":"nb-NO"},{"@type":"Person","@id":"https:\/\/bekkalokket.no\/#\/schema\/person\/48efacfa49e9a4f1397d0abb393ff182","name":"Tom Jarane","image":{"@type":"ImageObject","inLanguage":"nb-NO","@id":"https:\/\/secure.gravatar.com\/avatar\/70b617863496bac047364a0046e35fc6a83b43f97349acb01ef9bd5ec5bc78ba?s=96&d=mm&r=g","url":"https:\/\/secure.gravatar.com\/avatar\/70b617863496bac047364a0046e35fc6a83b43f97349acb01ef9bd5ec5bc78ba?s=96&d=mm&r=g","contentUrl":"https:\/\/secure.gravatar.com\/avatar\/70b617863496bac047364a0046e35fc6a83b43f97349acb01ef9bd5ec5bc78ba?s=96&d=mm&r=g","caption":"Tom Jarane"},"sameAs":["http:\/\/jarane.net"],"url":"https:\/\/bekkalokket.no\/index.php\/author\/tom-jarane\/"}]}},"_links":{"self":[{"href":"https:\/\/bekkalokket.no\/index.php\/wp-json\/wp\/v2\/posts\/5332","targetHints":{"allow":["GET"]}}],"collection":[{"href":"https:\/\/bekkalokket.no\/index.php\/wp-json\/wp\/v2\/posts"}],"about":[{"href":"https:\/\/bekkalokket.no\/index.php\/wp-json\/wp\/v2\/types\/post"}],"author":[{"embeddable":true,"href":"https:\/\/bekkalokket.no\/index.php\/wp-json\/wp\/v2\/users\/2"}],"replies":[{"embeddable":true,"href":"https:\/\/bekkalokket.no\/index.php\/wp-json\/wp\/v2\/comments?post=5332"}],"version-history":[{"count":1,"href":"https:\/\/bekkalokket.no\/index.php\/wp-json\/wp\/v2\/posts\/5332\/revisions"}],"predecessor-version":[{"id":5333,"href":"https:\/\/bekkalokket.no\/index.php\/wp-json\/wp\/v2\/posts\/5332\/revisions\/5333"}],"wp:featuredmedia":[{"embeddable":true,"href":"https:\/\/bekkalokket.no\/index.php\/wp-json\/wp\/v2\/media\/4608"}],"wp:attachment":[{"href":"https:\/\/bekkalokket.no\/index.php\/wp-json\/wp\/v2\/media?parent=5332"}],"wp:term":[{"taxonomy":"category","embeddable":true,"href":"https:\/\/bekkalokket.no\/index.php\/wp-json\/wp\/v2\/categories?post=5332"},{"taxonomy":"post_tag","embeddable":true,"href":"https:\/\/bekkalokket.no\/index.php\/wp-json\/wp\/v2\/tags?post=5332"}],"curies":[{"name":"wp","href":"https:\/\/api.w.org\/{rel}","templated":true}]}}