{"id":5611,"date":"2023-02-25T22:33:31","date_gmt":"2023-02-25T20:33:31","guid":{"rendered":"https:\/\/bekkalokket.no\/?p=5611"},"modified":"2024-05-14T16:48:02","modified_gmt":"2024-05-14T14:48:02","slug":"bli-med-pa-varens-fototur-med-bekkalokket-fotoklubb","status":"publish","type":"post","link":"https:\/\/bekkalokket.no\/index.php\/2023\/02\/25\/bli-med-pa-varens-fototur-med-bekkalokket-fotoklubb\/","title":{"rendered":"Fototur med Bekkalokket Fotoklubb"},"content":{"rendered":"\n<h2 class=\"wp-block-heading\">Viktig l\u00f8ypemelding fr\u00e5 Turkomiteen til alle klubbens medlemmer!<\/h2>\n\n\n\n<p>Vi planlegger ein fototur denne v\u00e5ren. N\u00e6rere bestemt 12.mai &#8211; 14.mai 2023.<\/p>\n\n\n\n<p>Reisem\u00e5let er ikkje heilt klart end\u00e5. Det vert ein stad p\u00e5 Vestlandet.<\/p>\n\n\n\n<p>BFK Turkomite har eit stort engasjement for at klubbens medlemmer skal f\u00e5 anledning til \u00e5 utvikle sine fotofaglege ferdigheter. Det gj\u00f8r vi gjennom turer, reiser og sosialt samv\u00e6r.<\/p>\n\n\n\n<p>Saman skaper vi eit elderado for fotografering. Like viktig er fotogleden, meistringer og minner for livet.<\/p>\n\n\n\n<p>Dersom du er interessert i \u00e5 vere med p\u00e5 v\u00e5rens fototur, s\u00e5 hald av denne helga alt no!<\/p>\n\n\n\n<p>N\u00e6rare informasjon om reisem\u00e5let, overnatting, priser og transport vil kome om ikkje s\u00e5 lenge. <\/p>\n\n\n\n<p><\/p>\n\n\n\n<h3 class=\"wp-block-heading\">Velkomen til v\u00e5rens fototur med Bekkalokket Fotoklubb.<\/h3>\n\n\n\n<p><\/p>\n\n\n\n<p>Helsing<\/p>\n\n\n\n<p><strong>Bekkalokket Turkomite<\/strong><\/p>\n\n\n\n<p><\/p>\n\n\n\n<p><a href=\"https:\/\/bekkalokket.no\/index.php\/bli-medlem\/\"><strong>\u00d8nsker du \u00e5 bli medlem av Bekkalokket Fotoklubb? En av nordens st\u00f8rste fotoklubber<\/strong><\/a>.<\/p>\n\n\n\n<p><a href=\"https:\/\/bekkalokket.no\/index.php\/program\/\"><strong>Program for V\u00e5ren 2023<\/strong><\/a><\/p>\n\n\n\n<p><strong><a href=\"https:\/\/nsff.no\/norsk-selskap-for-fotografi-fellesskap-for-norske-film-og-fotoklubber\/\">Medlemsfordeler via NSFF (Norsk Selskap For Fotografi)<\/a><\/strong><\/p>\n\n\n\n<div class=\"wp-block-columns is-layout-flex wp-container-core-columns-is-layout-9d6595d7 wp-block-columns-is-layout-flex\">\n<div class=\"wp-block-column is-layout-flow wp-block-column-is-layout-flow\">\n<figure class=\"wp-block-image size-full\"><img loading=\"lazy\" decoding=\"async\" width=\"2560\" height=\"2075\" src=\"https:\/\/bekkalokket.no\/wp-content\/uploads\/2023\/02\/IMG_9674_BFK-1-scaled.jpg\" alt=\"Bekkalokket Fotoklubb arrangerer fototur for klubbens medlemmer v\u00e5ren 2023.\" class=\"wp-image-5614\" srcset=\"https:\/\/bekkalokket.no\/wp-content\/uploads\/2023\/02\/IMG_9674_BFK-1-scaled.jpg 2560w, https:\/\/bekkalokket.no\/wp-content\/uploads\/2023\/02\/IMG_9674_BFK-1-300x243.jpg 300w\" sizes=\"auto, (max-width: 2560px) 100vw, 2560px\" \/><figcaption class=\"wp-element-caption\"><strong>Bekkalokket Turkomite arrangerer fototur  til \u00c5rdal i Vestland 12.5-14.05.2023<\/strong><\/figcaption><\/figure>\n<\/div>\n\n\n\n<div class=\"wp-block-column is-layout-flow wp-block-column-is-layout-flow\"><\/div>\n<\/div>\n","protected":false},"excerpt":{"rendered":"<p>Viktig l\u00f8ypemelding fr\u00e5 Turkomiteen til alle klubbens medlemmer! Vi planlegger ein fototur denne v\u00e5ren. N\u00e6rere bestemt 12.mai &#8211; 14.mai 2023. Reisem\u00e5let er ikkje heilt klart end\u00e5. Det vert ein stad p\u00e5 Vestlandet. BFK Turkomite&#46;&#46;&#46;<\/p>\n","protected":false},"author":8,"featured_media":6721,"comment_status":"closed","ping_status":"open","sticky":false,"template":"","format":"standard","meta":{"footnotes":""},"categories":[15,124],"tags":[],"class_list":["post-5611","post","type-post","status-publish","format-standard","has-post-thumbnail","hentry","category-sosialt","category-turer"],"yoast_head":"<!-- This site is optimized with the Yoast SEO plugin v27.5 - https:\/\/yoast.com\/product\/yoast-seo-wordpress\/ -->\n<title>Fototur med Bekkalokket Fotoklubb - Bekkalokket Fotoklubb<\/title>\n<meta name=\"description\" content=\"BFK Fotoklubb har et stort engasjement for at klubbens medlemmer skal f\u00e5 mulighet til \u00e5 utvikle fotofaglige ferdigheter via v\u00e5rens fototur.\" \/>\n<meta name=\"robots\" content=\"index, follow, max-snippet:-1, max-image-preview:large, max-video-preview:-1\" \/>\n<link rel=\"canonical\" href=\"https:\/\/bekkalokket.no\/index.php\/2023\/02\/25\/bli-med-pa-varens-fototur-med-bekkalokket-fotoklubb\/\" \/>\n<meta property=\"og:locale\" content=\"nb_NO\" \/>\n<meta property=\"og:type\" content=\"article\" \/>\n<meta property=\"og:title\" content=\"Fototur med Bekkalokket Fotoklubb - Bekkalokket Fotoklubb\" \/>\n<meta property=\"og:description\" content=\"BFK Fotoklubb har et stort engasjement for at klubbens medlemmer skal f\u00e5 mulighet til \u00e5 utvikle fotofaglige ferdigheter via v\u00e5rens fototur.\" \/>\n<meta property=\"og:url\" content=\"https:\/\/bekkalokket.no\/index.php\/2023\/02\/25\/bli-med-pa-varens-fototur-med-bekkalokket-fotoklubb\/\" \/>\n<meta property=\"og:site_name\" content=\"Bekkalokket Fotoklubb\" \/>\n<meta property=\"article:published_time\" content=\"2023-02-25T20:33:31+00:00\" \/>\n<meta property=\"article:modified_time\" content=\"2024-05-14T14:48:02+00:00\" \/>\n<meta property=\"og:image\" content=\"https:\/\/bekkalokket.no\/wp-content\/uploads\/2023\/06\/oddhild-Lien.-Gamle-kraftstasjonen-Large.jpeg\" \/>\n\t<meta property=\"og:image:width\" content=\"1000\" \/>\n\t<meta property=\"og:image:height\" content=\"787\" \/>\n\t<meta property=\"og:image:type\" content=\"image\/jpeg\" \/>\n<meta name=\"author\" content=\"Eva Virkesdal Eidsheim\" \/>\n<meta name=\"twitter:card\" content=\"summary_large_image\" \/>\n<meta name=\"twitter:label1\" content=\"Skrevet av\" \/>\n\t<meta name=\"twitter:data1\" content=\"Eva Virkesdal Eidsheim\" \/>\n\t<meta name=\"twitter:label2\" content=\"Ansl. lesetid\" \/>\n\t<meta name=\"twitter:data2\" content=\"2 minutter\" \/>\n<script type=\"application\/ld+json\" class=\"yoast-schema-graph\">{\"@context\":\"https:\\\/\\\/schema.org\",\"@graph\":[{\"@type\":\"Article\",\"@id\":\"https:\\\/\\\/bekkalokket.no\\\/index.php\\\/2023\\\/02\\\/25\\\/bli-med-pa-varens-fototur-med-bekkalokket-fotoklubb\\\/#article\",\"isPartOf\":{\"@id\":\"https:\\\/\\\/bekkalokket.no\\\/index.php\\\/2023\\\/02\\\/25\\\/bli-med-pa-varens-fototur-med-bekkalokket-fotoklubb\\\/\"},\"author\":{\"name\":\"Eva Virkesdal Eidsheim\",\"@id\":\"https:\\\/\\\/bekkalokket.no\\\/#\\\/schema\\\/person\\\/eab29f8485037f21104e65b7c6e05bfb\"},\"headline\":\"Fototur med Bekkalokket Fotoklubb\",\"datePublished\":\"2023-02-25T20:33:31+00:00\",\"dateModified\":\"2024-05-14T14:48:02+00:00\",\"mainEntityOfPage\":{\"@id\":\"https:\\\/\\\/bekkalokket.no\\\/index.php\\\/2023\\\/02\\\/25\\\/bli-med-pa-varens-fototur-med-bekkalokket-fotoklubb\\\/\"},\"wordCount\":162,\"image\":{\"@id\":\"https:\\\/\\\/bekkalokket.no\\\/index.php\\\/2023\\\/02\\\/25\\\/bli-med-pa-varens-fototur-med-bekkalokket-fotoklubb\\\/#primaryimage\"},\"thumbnailUrl\":\"https:\\\/\\\/bekkalokket.no\\\/wp-content\\\/uploads\\\/2023\\\/06\\\/oddhild-Lien.-Gamle-kraftstasjonen-Large.jpeg\",\"articleSection\":[\"Sosialt\",\"Turer\"],\"inLanguage\":\"nb-NO\"},{\"@type\":\"WebPage\",\"@id\":\"https:\\\/\\\/bekkalokket.no\\\/index.php\\\/2023\\\/02\\\/25\\\/bli-med-pa-varens-fototur-med-bekkalokket-fotoklubb\\\/\",\"url\":\"https:\\\/\\\/bekkalokket.no\\\/index.php\\\/2023\\\/02\\\/25\\\/bli-med-pa-varens-fototur-med-bekkalokket-fotoklubb\\\/\",\"name\":\"Fototur med Bekkalokket Fotoklubb - Bekkalokket Fotoklubb\",\"isPartOf\":{\"@id\":\"https:\\\/\\\/bekkalokket.no\\\/#website\"},\"primaryImageOfPage\":{\"@id\":\"https:\\\/\\\/bekkalokket.no\\\/index.php\\\/2023\\\/02\\\/25\\\/bli-med-pa-varens-fototur-med-bekkalokket-fotoklubb\\\/#primaryimage\"},\"image\":{\"@id\":\"https:\\\/\\\/bekkalokket.no\\\/index.php\\\/2023\\\/02\\\/25\\\/bli-med-pa-varens-fototur-med-bekkalokket-fotoklubb\\\/#primaryimage\"},\"thumbnailUrl\":\"https:\\\/\\\/bekkalokket.no\\\/wp-content\\\/uploads\\\/2023\\\/06\\\/oddhild-Lien.-Gamle-kraftstasjonen-Large.jpeg\",\"datePublished\":\"2023-02-25T20:33:31+00:00\",\"dateModified\":\"2024-05-14T14:48:02+00:00\",\"author\":{\"@id\":\"https:\\\/\\\/bekkalokket.no\\\/#\\\/schema\\\/person\\\/eab29f8485037f21104e65b7c6e05bfb\"},\"description\":\"BFK Fotoklubb har et stort engasjement for at klubbens medlemmer skal f\u00e5 mulighet til \u00e5 utvikle fotofaglige ferdigheter via v\u00e5rens fototur.\",\"breadcrumb\":{\"@id\":\"https:\\\/\\\/bekkalokket.no\\\/index.php\\\/2023\\\/02\\\/25\\\/bli-med-pa-varens-fototur-med-bekkalokket-fotoklubb\\\/#breadcrumb\"},\"inLanguage\":\"nb-NO\",\"potentialAction\":[{\"@type\":\"ReadAction\",\"target\":[\"https:\\\/\\\/bekkalokket.no\\\/index.php\\\/2023\\\/02\\\/25\\\/bli-med-pa-varens-fototur-med-bekkalokket-fotoklubb\\\/\"]}]},{\"@type\":\"ImageObject\",\"inLanguage\":\"nb-NO\",\"@id\":\"https:\\\/\\\/bekkalokket.no\\\/index.php\\\/2023\\\/02\\\/25\\\/bli-med-pa-varens-fototur-med-bekkalokket-fotoklubb\\\/#primaryimage\",\"url\":\"https:\\\/\\\/bekkalokket.no\\\/wp-content\\\/uploads\\\/2023\\\/06\\\/oddhild-Lien.-Gamle-kraftstasjonen-Large.jpeg\",\"contentUrl\":\"https:\\\/\\\/bekkalokket.no\\\/wp-content\\\/uploads\\\/2023\\\/06\\\/oddhild-Lien.-Gamle-kraftstasjonen-Large.jpeg\",\"width\":1000,\"height\":787,\"caption\":\"oddhild Lien. Gamle kraftstasjonen\"},{\"@type\":\"BreadcrumbList\",\"@id\":\"https:\\\/\\\/bekkalokket.no\\\/index.php\\\/2023\\\/02\\\/25\\\/bli-med-pa-varens-fototur-med-bekkalokket-fotoklubb\\\/#breadcrumb\",\"itemListElement\":[{\"@type\":\"ListItem\",\"position\":1,\"name\":\"Home\",\"item\":\"https:\\\/\\\/bekkalokket.no\\\/\"},{\"@type\":\"ListItem\",\"position\":2,\"name\":\"Fototur med Bekkalokket Fotoklubb\"}]},{\"@type\":\"WebSite\",\"@id\":\"https:\\\/\\\/bekkalokket.no\\\/#website\",\"url\":\"https:\\\/\\\/bekkalokket.no\\\/\",\"name\":\"Bekkalokket Fotoklubb\",\"description\":\"En sosial og aktiv fotoklubb i Bergen\",\"potentialAction\":[{\"@type\":\"SearchAction\",\"target\":{\"@type\":\"EntryPoint\",\"urlTemplate\":\"https:\\\/\\\/bekkalokket.no\\\/?s={search_term_string}\"},\"query-input\":{\"@type\":\"PropertyValueSpecification\",\"valueRequired\":true,\"valueName\":\"search_term_string\"}}],\"inLanguage\":\"nb-NO\"},{\"@type\":\"Person\",\"@id\":\"https:\\\/\\\/bekkalokket.no\\\/#\\\/schema\\\/person\\\/eab29f8485037f21104e65b7c6e05bfb\",\"name\":\"Eva Virkesdal Eidsheim\",\"image\":{\"@type\":\"ImageObject\",\"inLanguage\":\"nb-NO\",\"@id\":\"https:\\\/\\\/secure.gravatar.com\\\/avatar\\\/b35f512bad71a5a18ddbb016bb0b5d19d05c8cee10dc13a2ac0ee35051f7f64a?s=96&d=mm&r=g\",\"url\":\"https:\\\/\\\/secure.gravatar.com\\\/avatar\\\/b35f512bad71a5a18ddbb016bb0b5d19d05c8cee10dc13a2ac0ee35051f7f64a?s=96&d=mm&r=g\",\"contentUrl\":\"https:\\\/\\\/secure.gravatar.com\\\/avatar\\\/b35f512bad71a5a18ddbb016bb0b5d19d05c8cee10dc13a2ac0ee35051f7f64a?s=96&d=mm&r=g\",\"caption\":\"Eva Virkesdal Eidsheim\"},\"url\":\"https:\\\/\\\/bekkalokket.no\\\/index.php\\\/author\\\/evavs\\\/\"}]}<\/script>\n<!-- \/ Yoast SEO plugin. -->","yoast_head_json":{"title":"Fototur med Bekkalokket Fotoklubb - Bekkalokket Fotoklubb","description":"BFK Fotoklubb har et stort engasjement for at klubbens medlemmer skal f\u00e5 mulighet til \u00e5 utvikle fotofaglige ferdigheter via v\u00e5rens fototur.","robots":{"index":"index","follow":"follow","max-snippet":"max-snippet:-1","max-image-preview":"max-image-preview:large","max-video-preview":"max-video-preview:-1"},"canonical":"https:\/\/bekkalokket.no\/index.php\/2023\/02\/25\/bli-med-pa-varens-fototur-med-bekkalokket-fotoklubb\/","og_locale":"nb_NO","og_type":"article","og_title":"Fototur med Bekkalokket Fotoklubb - Bekkalokket Fotoklubb","og_description":"BFK Fotoklubb har et stort engasjement for at klubbens medlemmer skal f\u00e5 mulighet til \u00e5 utvikle fotofaglige ferdigheter via v\u00e5rens fototur.","og_url":"https:\/\/bekkalokket.no\/index.php\/2023\/02\/25\/bli-med-pa-varens-fototur-med-bekkalokket-fotoklubb\/","og_site_name":"Bekkalokket Fotoklubb","article_published_time":"2023-02-25T20:33:31+00:00","article_modified_time":"2024-05-14T14:48:02+00:00","og_image":[{"width":1000,"height":787,"url":"https:\/\/bekkalokket.no\/wp-content\/uploads\/2023\/06\/oddhild-Lien.-Gamle-kraftstasjonen-Large.jpeg","type":"image\/jpeg"}],"author":"Eva Virkesdal Eidsheim","twitter_card":"summary_large_image","twitter_misc":{"Skrevet av":"Eva Virkesdal Eidsheim","Ansl. lesetid":"2 minutter"},"schema":{"@context":"https:\/\/schema.org","@graph":[{"@type":"Article","@id":"https:\/\/bekkalokket.no\/index.php\/2023\/02\/25\/bli-med-pa-varens-fototur-med-bekkalokket-fotoklubb\/#article","isPartOf":{"@id":"https:\/\/bekkalokket.no\/index.php\/2023\/02\/25\/bli-med-pa-varens-fototur-med-bekkalokket-fotoklubb\/"},"author":{"name":"Eva Virkesdal Eidsheim","@id":"https:\/\/bekkalokket.no\/#\/schema\/person\/eab29f8485037f21104e65b7c6e05bfb"},"headline":"Fototur med Bekkalokket Fotoklubb","datePublished":"2023-02-25T20:33:31+00:00","dateModified":"2024-05-14T14:48:02+00:00","mainEntityOfPage":{"@id":"https:\/\/bekkalokket.no\/index.php\/2023\/02\/25\/bli-med-pa-varens-fototur-med-bekkalokket-fotoklubb\/"},"wordCount":162,"image":{"@id":"https:\/\/bekkalokket.no\/index.php\/2023\/02\/25\/bli-med-pa-varens-fototur-med-bekkalokket-fotoklubb\/#primaryimage"},"thumbnailUrl":"https:\/\/bekkalokket.no\/wp-content\/uploads\/2023\/06\/oddhild-Lien.-Gamle-kraftstasjonen-Large.jpeg","articleSection":["Sosialt","Turer"],"inLanguage":"nb-NO"},{"@type":"WebPage","@id":"https:\/\/bekkalokket.no\/index.php\/2023\/02\/25\/bli-med-pa-varens-fototur-med-bekkalokket-fotoklubb\/","url":"https:\/\/bekkalokket.no\/index.php\/2023\/02\/25\/bli-med-pa-varens-fototur-med-bekkalokket-fotoklubb\/","name":"Fototur med Bekkalokket Fotoklubb - Bekkalokket Fotoklubb","isPartOf":{"@id":"https:\/\/bekkalokket.no\/#website"},"primaryImageOfPage":{"@id":"https:\/\/bekkalokket.no\/index.php\/2023\/02\/25\/bli-med-pa-varens-fototur-med-bekkalokket-fotoklubb\/#primaryimage"},"image":{"@id":"https:\/\/bekkalokket.no\/index.php\/2023\/02\/25\/bli-med-pa-varens-fototur-med-bekkalokket-fotoklubb\/#primaryimage"},"thumbnailUrl":"https:\/\/bekkalokket.no\/wp-content\/uploads\/2023\/06\/oddhild-Lien.-Gamle-kraftstasjonen-Large.jpeg","datePublished":"2023-02-25T20:33:31+00:00","dateModified":"2024-05-14T14:48:02+00:00","author":{"@id":"https:\/\/bekkalokket.no\/#\/schema\/person\/eab29f8485037f21104e65b7c6e05bfb"},"description":"BFK Fotoklubb har et stort engasjement for at klubbens medlemmer skal f\u00e5 mulighet til \u00e5 utvikle fotofaglige ferdigheter via v\u00e5rens fototur.","breadcrumb":{"@id":"https:\/\/bekkalokket.no\/index.php\/2023\/02\/25\/bli-med-pa-varens-fototur-med-bekkalokket-fotoklubb\/#breadcrumb"},"inLanguage":"nb-NO","potentialAction":[{"@type":"ReadAction","target":["https:\/\/bekkalokket.no\/index.php\/2023\/02\/25\/bli-med-pa-varens-fototur-med-bekkalokket-fotoklubb\/"]}]},{"@type":"ImageObject","inLanguage":"nb-NO","@id":"https:\/\/bekkalokket.no\/index.php\/2023\/02\/25\/bli-med-pa-varens-fototur-med-bekkalokket-fotoklubb\/#primaryimage","url":"https:\/\/bekkalokket.no\/wp-content\/uploads\/2023\/06\/oddhild-Lien.-Gamle-kraftstasjonen-Large.jpeg","contentUrl":"https:\/\/bekkalokket.no\/wp-content\/uploads\/2023\/06\/oddhild-Lien.-Gamle-kraftstasjonen-Large.jpeg","width":1000,"height":787,"caption":"oddhild Lien. Gamle kraftstasjonen"},{"@type":"BreadcrumbList","@id":"https:\/\/bekkalokket.no\/index.php\/2023\/02\/25\/bli-med-pa-varens-fototur-med-bekkalokket-fotoklubb\/#breadcrumb","itemListElement":[{"@type":"ListItem","position":1,"name":"Home","item":"https:\/\/bekkalokket.no\/"},{"@type":"ListItem","position":2,"name":"Fototur med Bekkalokket Fotoklubb"}]},{"@type":"WebSite","@id":"https:\/\/bekkalokket.no\/#website","url":"https:\/\/bekkalokket.no\/","name":"Bekkalokket Fotoklubb","description":"En sosial og aktiv fotoklubb i Bergen","potentialAction":[{"@type":"SearchAction","target":{"@type":"EntryPoint","urlTemplate":"https:\/\/bekkalokket.no\/?s={search_term_string}"},"query-input":{"@type":"PropertyValueSpecification","valueRequired":true,"valueName":"search_term_string"}}],"inLanguage":"nb-NO"},{"@type":"Person","@id":"https:\/\/bekkalokket.no\/#\/schema\/person\/eab29f8485037f21104e65b7c6e05bfb","name":"Eva Virkesdal Eidsheim","image":{"@type":"ImageObject","inLanguage":"nb-NO","@id":"https:\/\/secure.gravatar.com\/avatar\/b35f512bad71a5a18ddbb016bb0b5d19d05c8cee10dc13a2ac0ee35051f7f64a?s=96&d=mm&r=g","url":"https:\/\/secure.gravatar.com\/avatar\/b35f512bad71a5a18ddbb016bb0b5d19d05c8cee10dc13a2ac0ee35051f7f64a?s=96&d=mm&r=g","contentUrl":"https:\/\/secure.gravatar.com\/avatar\/b35f512bad71a5a18ddbb016bb0b5d19d05c8cee10dc13a2ac0ee35051f7f64a?s=96&d=mm&r=g","caption":"Eva Virkesdal Eidsheim"},"url":"https:\/\/bekkalokket.no\/index.php\/author\/evavs\/"}]}},"_links":{"self":[{"href":"https:\/\/bekkalokket.no\/index.php\/wp-json\/wp\/v2\/posts\/5611","targetHints":{"allow":["GET"]}}],"collection":[{"href":"https:\/\/bekkalokket.no\/index.php\/wp-json\/wp\/v2\/posts"}],"about":[{"href":"https:\/\/bekkalokket.no\/index.php\/wp-json\/wp\/v2\/types\/post"}],"author":[{"embeddable":true,"href":"https:\/\/bekkalokket.no\/index.php\/wp-json\/wp\/v2\/users\/8"}],"replies":[{"embeddable":true,"href":"https:\/\/bekkalokket.no\/index.php\/wp-json\/wp\/v2\/comments?post=5611"}],"version-history":[{"count":22,"href":"https:\/\/bekkalokket.no\/index.php\/wp-json\/wp\/v2\/posts\/5611\/revisions"}],"predecessor-version":[{"id":5792,"href":"https:\/\/bekkalokket.no\/index.php\/wp-json\/wp\/v2\/posts\/5611\/revisions\/5792"}],"wp:featuredmedia":[{"embeddable":true,"href":"https:\/\/bekkalokket.no\/index.php\/wp-json\/wp\/v2\/media\/6721"}],"wp:attachment":[{"href":"https:\/\/bekkalokket.no\/index.php\/wp-json\/wp\/v2\/media?parent=5611"}],"wp:term":[{"taxonomy":"category","embeddable":true,"href":"https:\/\/bekkalokket.no\/index.php\/wp-json\/wp\/v2\/categories?post=5611"},{"taxonomy":"post_tag","embeddable":true,"href":"https:\/\/bekkalokket.no\/index.php\/wp-json\/wp\/v2\/tags?post=5611"}],"curies":[{"name":"wp","href":"https:\/\/api.w.org\/{rel}","templated":true}]}}