{"id":5780,"date":"2023-03-20T19:26:07","date_gmt":"2023-03-20T17:26:07","guid":{"rendered":"https:\/\/bekkalokket.no\/?page_id=5780"},"modified":"2023-09-20T00:04:44","modified_gmt":"2023-09-19T22:04:44","slug":"fototur-til-ardal-i-vestland","status":"publish","type":"post","link":"https:\/\/bekkalokket.no\/index.php\/2023\/03\/20\/fototur-til-ardal-i-vestland\/","title":{"rendered":"Fototur til \u00c5rdal 2023"},"content":{"rendered":"\n<h2 class=\"wp-block-heading\">Helga 12.mai &#8211; 14.mai 2023 reiser vi til \u00c5rdal<\/h2>\n\n\n\n<p>\u00c5rdal er ein unik plass for flotte naturopplevingar. Bygda er kalla <strong>&#8220;Porten til Jotunheimen&#8221;<\/strong>. Her kan ein f\u00e5 oppleve fire vakre fosser med <a href=\"https:\/\/www.visitardal.no\/utladalen\/nytt-vettisfossen-utsiktspunkt\">Vettisfossen<\/a> som er den mest kjende, og som har det h\u00f8gaste verna fossefallet i Norge med eit fritt fall p\u00e5 275 meter.<\/p>\n\n\n\n<p>I tillegg til naturfotografering, vil vi pr\u00f8ve \u00e5 f\u00e5 omvisning i fabrikklokala til<a href=\"https:\/\/snl.no\/%C3%85rdal_og_Sunndal_Verk\"> \u00c5rdal og Sunndal Verk , Norsk Hydro<\/a>.<\/p>\n\n\n\n<p>Vi satsar p\u00e5 \u00e5 bu p\u00e5 Klingenberg hotell. Eventuelt kombinere med <a href=\"https:\/\/www.visitnorway.no\/listings\/sitla-hotell\/108160\/\">Sitla Hotel &amp; Apartments<\/a> som er litt billigare.<\/p>\n\n\n\n<p><strong>Pris pr. person i dobbeltrom p\u00e5 Klingenberg  kr. 800 pr. natt<\/strong><\/p>\n\n\n\n<p><strong>Enkeltrom kr. 1200  pr. natt.<\/strong><\/p>\n\n\n\n<p><strong>Frokostpakker kjem i tillegg p\u00e5 kr. 150<\/strong><\/p>\n\n\n\n<p>Sitla Hotel &amp; Apartments er ubetjent og er kr. 200 billegare pr. natt.<\/p>\n\n\n\n<p>Vi vil pr\u00f8ve \u00e5 sy dette saman dersom folk bur p\u00e5 begge plassar, slik at vi kan ha fellessamlingar. Vi satsar i alle fall p\u00e5 \u00e5 ha ein fellesmiddag laurdag kveld.<\/p>\n\n\n\n<p>Det er som er utfordringa v\u00e5r er at det denne helga er konfirmasjon i \u00c5rdal. S\u00e5 dersom vi skal f\u00e5 plass p\u00e5 hotellet, m\u00e5 vi bestemme oss ganske kjapt!<\/p>\n\n\n\n<p>Derfor er det viktig at de som vil vere med melder til oss s\u00e5 snart de veit om de vil delta.<\/p>\n\n\n\n<h4 class=\"wp-block-heading\">Send <strong>p\u00e5melding til&nbsp;<a href=\"mailto:oddhild.lien@gmail.com\" target=\"_blank\" rel=\"noreferrer noopener\">oddhild.lien@gmail.com<\/a>&nbsp;innan 1. april.<\/strong><\/h4>\n\n\n\n<p><\/p>\n\n\n\n<p>Grundigare informasjon om turen vil komme etter kvart.<\/p>\n\n\n\n<h3 class=\"wp-block-heading\">H\u00e5par mange har lyst \u00e5 vere med oss til \u00c5rdal.<\/h3>\n\n\n\n<p><\/p>\n\n\n\n<p><strong>Helsing Bekkalokket Turkomite<\/strong><\/p>\n\n\n\n<p><strong>Arne, Annie, Kirsten og Oddhild<\/strong><\/p>\n\n\n\n<p><\/p>\n\n\n\n<h3 class=\"wp-block-heading\"><a href=\"https:\/\/klingenberghotel.no\/\">Klingenberg Hotel<\/a><\/h3>\n\n\n\n<h3 class=\"wp-block-heading\"><a href=\"https:\/\/www.visitardal.no\/utladalen\/nytt-vettisfossen-utsiktspunkt\">Vettisfossen<\/a><\/h3>\n\n\n\n<h4 class=\"wp-block-heading\"><a href=\"https:\/\/bekkalokket.no\/index.php\/bli-medlem\/\">Bli medlem i Bekkalokket Fotoklubb<\/a><\/h4>\n\n\n\n<p><\/p>\n\n\n\n<figure class=\"wp-block-image size-full\"><img loading=\"lazy\" decoding=\"async\" width=\"2560\" height=\"2075\" src=\"https:\/\/bekkalokket.no\/wp-content\/uploads\/2023\/02\/IMG_9674_BFK-1-scaled.jpg\" alt=\"Bekkalokket Fotoklubb arrangerer fototur for klubbens medlemmer v\u00e5ren 2023.\" class=\"wp-image-5614\" srcset=\"https:\/\/bekkalokket.no\/wp-content\/uploads\/2023\/02\/IMG_9674_BFK-1-scaled.jpg 2560w, https:\/\/bekkalokket.no\/wp-content\/uploads\/2023\/02\/IMG_9674_BFK-1-300x243.jpg 300w\" sizes=\"auto, (max-width: 2560px) 100vw, 2560px\" \/><figcaption class=\"wp-element-caption\"><strong>Bekkalokket Fotoklubb arrangerer fototur til \u00c5rdal  i Vestland for klubbens medlemmer v\u00e5ren 2023<\/strong><\/figcaption><\/figure>\n","protected":false},"excerpt":{"rendered":"<p>Helga 12.mai &#8211; 14.mai 2023 reiser vi til \u00c5rdal \u00c5rdal er ein unik plass for flotte naturopplevingar. Bygda er kalla &#8220;Porten til Jotunheimen&#8221;. Her kan ein f\u00e5 oppleve fire vakre fosser med Vettisfossen som&#46;&#46;&#46;<\/p>\n","protected":false},"author":8,"featured_media":5614,"comment_status":"closed","ping_status":"closed","sticky":false,"template":"","format":"standard","meta":{"footnotes":""},"categories":[15,124],"tags":[],"class_list":["post-5780","post","type-post","status-publish","format-standard","has-post-thumbnail","hentry","category-sosialt","category-turer"],"yoast_head":"<!-- This site is optimized with the Yoast SEO plugin v27.5 - https:\/\/yoast.com\/product\/yoast-seo-wordpress\/ -->\n<title>Fototur til \u00c5rdal 2023 | Bekkalokket Fotoklubb<\/title>\n<meta name=\"description\" content=\"\u00c5rets fototur til \u00c5rdal er helga 12.mai - 14.mai 2023. Porten til Jotunheimen. Ein unik plass for naturopplevinger. Meld deg p\u00e5 i dag!\" \/>\n<meta name=\"robots\" content=\"index, follow, max-snippet:-1, max-image-preview:large, max-video-preview:-1\" \/>\n<link rel=\"canonical\" href=\"https:\/\/bekkalokket.no\/index.php\/2023\/03\/20\/fototur-til-ardal-i-vestland\/\" \/>\n<meta property=\"og:locale\" content=\"nb_NO\" \/>\n<meta property=\"og:type\" content=\"article\" \/>\n<meta property=\"og:title\" content=\"Fototur til \u00c5rdal 2023 | Bekkalokket Fotoklubb\" \/>\n<meta property=\"og:description\" content=\"\u00c5rets fototur til \u00c5rdal er helga 12.mai - 14.mai 2023. Porten til Jotunheimen. Ein unik plass for naturopplevinger. Meld deg p\u00e5 i dag!\" \/>\n<meta property=\"og:url\" content=\"https:\/\/bekkalokket.no\/index.php\/2023\/03\/20\/fototur-til-ardal-i-vestland\/\" \/>\n<meta property=\"og:site_name\" content=\"Bekkalokket Fotoklubb\" \/>\n<meta property=\"article:published_time\" content=\"2023-03-20T17:26:07+00:00\" \/>\n<meta property=\"article:modified_time\" content=\"2023-09-19T22:04:44+00:00\" \/>\n<meta property=\"og:image\" content=\"https:\/\/bekkalokket.no\/wp-content\/uploads\/2023\/02\/IMG_9674_BFK-1-scaled.jpg\" \/>\n\t<meta property=\"og:image:width\" content=\"2560\" \/>\n\t<meta property=\"og:image:height\" content=\"2075\" \/>\n\t<meta property=\"og:image:type\" content=\"image\/jpeg\" \/>\n<meta name=\"author\" content=\"Eva Virkesdal Eidsheim\" \/>\n<meta name=\"twitter:card\" content=\"summary_large_image\" \/>\n<meta name=\"twitter:label1\" content=\"Skrevet av\" \/>\n\t<meta name=\"twitter:data1\" content=\"Eva Virkesdal Eidsheim\" \/>\n\t<meta name=\"twitter:label2\" content=\"Ansl. lesetid\" \/>\n\t<meta name=\"twitter:data2\" content=\"2 minutter\" \/>\n<script type=\"application\/ld+json\" class=\"yoast-schema-graph\">{\"@context\":\"https:\\\/\\\/schema.org\",\"@graph\":[{\"@type\":\"Article\",\"@id\":\"https:\\\/\\\/bekkalokket.no\\\/index.php\\\/2023\\\/03\\\/20\\\/fototur-til-ardal-i-vestland\\\/#article\",\"isPartOf\":{\"@id\":\"https:\\\/\\\/bekkalokket.no\\\/index.php\\\/2023\\\/03\\\/20\\\/fototur-til-ardal-i-vestland\\\/\"},\"author\":{\"name\":\"Eva Virkesdal Eidsheim\",\"@id\":\"https:\\\/\\\/bekkalokket.no\\\/#\\\/schema\\\/person\\\/eab29f8485037f21104e65b7c6e05bfb\"},\"headline\":\"Fototur til \u00c5rdal 2023\",\"datePublished\":\"2023-03-20T17:26:07+00:00\",\"dateModified\":\"2023-09-19T22:04:44+00:00\",\"mainEntityOfPage\":{\"@id\":\"https:\\\/\\\/bekkalokket.no\\\/index.php\\\/2023\\\/03\\\/20\\\/fototur-til-ardal-i-vestland\\\/\"},\"wordCount\":265,\"image\":{\"@id\":\"https:\\\/\\\/bekkalokket.no\\\/index.php\\\/2023\\\/03\\\/20\\\/fototur-til-ardal-i-vestland\\\/#primaryimage\"},\"thumbnailUrl\":\"https:\\\/\\\/bekkalokket.no\\\/wp-content\\\/uploads\\\/2023\\\/02\\\/IMG_9674_BFK-1-scaled.jpg\",\"articleSection\":[\"Sosialt\",\"Turer\"],\"inLanguage\":\"nb-NO\"},{\"@type\":\"WebPage\",\"@id\":\"https:\\\/\\\/bekkalokket.no\\\/index.php\\\/2023\\\/03\\\/20\\\/fototur-til-ardal-i-vestland\\\/\",\"url\":\"https:\\\/\\\/bekkalokket.no\\\/index.php\\\/2023\\\/03\\\/20\\\/fototur-til-ardal-i-vestland\\\/\",\"name\":\"Fototur til \u00c5rdal 2023 | Bekkalokket Fotoklubb\",\"isPartOf\":{\"@id\":\"https:\\\/\\\/bekkalokket.no\\\/#website\"},\"primaryImageOfPage\":{\"@id\":\"https:\\\/\\\/bekkalokket.no\\\/index.php\\\/2023\\\/03\\\/20\\\/fototur-til-ardal-i-vestland\\\/#primaryimage\"},\"image\":{\"@id\":\"https:\\\/\\\/bekkalokket.no\\\/index.php\\\/2023\\\/03\\\/20\\\/fototur-til-ardal-i-vestland\\\/#primaryimage\"},\"thumbnailUrl\":\"https:\\\/\\\/bekkalokket.no\\\/wp-content\\\/uploads\\\/2023\\\/02\\\/IMG_9674_BFK-1-scaled.jpg\",\"datePublished\":\"2023-03-20T17:26:07+00:00\",\"dateModified\":\"2023-09-19T22:04:44+00:00\",\"author\":{\"@id\":\"https:\\\/\\\/bekkalokket.no\\\/#\\\/schema\\\/person\\\/eab29f8485037f21104e65b7c6e05bfb\"},\"description\":\"\u00c5rets fototur til \u00c5rdal er helga 12.mai - 14.mai 2023. Porten til Jotunheimen. Ein unik plass for naturopplevinger. Meld deg p\u00e5 i dag!\",\"breadcrumb\":{\"@id\":\"https:\\\/\\\/bekkalokket.no\\\/index.php\\\/2023\\\/03\\\/20\\\/fototur-til-ardal-i-vestland\\\/#breadcrumb\"},\"inLanguage\":\"nb-NO\",\"potentialAction\":[{\"@type\":\"ReadAction\",\"target\":[\"https:\\\/\\\/bekkalokket.no\\\/index.php\\\/2023\\\/03\\\/20\\\/fototur-til-ardal-i-vestland\\\/\"]}]},{\"@type\":\"ImageObject\",\"inLanguage\":\"nb-NO\",\"@id\":\"https:\\\/\\\/bekkalokket.no\\\/index.php\\\/2023\\\/03\\\/20\\\/fototur-til-ardal-i-vestland\\\/#primaryimage\",\"url\":\"https:\\\/\\\/bekkalokket.no\\\/wp-content\\\/uploads\\\/2023\\\/02\\\/IMG_9674_BFK-1-scaled.jpg\",\"contentUrl\":\"https:\\\/\\\/bekkalokket.no\\\/wp-content\\\/uploads\\\/2023\\\/02\\\/IMG_9674_BFK-1-scaled.jpg\",\"width\":2560,\"height\":2075,\"caption\":\"Bekkalokket Fotoklubb arrangerer fototur for klubbens medlemmer v\u00e5ren 2023.\"},{\"@type\":\"BreadcrumbList\",\"@id\":\"https:\\\/\\\/bekkalokket.no\\\/index.php\\\/2023\\\/03\\\/20\\\/fototur-til-ardal-i-vestland\\\/#breadcrumb\",\"itemListElement\":[{\"@type\":\"ListItem\",\"position\":1,\"name\":\"Home\",\"item\":\"https:\\\/\\\/bekkalokket.no\\\/\"},{\"@type\":\"ListItem\",\"position\":2,\"name\":\"Fototur til \u00c5rdal 2023\"}]},{\"@type\":\"WebSite\",\"@id\":\"https:\\\/\\\/bekkalokket.no\\\/#website\",\"url\":\"https:\\\/\\\/bekkalokket.no\\\/\",\"name\":\"Bekkalokket Fotoklubb\",\"description\":\"En sosial og aktiv fotoklubb i Bergen\",\"potentialAction\":[{\"@type\":\"SearchAction\",\"target\":{\"@type\":\"EntryPoint\",\"urlTemplate\":\"https:\\\/\\\/bekkalokket.no\\\/?s={search_term_string}\"},\"query-input\":{\"@type\":\"PropertyValueSpecification\",\"valueRequired\":true,\"valueName\":\"search_term_string\"}}],\"inLanguage\":\"nb-NO\"},{\"@type\":\"Person\",\"@id\":\"https:\\\/\\\/bekkalokket.no\\\/#\\\/schema\\\/person\\\/eab29f8485037f21104e65b7c6e05bfb\",\"name\":\"Eva Virkesdal Eidsheim\",\"image\":{\"@type\":\"ImageObject\",\"inLanguage\":\"nb-NO\",\"@id\":\"https:\\\/\\\/secure.gravatar.com\\\/avatar\\\/b35f512bad71a5a18ddbb016bb0b5d19d05c8cee10dc13a2ac0ee35051f7f64a?s=96&d=mm&r=g\",\"url\":\"https:\\\/\\\/secure.gravatar.com\\\/avatar\\\/b35f512bad71a5a18ddbb016bb0b5d19d05c8cee10dc13a2ac0ee35051f7f64a?s=96&d=mm&r=g\",\"contentUrl\":\"https:\\\/\\\/secure.gravatar.com\\\/avatar\\\/b35f512bad71a5a18ddbb016bb0b5d19d05c8cee10dc13a2ac0ee35051f7f64a?s=96&d=mm&r=g\",\"caption\":\"Eva Virkesdal Eidsheim\"},\"url\":\"https:\\\/\\\/bekkalokket.no\\\/index.php\\\/author\\\/evavs\\\/\"}]}<\/script>\n<!-- \/ Yoast SEO plugin. -->","yoast_head_json":{"title":"Fototur til \u00c5rdal 2023 | Bekkalokket Fotoklubb","description":"\u00c5rets fototur til \u00c5rdal er helga 12.mai - 14.mai 2023. Porten til Jotunheimen. Ein unik plass for naturopplevinger. Meld deg p\u00e5 i dag!","robots":{"index":"index","follow":"follow","max-snippet":"max-snippet:-1","max-image-preview":"max-image-preview:large","max-video-preview":"max-video-preview:-1"},"canonical":"https:\/\/bekkalokket.no\/index.php\/2023\/03\/20\/fototur-til-ardal-i-vestland\/","og_locale":"nb_NO","og_type":"article","og_title":"Fototur til \u00c5rdal 2023 | Bekkalokket Fotoklubb","og_description":"\u00c5rets fototur til \u00c5rdal er helga 12.mai - 14.mai 2023. Porten til Jotunheimen. Ein unik plass for naturopplevinger. Meld deg p\u00e5 i dag!","og_url":"https:\/\/bekkalokket.no\/index.php\/2023\/03\/20\/fototur-til-ardal-i-vestland\/","og_site_name":"Bekkalokket Fotoklubb","article_published_time":"2023-03-20T17:26:07+00:00","article_modified_time":"2023-09-19T22:04:44+00:00","og_image":[{"width":2560,"height":2075,"url":"https:\/\/bekkalokket.no\/wp-content\/uploads\/2023\/02\/IMG_9674_BFK-1-scaled.jpg","type":"image\/jpeg"}],"author":"Eva Virkesdal Eidsheim","twitter_card":"summary_large_image","twitter_misc":{"Skrevet av":"Eva Virkesdal Eidsheim","Ansl. lesetid":"2 minutter"},"schema":{"@context":"https:\/\/schema.org","@graph":[{"@type":"Article","@id":"https:\/\/bekkalokket.no\/index.php\/2023\/03\/20\/fototur-til-ardal-i-vestland\/#article","isPartOf":{"@id":"https:\/\/bekkalokket.no\/index.php\/2023\/03\/20\/fototur-til-ardal-i-vestland\/"},"author":{"name":"Eva Virkesdal Eidsheim","@id":"https:\/\/bekkalokket.no\/#\/schema\/person\/eab29f8485037f21104e65b7c6e05bfb"},"headline":"Fototur til \u00c5rdal 2023","datePublished":"2023-03-20T17:26:07+00:00","dateModified":"2023-09-19T22:04:44+00:00","mainEntityOfPage":{"@id":"https:\/\/bekkalokket.no\/index.php\/2023\/03\/20\/fototur-til-ardal-i-vestland\/"},"wordCount":265,"image":{"@id":"https:\/\/bekkalokket.no\/index.php\/2023\/03\/20\/fototur-til-ardal-i-vestland\/#primaryimage"},"thumbnailUrl":"https:\/\/bekkalokket.no\/wp-content\/uploads\/2023\/02\/IMG_9674_BFK-1-scaled.jpg","articleSection":["Sosialt","Turer"],"inLanguage":"nb-NO"},{"@type":"WebPage","@id":"https:\/\/bekkalokket.no\/index.php\/2023\/03\/20\/fototur-til-ardal-i-vestland\/","url":"https:\/\/bekkalokket.no\/index.php\/2023\/03\/20\/fototur-til-ardal-i-vestland\/","name":"Fototur til \u00c5rdal 2023 | Bekkalokket Fotoklubb","isPartOf":{"@id":"https:\/\/bekkalokket.no\/#website"},"primaryImageOfPage":{"@id":"https:\/\/bekkalokket.no\/index.php\/2023\/03\/20\/fototur-til-ardal-i-vestland\/#primaryimage"},"image":{"@id":"https:\/\/bekkalokket.no\/index.php\/2023\/03\/20\/fototur-til-ardal-i-vestland\/#primaryimage"},"thumbnailUrl":"https:\/\/bekkalokket.no\/wp-content\/uploads\/2023\/02\/IMG_9674_BFK-1-scaled.jpg","datePublished":"2023-03-20T17:26:07+00:00","dateModified":"2023-09-19T22:04:44+00:00","author":{"@id":"https:\/\/bekkalokket.no\/#\/schema\/person\/eab29f8485037f21104e65b7c6e05bfb"},"description":"\u00c5rets fototur til \u00c5rdal er helga 12.mai - 14.mai 2023. Porten til Jotunheimen. Ein unik plass for naturopplevinger. Meld deg p\u00e5 i dag!","breadcrumb":{"@id":"https:\/\/bekkalokket.no\/index.php\/2023\/03\/20\/fototur-til-ardal-i-vestland\/#breadcrumb"},"inLanguage":"nb-NO","potentialAction":[{"@type":"ReadAction","target":["https:\/\/bekkalokket.no\/index.php\/2023\/03\/20\/fototur-til-ardal-i-vestland\/"]}]},{"@type":"ImageObject","inLanguage":"nb-NO","@id":"https:\/\/bekkalokket.no\/index.php\/2023\/03\/20\/fototur-til-ardal-i-vestland\/#primaryimage","url":"https:\/\/bekkalokket.no\/wp-content\/uploads\/2023\/02\/IMG_9674_BFK-1-scaled.jpg","contentUrl":"https:\/\/bekkalokket.no\/wp-content\/uploads\/2023\/02\/IMG_9674_BFK-1-scaled.jpg","width":2560,"height":2075,"caption":"Bekkalokket Fotoklubb arrangerer fototur for klubbens medlemmer v\u00e5ren 2023."},{"@type":"BreadcrumbList","@id":"https:\/\/bekkalokket.no\/index.php\/2023\/03\/20\/fototur-til-ardal-i-vestland\/#breadcrumb","itemListElement":[{"@type":"ListItem","position":1,"name":"Home","item":"https:\/\/bekkalokket.no\/"},{"@type":"ListItem","position":2,"name":"Fototur til \u00c5rdal 2023"}]},{"@type":"WebSite","@id":"https:\/\/bekkalokket.no\/#website","url":"https:\/\/bekkalokket.no\/","name":"Bekkalokket Fotoklubb","description":"En sosial og aktiv fotoklubb i Bergen","potentialAction":[{"@type":"SearchAction","target":{"@type":"EntryPoint","urlTemplate":"https:\/\/bekkalokket.no\/?s={search_term_string}"},"query-input":{"@type":"PropertyValueSpecification","valueRequired":true,"valueName":"search_term_string"}}],"inLanguage":"nb-NO"},{"@type":"Person","@id":"https:\/\/bekkalokket.no\/#\/schema\/person\/eab29f8485037f21104e65b7c6e05bfb","name":"Eva Virkesdal Eidsheim","image":{"@type":"ImageObject","inLanguage":"nb-NO","@id":"https:\/\/secure.gravatar.com\/avatar\/b35f512bad71a5a18ddbb016bb0b5d19d05c8cee10dc13a2ac0ee35051f7f64a?s=96&d=mm&r=g","url":"https:\/\/secure.gravatar.com\/avatar\/b35f512bad71a5a18ddbb016bb0b5d19d05c8cee10dc13a2ac0ee35051f7f64a?s=96&d=mm&r=g","contentUrl":"https:\/\/secure.gravatar.com\/avatar\/b35f512bad71a5a18ddbb016bb0b5d19d05c8cee10dc13a2ac0ee35051f7f64a?s=96&d=mm&r=g","caption":"Eva Virkesdal Eidsheim"},"url":"https:\/\/bekkalokket.no\/index.php\/author\/evavs\/"}]}},"_links":{"self":[{"href":"https:\/\/bekkalokket.no\/index.php\/wp-json\/wp\/v2\/posts\/5780","targetHints":{"allow":["GET"]}}],"collection":[{"href":"https:\/\/bekkalokket.no\/index.php\/wp-json\/wp\/v2\/posts"}],"about":[{"href":"https:\/\/bekkalokket.no\/index.php\/wp-json\/wp\/v2\/types\/post"}],"author":[{"embeddable":true,"href":"https:\/\/bekkalokket.no\/index.php\/wp-json\/wp\/v2\/users\/8"}],"replies":[{"embeddable":true,"href":"https:\/\/bekkalokket.no\/index.php\/wp-json\/wp\/v2\/comments?post=5780"}],"version-history":[{"count":17,"href":"https:\/\/bekkalokket.no\/index.php\/wp-json\/wp\/v2\/posts\/5780\/revisions"}],"predecessor-version":[{"id":7281,"href":"https:\/\/bekkalokket.no\/index.php\/wp-json\/wp\/v2\/posts\/5780\/revisions\/7281"}],"wp:featuredmedia":[{"embeddable":true,"href":"https:\/\/bekkalokket.no\/index.php\/wp-json\/wp\/v2\/media\/5614"}],"wp:attachment":[{"href":"https:\/\/bekkalokket.no\/index.php\/wp-json\/wp\/v2\/media?parent=5780"}],"wp:term":[{"taxonomy":"category","embeddable":true,"href":"https:\/\/bekkalokket.no\/index.php\/wp-json\/wp\/v2\/categories?post=5780"},{"taxonomy":"post_tag","embeddable":true,"href":"https:\/\/bekkalokket.no\/index.php\/wp-json\/wp\/v2\/tags?post=5780"}],"curies":[{"name":"wp","href":"https:\/\/api.w.org\/{rel}","templated":true}]}}