{"id":5825,"date":"2023-03-20T21:34:02","date_gmt":"2023-03-20T19:34:02","guid":{"rendered":"https:\/\/bekkalokket.no\/?p=5825"},"modified":"2023-03-20T21:35:23","modified_gmt":"2023-03-20T19:35:23","slug":"klubblaget-til-nm-runden-varen-2023","status":"publish","type":"post","link":"https:\/\/bekkalokket.no\/index.php\/2023\/03\/20\/klubblaget-til-nm-runden-varen-2023\/","title":{"rendered":"Klubblaget til NM-runden v\u00e5ren 2023"},"content":{"rendered":"\n<p>Her er de 20 bildene som v\u00e5r klubbjury valgte ut til \u00e5 representere klubben i klubbkonkurransen i NM i foto. Som vanlig arrangert av Norsk Selskap for Fotografi NSFF<\/p>\n\n\n\n<p><\/p>\n\n\n\n<figure class=\"wp-block-gallery has-nested-images columns-default is-cropped wp-block-gallery-2 is-layout-flex wp-block-gallery-is-layout-flex\">\n<figure class=\"wp-block-image size-large\"><img loading=\"lazy\" decoding=\"async\" width=\"1024\" height=\"885\" data-id=\"5824\" src=\"https:\/\/bekkalokket.no\/wp-content\/uploads\/2023\/03\/164145_Electricity-Rising-1024x885.jpg\" alt=\"Gunnar Bye - Electricity Rising\" class=\"wp-image-5824\" srcset=\"https:\/\/bekkalokket.no\/wp-content\/uploads\/2023\/03\/164145_Electricity-Rising-1024x885.jpg 1024w, https:\/\/bekkalokket.no\/wp-content\/uploads\/2023\/03\/164145_Electricity-Rising-300x259.jpg 300w, https:\/\/bekkalokket.no\/wp-content\/uploads\/2023\/03\/164145_Electricity-Rising-768x664.jpg 768w, https:\/\/bekkalokket.no\/wp-content\/uploads\/2023\/03\/164145_Electricity-Rising-1536x1328.jpg 1536w, https:\/\/bekkalokket.no\/wp-content\/uploads\/2023\/03\/164145_Electricity-Rising-2048x1771.jpg 2048w\" sizes=\"auto, (max-width: 1024px) 100vw, 1024px\" \/><figcaption class=\"wp-element-caption\">Gunnar Bye &#8211; Electricity Rising<\/figcaption><\/figure>\n\n\n\n<figure class=\"wp-block-image size-large\"><img loading=\"lazy\" decoding=\"async\" width=\"1024\" height=\"819\" data-id=\"5823\" src=\"https:\/\/bekkalokket.no\/wp-content\/uploads\/2023\/03\/168927_Focus-1024x819.jpg\" alt=\"John Vint - Focus\" class=\"wp-image-5823\" srcset=\"https:\/\/bekkalokket.no\/wp-content\/uploads\/2023\/03\/168927_Focus-1024x819.jpg 1024w, https:\/\/bekkalokket.no\/wp-content\/uploads\/2023\/03\/168927_Focus-300x240.jpg 300w, https:\/\/bekkalokket.no\/wp-content\/uploads\/2023\/03\/168927_Focus-768x614.jpg 768w, https:\/\/bekkalokket.no\/wp-content\/uploads\/2023\/03\/168927_Focus-1536x1229.jpg 1536w, https:\/\/bekkalokket.no\/wp-content\/uploads\/2023\/03\/168927_Focus-2048x1638.jpg 2048w\" sizes=\"auto, (max-width: 1024px) 100vw, 1024px\" \/><figcaption class=\"wp-element-caption\">John Vint &#8211; Focus<\/figcaption><\/figure>\n\n\n\n<figure class=\"wp-block-image size-large\"><img loading=\"lazy\" decoding=\"async\" width=\"1024\" height=\"768\" data-id=\"5822\" src=\"https:\/\/bekkalokket.no\/wp-content\/uploads\/2023\/03\/167701_Squirrel-in-winter-wonderland-1024x768.jpg\" alt=\"Merja Olsson - Squirrel in winter wonderland\" class=\"wp-image-5822\" srcset=\"https:\/\/bekkalokket.no\/wp-content\/uploads\/2023\/03\/167701_Squirrel-in-winter-wonderland-1024x768.jpg 1024w, https:\/\/bekkalokket.no\/wp-content\/uploads\/2023\/03\/167701_Squirrel-in-winter-wonderland-300x225.jpg 300w, https:\/\/bekkalokket.no\/wp-content\/uploads\/2023\/03\/167701_Squirrel-in-winter-wonderland-768x576.jpg 768w, https:\/\/bekkalokket.no\/wp-content\/uploads\/2023\/03\/167701_Squirrel-in-winter-wonderland-1536x1152.jpg 1536w, https:\/\/bekkalokket.no\/wp-content\/uploads\/2023\/03\/167701_Squirrel-in-winter-wonderland-2048x1536.jpg 2048w\" sizes=\"auto, (max-width: 1024px) 100vw, 1024px\" \/><figcaption class=\"wp-element-caption\">Merja Olsson &#8211; Squirrel in winter wonderland<\/figcaption><\/figure>\n\n\n\n<figure class=\"wp-block-image size-large\"><img loading=\"lazy\" decoding=\"async\" width=\"722\" height=\"1024\" data-id=\"5821\" src=\"https:\/\/bekkalokket.no\/wp-content\/uploads\/2023\/03\/164155_The-Eye-722x1024.jpg\" alt=\"Gunnar Bye - The Eye\" class=\"wp-image-5821\" srcset=\"https:\/\/bekkalokket.no\/wp-content\/uploads\/2023\/03\/164155_The-Eye-722x1024.jpg 722w, https:\/\/bekkalokket.no\/wp-content\/uploads\/2023\/03\/164155_The-Eye-212x300.jpg 212w, https:\/\/bekkalokket.no\/wp-content\/uploads\/2023\/03\/164155_The-Eye-768x1089.jpg 768w, https:\/\/bekkalokket.no\/wp-content\/uploads\/2023\/03\/164155_The-Eye-1084x1536.jpg 1084w, https:\/\/bekkalokket.no\/wp-content\/uploads\/2023\/03\/164155_The-Eye-1445x2048.jpg 1445w, https:\/\/bekkalokket.no\/wp-content\/uploads\/2023\/03\/164155_The-Eye.jpg 1693w\" sizes=\"auto, (max-width: 722px) 100vw, 722px\" \/><figcaption class=\"wp-element-caption\">Gunnar Bye &#8211; The Eye<\/figcaption><\/figure>\n\n\n\n<figure class=\"wp-block-image size-large\"><img loading=\"lazy\" decoding=\"async\" width=\"1024\" height=\"576\" data-id=\"5820\" src=\"https:\/\/bekkalokket.no\/wp-content\/uploads\/2023\/03\/167706_Bear-in-marshland-1024x576.jpg\" alt=\"Merja Olsson - Bear in marshland\" class=\"wp-image-5820\" srcset=\"https:\/\/bekkalokket.no\/wp-content\/uploads\/2023\/03\/167706_Bear-in-marshland-1024x576.jpg 1024w, https:\/\/bekkalokket.no\/wp-content\/uploads\/2023\/03\/167706_Bear-in-marshland-300x169.jpg 300w, https:\/\/bekkalokket.no\/wp-content\/uploads\/2023\/03\/167706_Bear-in-marshland-768x432.jpg 768w, https:\/\/bekkalokket.no\/wp-content\/uploads\/2023\/03\/167706_Bear-in-marshland-1536x864.jpg 1536w, https:\/\/bekkalokket.no\/wp-content\/uploads\/2023\/03\/167706_Bear-in-marshland-2048x1152.jpg 2048w\" sizes=\"auto, (max-width: 1024px) 100vw, 1024px\" \/><figcaption class=\"wp-element-caption\">Merja Olsson &#8211; Bear in marshland<\/figcaption><\/figure>\n\n\n\n<figure class=\"wp-block-image size-large\"><img loading=\"lazy\" decoding=\"async\" width=\"1024\" height=\"819\" data-id=\"5819\" src=\"https:\/\/bekkalokket.no\/wp-content\/uploads\/2023\/03\/168937_Flying-LG-1024x819.jpg\" alt=\"John Vint - Flying LG\" class=\"wp-image-5819\" srcset=\"https:\/\/bekkalokket.no\/wp-content\/uploads\/2023\/03\/168937_Flying-LG-1024x819.jpg 1024w, https:\/\/bekkalokket.no\/wp-content\/uploads\/2023\/03\/168937_Flying-LG-300x240.jpg 300w, https:\/\/bekkalokket.no\/wp-content\/uploads\/2023\/03\/168937_Flying-LG-768x614.jpg 768w, https:\/\/bekkalokket.no\/wp-content\/uploads\/2023\/03\/168937_Flying-LG-1536x1229.jpg 1536w, https:\/\/bekkalokket.no\/wp-content\/uploads\/2023\/03\/168937_Flying-LG-2048x1638.jpg 2048w\" sizes=\"auto, (max-width: 1024px) 100vw, 1024px\" \/><figcaption class=\"wp-element-caption\">John Vint &#8211; Flying LG<\/figcaption><\/figure>\n\n\n\n<figure class=\"wp-block-image size-large\"><img loading=\"lazy\" decoding=\"async\" width=\"1024\" height=\"1024\" data-id=\"5818\" src=\"https:\/\/bekkalokket.no\/wp-content\/uploads\/2023\/03\/162862_Trapped-1024x1024.jpg\" alt=\"Roald Synnev\u00e5g - Trapped\" class=\"wp-image-5818\" srcset=\"https:\/\/bekkalokket.no\/wp-content\/uploads\/2023\/03\/162862_Trapped-1024x1024.jpg 1024w, https:\/\/bekkalokket.no\/wp-content\/uploads\/2023\/03\/162862_Trapped-300x300.jpg 300w, https:\/\/bekkalokket.no\/wp-content\/uploads\/2023\/03\/162862_Trapped-150x150.jpg 150w, https:\/\/bekkalokket.no\/wp-content\/uploads\/2023\/03\/162862_Trapped-768x768.jpg 768w, https:\/\/bekkalokket.no\/wp-content\/uploads\/2023\/03\/162862_Trapped-1536x1536.jpg 1536w, https:\/\/bekkalokket.no\/wp-content\/uploads\/2023\/03\/162862_Trapped-2048x2048.jpg 2048w, https:\/\/bekkalokket.no\/wp-content\/uploads\/2023\/03\/162862_Trapped-80x80.jpg 80w, https:\/\/bekkalokket.no\/wp-content\/uploads\/2023\/03\/162862_Trapped-320x320.jpg 320w\" sizes=\"auto, (max-width: 1024px) 100vw, 1024px\" \/><figcaption class=\"wp-element-caption\">Roald Synnev\u00e5g &#8211; Trapped<\/figcaption><\/figure>\n\n\n\n<figure class=\"wp-block-image size-large\"><img loading=\"lazy\" decoding=\"async\" width=\"980\" height=\"1024\" data-id=\"5817\" src=\"https:\/\/bekkalokket.no\/wp-content\/uploads\/2023\/03\/164645_Inn-for-landing-980x1024.jpg\" alt=\"Kristin Risa - Inn for landing\" class=\"wp-image-5817\" srcset=\"https:\/\/bekkalokket.no\/wp-content\/uploads\/2023\/03\/164645_Inn-for-landing-980x1024.jpg 980w, https:\/\/bekkalokket.no\/wp-content\/uploads\/2023\/03\/164645_Inn-for-landing-287x300.jpg 287w, https:\/\/bekkalokket.no\/wp-content\/uploads\/2023\/03\/164645_Inn-for-landing-768x802.jpg 768w, https:\/\/bekkalokket.no\/wp-content\/uploads\/2023\/03\/164645_Inn-for-landing-1471x1536.jpg 1471w, https:\/\/bekkalokket.no\/wp-content\/uploads\/2023\/03\/164645_Inn-for-landing-1961x2048.jpg 1961w\" sizes=\"auto, (max-width: 980px) 100vw, 980px\" \/><figcaption class=\"wp-element-caption\">Kristin Risa &#8211; Inn for landing<\/figcaption><\/figure>\n\n\n\n<figure class=\"wp-block-image size-large\"><img loading=\"lazy\" decoding=\"async\" width=\"1024\" height=\"683\" data-id=\"5816\" src=\"https:\/\/bekkalokket.no\/wp-content\/uploads\/2023\/03\/166505_Damselfly-NO1-Haukaas-1-1024x683.jpg\" alt=\"Arne Bergo - Damselfly NO1 Haukaas\" class=\"wp-image-5816\" srcset=\"https:\/\/bekkalokket.no\/wp-content\/uploads\/2023\/03\/166505_Damselfly-NO1-Haukaas-1-1024x683.jpg 1024w, https:\/\/bekkalokket.no\/wp-content\/uploads\/2023\/03\/166505_Damselfly-NO1-Haukaas-1-300x200.jpg 300w, https:\/\/bekkalokket.no\/wp-content\/uploads\/2023\/03\/166505_Damselfly-NO1-Haukaas-1-768x512.jpg 768w, https:\/\/bekkalokket.no\/wp-content\/uploads\/2023\/03\/166505_Damselfly-NO1-Haukaas-1-1536x1024.jpg 1536w, https:\/\/bekkalokket.no\/wp-content\/uploads\/2023\/03\/166505_Damselfly-NO1-Haukaas-1-2048x1365.jpg 2048w\" sizes=\"auto, (max-width: 1024px) 100vw, 1024px\" \/><figcaption class=\"wp-element-caption\">Arne Bergo &#8211; Damselfly NO1 Haukaas<\/figcaption><\/figure>\n\n\n\n<figure class=\"wp-block-image size-large\"><img loading=\"lazy\" decoding=\"async\" width=\"934\" height=\"1024\" data-id=\"5815\" src=\"https:\/\/bekkalokket.no\/wp-content\/uploads\/2023\/03\/168474_Arets-kjegletraer-934x1024.jpg\" alt=\"Audun Nygaard - \u00c5rets kjegletr\u00e6r\" class=\"wp-image-5815\" srcset=\"https:\/\/bekkalokket.no\/wp-content\/uploads\/2023\/03\/168474_Arets-kjegletraer-934x1024.jpg 934w, https:\/\/bekkalokket.no\/wp-content\/uploads\/2023\/03\/168474_Arets-kjegletraer-274x300.jpg 274w, https:\/\/bekkalokket.no\/wp-content\/uploads\/2023\/03\/168474_Arets-kjegletraer-768x842.jpg 768w, https:\/\/bekkalokket.no\/wp-content\/uploads\/2023\/03\/168474_Arets-kjegletraer-1401x1536.jpg 1401w, https:\/\/bekkalokket.no\/wp-content\/uploads\/2023\/03\/168474_Arets-kjegletraer-1868x2048.jpg 1868w\" sizes=\"auto, (max-width: 934px) 100vw, 934px\" \/><figcaption class=\"wp-element-caption\">Audun Nygaard &#8211; \u00c5rets kjegletr\u00e6r<\/figcaption><\/figure>\n\n\n\n<figure class=\"wp-block-image size-large\"><img loading=\"lazy\" decoding=\"async\" width=\"1024\" height=\"801\" data-id=\"5814\" src=\"https:\/\/bekkalokket.no\/wp-content\/uploads\/2023\/03\/168472_waiting-1024x801.jpg\" alt=\"Audun Nygaard - waiting\" class=\"wp-image-5814\" srcset=\"https:\/\/bekkalokket.no\/wp-content\/uploads\/2023\/03\/168472_waiting-1024x801.jpg 1024w, https:\/\/bekkalokket.no\/wp-content\/uploads\/2023\/03\/168472_waiting-300x235.jpg 300w, https:\/\/bekkalokket.no\/wp-content\/uploads\/2023\/03\/168472_waiting-768x601.jpg 768w, https:\/\/bekkalokket.no\/wp-content\/uploads\/2023\/03\/168472_waiting-1536x1202.jpg 1536w, https:\/\/bekkalokket.no\/wp-content\/uploads\/2023\/03\/168472_waiting-2048x1603.jpg 2048w\" sizes=\"auto, (max-width: 1024px) 100vw, 1024px\" \/><figcaption class=\"wp-element-caption\">Audun Nygaard &#8211; waiting<\/figcaption><\/figure>\n\n\n\n<figure class=\"wp-block-image size-large\"><img loading=\"lazy\" decoding=\"async\" width=\"1024\" height=\"870\" data-id=\"5813\" src=\"https:\/\/bekkalokket.no\/wp-content\/uploads\/2023\/03\/168470_The-cows-1024x870.jpg\" alt=\"Audun Nygaard - The cows\" class=\"wp-image-5813\" srcset=\"https:\/\/bekkalokket.no\/wp-content\/uploads\/2023\/03\/168470_The-cows-1024x870.jpg 1024w, https:\/\/bekkalokket.no\/wp-content\/uploads\/2023\/03\/168470_The-cows-300x255.jpg 300w, https:\/\/bekkalokket.no\/wp-content\/uploads\/2023\/03\/168470_The-cows-768x653.jpg 768w, https:\/\/bekkalokket.no\/wp-content\/uploads\/2023\/03\/168470_The-cows-1536x1306.jpg 1536w, https:\/\/bekkalokket.no\/wp-content\/uploads\/2023\/03\/168470_The-cows-2048x1741.jpg 2048w\" sizes=\"auto, (max-width: 1024px) 100vw, 1024px\" \/><figcaption class=\"wp-element-caption\">Audun Nygaard &#8211; The cows<\/figcaption><\/figure>\n\n\n\n<figure class=\"wp-block-image size-large\"><img loading=\"lazy\" decoding=\"async\" width=\"784\" height=\"1024\" data-id=\"5812\" src=\"https:\/\/bekkalokket.no\/wp-content\/uploads\/2023\/03\/168461_the-jump-784x1024.jpg\" alt=\"Audun Nygaard - the jump\" class=\"wp-image-5812\" srcset=\"https:\/\/bekkalokket.no\/wp-content\/uploads\/2023\/03\/168461_the-jump-784x1024.jpg 784w, https:\/\/bekkalokket.no\/wp-content\/uploads\/2023\/03\/168461_the-jump-230x300.jpg 230w, https:\/\/bekkalokket.no\/wp-content\/uploads\/2023\/03\/168461_the-jump-768x1003.jpg 768w, https:\/\/bekkalokket.no\/wp-content\/uploads\/2023\/03\/168461_the-jump-1176x1536.jpg 1176w, https:\/\/bekkalokket.no\/wp-content\/uploads\/2023\/03\/168461_the-jump-1568x2048.jpg 1568w, https:\/\/bekkalokket.no\/wp-content\/uploads\/2023\/03\/168461_the-jump.jpg 1838w\" sizes=\"auto, (max-width: 784px) 100vw, 784px\" \/><figcaption class=\"wp-element-caption\">Audun Nygaard &#8211; the jump<\/figcaption><\/figure>\n\n\n\n<figure class=\"wp-block-image size-large\"><img loading=\"lazy\" decoding=\"async\" width=\"1024\" height=\"709\" data-id=\"5811\" src=\"https:\/\/bekkalokket.no\/wp-content\/uploads\/2023\/03\/166668_Starling-crying-1024x709.jpg\" alt=\"Morten Tellefsen - Starling crying\" class=\"wp-image-5811\" srcset=\"https:\/\/bekkalokket.no\/wp-content\/uploads\/2023\/03\/166668_Starling-crying-1024x709.jpg 1024w, https:\/\/bekkalokket.no\/wp-content\/uploads\/2023\/03\/166668_Starling-crying-300x208.jpg 300w, https:\/\/bekkalokket.no\/wp-content\/uploads\/2023\/03\/166668_Starling-crying-768x532.jpg 768w, https:\/\/bekkalokket.no\/wp-content\/uploads\/2023\/03\/166668_Starling-crying-1536x1063.jpg 1536w, https:\/\/bekkalokket.no\/wp-content\/uploads\/2023\/03\/166668_Starling-crying-2048x1417.jpg 2048w\" sizes=\"auto, (max-width: 1024px) 100vw, 1024px\" \/><figcaption class=\"wp-element-caption\">Morten Tellefsen &#8211; Starling crying<\/figcaption><\/figure>\n\n\n\n<figure class=\"wp-block-image size-large\"><img loading=\"lazy\" decoding=\"async\" width=\"1024\" height=\"683\" data-id=\"5810\" src=\"https:\/\/bekkalokket.no\/wp-content\/uploads\/2023\/03\/166506_Arctic-Fox-Female-no1-1024x683.jpg\" alt=\"Arne Bergo - Arctic Fox Female no1\" class=\"wp-image-5810\" srcset=\"https:\/\/bekkalokket.no\/wp-content\/uploads\/2023\/03\/166506_Arctic-Fox-Female-no1-1024x683.jpg 1024w, https:\/\/bekkalokket.no\/wp-content\/uploads\/2023\/03\/166506_Arctic-Fox-Female-no1-300x200.jpg 300w, https:\/\/bekkalokket.no\/wp-content\/uploads\/2023\/03\/166506_Arctic-Fox-Female-no1-768x512.jpg 768w, https:\/\/bekkalokket.no\/wp-content\/uploads\/2023\/03\/166506_Arctic-Fox-Female-no1-1536x1024.jpg 1536w, https:\/\/bekkalokket.no\/wp-content\/uploads\/2023\/03\/166506_Arctic-Fox-Female-no1-2048x1365.jpg 2048w\" sizes=\"auto, (max-width: 1024px) 100vw, 1024px\" \/><figcaption class=\"wp-element-caption\">Arne Bergo &#8211; Arctic Fox Female no1<\/figcaption><\/figure>\n\n\n\n<figure class=\"wp-block-image size-large\"><img loading=\"lazy\" decoding=\"async\" width=\"683\" height=\"1024\" data-id=\"5808\" src=\"https:\/\/bekkalokket.no\/wp-content\/uploads\/2023\/03\/166492_Arctic-tern-diving-683x1024.jpg\" alt=\"Arne Bergo - Arctic tern diving\" class=\"wp-image-5808\" srcset=\"https:\/\/bekkalokket.no\/wp-content\/uploads\/2023\/03\/166492_Arctic-tern-diving-683x1024.jpg 683w, https:\/\/bekkalokket.no\/wp-content\/uploads\/2023\/03\/166492_Arctic-tern-diving-200x300.jpg 200w, https:\/\/bekkalokket.no\/wp-content\/uploads\/2023\/03\/166492_Arctic-tern-diving-768x1151.jpg 768w, https:\/\/bekkalokket.no\/wp-content\/uploads\/2023\/03\/166492_Arctic-tern-diving-1025x1536.jpg 1025w, https:\/\/bekkalokket.no\/wp-content\/uploads\/2023\/03\/166492_Arctic-tern-diving-1366x2048.jpg 1366w, https:\/\/bekkalokket.no\/wp-content\/uploads\/2023\/03\/166492_Arctic-tern-diving.jpg 1601w\" sizes=\"auto, (max-width: 683px) 100vw, 683px\" \/><figcaption class=\"wp-element-caption\">Arne Bergo &#8211; Arctic tern diving<\/figcaption><\/figure>\n\n\n\n<figure class=\"wp-block-image size-large\"><img loading=\"lazy\" decoding=\"async\" width=\"1024\" height=\"683\" data-id=\"5807\" src=\"https:\/\/bekkalokket.no\/wp-content\/uploads\/2023\/03\/166111_Snow-walk-1024x683.jpg\" alt=\"Morten Tellefsen - Snow walk\" class=\"wp-image-5807\" srcset=\"https:\/\/bekkalokket.no\/wp-content\/uploads\/2023\/03\/166111_Snow-walk-1024x683.jpg 1024w, https:\/\/bekkalokket.no\/wp-content\/uploads\/2023\/03\/166111_Snow-walk-300x200.jpg 300w, https:\/\/bekkalokket.no\/wp-content\/uploads\/2023\/03\/166111_Snow-walk-768x512.jpg 768w, https:\/\/bekkalokket.no\/wp-content\/uploads\/2023\/03\/166111_Snow-walk-1536x1024.jpg 1536w, https:\/\/bekkalokket.no\/wp-content\/uploads\/2023\/03\/166111_Snow-walk-2048x1365.jpg 2048w\" sizes=\"auto, (max-width: 1024px) 100vw, 1024px\" \/><figcaption class=\"wp-element-caption\">Morten Tellefsen &#8211; Snow walk<\/figcaption><\/figure>\n\n\n\n<figure class=\"wp-block-image size-large\"><img loading=\"lazy\" decoding=\"async\" width=\"1024\" height=\"577\" data-id=\"5806\" src=\"https:\/\/bekkalokket.no\/wp-content\/uploads\/2023\/03\/166107_Triathlon-start-1024x577.jpg\" alt=\"Morten Tellefsen - Triathlon start\" class=\"wp-image-5806\" srcset=\"https:\/\/bekkalokket.no\/wp-content\/uploads\/2023\/03\/166107_Triathlon-start-1024x577.jpg 1024w, https:\/\/bekkalokket.no\/wp-content\/uploads\/2023\/03\/166107_Triathlon-start-300x169.jpg 300w, https:\/\/bekkalokket.no\/wp-content\/uploads\/2023\/03\/166107_Triathlon-start-768x433.jpg 768w, https:\/\/bekkalokket.no\/wp-content\/uploads\/2023\/03\/166107_Triathlon-start-1536x865.jpg 1536w, https:\/\/bekkalokket.no\/wp-content\/uploads\/2023\/03\/166107_Triathlon-start-2048x1154.jpg 2048w\" sizes=\"auto, (max-width: 1024px) 100vw, 1024px\" \/><figcaption class=\"wp-element-caption\">Morten Tellefsen &#8211; Triathlon start<\/figcaption><\/figure>\n\n\n\n<figure class=\"wp-block-image size-large\"><img loading=\"lazy\" decoding=\"async\" width=\"731\" height=\"1024\" data-id=\"5805\" src=\"https:\/\/bekkalokket.no\/wp-content\/uploads\/2023\/03\/165469_Serious-Girl-731x1024.jpg\" alt=\"Arne Skinlo - Serious Girl\" class=\"wp-image-5805\" srcset=\"https:\/\/bekkalokket.no\/wp-content\/uploads\/2023\/03\/165469_Serious-Girl-731x1024.jpg 731w, https:\/\/bekkalokket.no\/wp-content\/uploads\/2023\/03\/165469_Serious-Girl-214x300.jpg 214w, https:\/\/bekkalokket.no\/wp-content\/uploads\/2023\/03\/165469_Serious-Girl-768x1075.jpg 768w, https:\/\/bekkalokket.no\/wp-content\/uploads\/2023\/03\/165469_Serious-Girl-1097x1536.jpg 1097w, https:\/\/bekkalokket.no\/wp-content\/uploads\/2023\/03\/165469_Serious-Girl-1463x2048.jpg 1463w, https:\/\/bekkalokket.no\/wp-content\/uploads\/2023\/03\/165469_Serious-Girl.jpg 1714w\" sizes=\"auto, (max-width: 731px) 100vw, 731px\" \/><figcaption class=\"wp-element-caption\">Arne Skinlo &#8211; Serious Girl<\/figcaption><\/figure>\n\n\n\n<figure class=\"wp-block-image size-large\"><img loading=\"lazy\" decoding=\"async\" width=\"1024\" height=\"683\" data-id=\"5804\" src=\"https:\/\/bekkalokket.no\/wp-content\/uploads\/2023\/03\/164404_Easter-hare-8-1024x683.jpg\" alt=\"Kjell Eirik Irgens Henanger - Easter hare 8\" class=\"wp-image-5804\" srcset=\"https:\/\/bekkalokket.no\/wp-content\/uploads\/2023\/03\/164404_Easter-hare-8-1024x683.jpg 1024w, https:\/\/bekkalokket.no\/wp-content\/uploads\/2023\/03\/164404_Easter-hare-8-300x200.jpg 300w, https:\/\/bekkalokket.no\/wp-content\/uploads\/2023\/03\/164404_Easter-hare-8-768x512.jpg 768w, https:\/\/bekkalokket.no\/wp-content\/uploads\/2023\/03\/164404_Easter-hare-8-1536x1024.jpg 1536w, https:\/\/bekkalokket.no\/wp-content\/uploads\/2023\/03\/164404_Easter-hare-8-2048x1365.jpg 2048w\" sizes=\"auto, (max-width: 1024px) 100vw, 1024px\" \/><figcaption class=\"wp-element-caption\">Kjell Eirik Irgens Henanger &#8211; Easter hare 8<\/figcaption><\/figure>\n<\/figure>\n","protected":false},"excerpt":{"rendered":"<p>Her er de 20 bildene som v\u00e5r klubbjury valgte ut til \u00e5 representere klubben i klubbkonkurransen i NM i foto. Som vanlig arrangert av Norsk Selskap for Fotografi NSFF<\/p>\n","protected":false},"author":2,"featured_media":5808,"comment_status":"closed","ping_status":"open","sticky":false,"template":"","format":"standard","meta":{"footnotes":""},"categories":[18,5],"tags":[],"class_list":["post-5825","post","type-post","status-publish","format-standard","has-post-thumbnail","hentry","category-konkurranse","category-nsff"],"yoast_head":"<!-- This site is optimized with the Yoast SEO plugin v27.5 - https:\/\/yoast.com\/product\/yoast-seo-wordpress\/ -->\n<title>Klubblaget til NM-runden v\u00e5ren 2023 - Bekkalokket Fotoklubb<\/title>\n<meta name=\"description\" content=\"Her er de 20 bildene som v\u00e5r klubbjury valgte ut til \u00e5 representere klubben i klubbkonkurransen i NM i foto. Arrangert av Norsk Selskap for Fotografi NSFF. Se bildene her.\" \/>\n<meta name=\"robots\" content=\"index, follow, max-snippet:-1, max-image-preview:large, max-video-preview:-1\" \/>\n<link rel=\"canonical\" href=\"https:\/\/bekkalokket.no\/index.php\/2023\/03\/20\/klubblaget-til-nm-runden-varen-2023\/\" \/>\n<meta property=\"og:locale\" content=\"nb_NO\" \/>\n<meta property=\"og:type\" content=\"article\" \/>\n<meta property=\"og:title\" content=\"Klubblaget til NM-runden v\u00e5ren 2023 - Bekkalokket Fotoklubb\" \/>\n<meta property=\"og:description\" content=\"Her er de 20 bildene som v\u00e5r klubbjury valgte ut til \u00e5 representere klubben i klubbkonkurransen i NM i foto. Arrangert av Norsk Selskap for Fotografi NSFF. Se bildene her.\" \/>\n<meta property=\"og:url\" content=\"https:\/\/bekkalokket.no\/index.php\/2023\/03\/20\/klubblaget-til-nm-runden-varen-2023\/\" \/>\n<meta property=\"og:site_name\" content=\"Bekkalokket Fotoklubb\" \/>\n<meta property=\"article:published_time\" content=\"2023-03-20T19:34:02+00:00\" \/>\n<meta property=\"article:modified_time\" content=\"2023-03-20T19:35:23+00:00\" \/>\n<meta property=\"og:image\" content=\"https:\/\/bekkalokket.no\/wp-content\/uploads\/2023\/03\/166492_Arctic-tern-diving-683x1024.jpg\" \/>\n\t<meta property=\"og:image:width\" content=\"683\" \/>\n\t<meta property=\"og:image:height\" content=\"1024\" \/>\n\t<meta property=\"og:image:type\" content=\"image\/jpeg\" \/>\n<meta name=\"author\" content=\"Tom Jarane\" \/>\n<meta name=\"twitter:card\" content=\"summary_large_image\" \/>\n<meta name=\"twitter:label1\" content=\"Skrevet av\" \/>\n\t<meta name=\"twitter:data1\" content=\"Tom Jarane\" \/>\n\t<meta name=\"twitter:label2\" content=\"Ansl. lesetid\" \/>\n\t<meta name=\"twitter:data2\" content=\"5 minutter\" \/>\n<script type=\"application\/ld+json\" class=\"yoast-schema-graph\">{\"@context\":\"https:\\\/\\\/schema.org\",\"@graph\":[{\"@type\":\"Article\",\"@id\":\"https:\\\/\\\/bekkalokket.no\\\/index.php\\\/2023\\\/03\\\/20\\\/klubblaget-til-nm-runden-varen-2023\\\/#article\",\"isPartOf\":{\"@id\":\"https:\\\/\\\/bekkalokket.no\\\/index.php\\\/2023\\\/03\\\/20\\\/klubblaget-til-nm-runden-varen-2023\\\/\"},\"author\":{\"name\":\"Tom Jarane\",\"@id\":\"https:\\\/\\\/bekkalokket.no\\\/#\\\/schema\\\/person\\\/48efacfa49e9a4f1397d0abb393ff182\"},\"headline\":\"Klubblaget til NM-runden v\u00e5ren 2023\",\"datePublished\":\"2023-03-20T19:34:02+00:00\",\"dateModified\":\"2023-03-20T19:35:23+00:00\",\"mainEntityOfPage\":{\"@id\":\"https:\\\/\\\/bekkalokket.no\\\/index.php\\\/2023\\\/03\\\/20\\\/klubblaget-til-nm-runden-varen-2023\\\/\"},\"wordCount\":142,\"image\":{\"@id\":\"https:\\\/\\\/bekkalokket.no\\\/index.php\\\/2023\\\/03\\\/20\\\/klubblaget-til-nm-runden-varen-2023\\\/#primaryimage\"},\"thumbnailUrl\":\"https:\\\/\\\/bekkalokket.no\\\/wp-content\\\/uploads\\\/2023\\\/03\\\/166492_Arctic-tern-diving.jpg\",\"articleSection\":[\"Konkurranse\",\"NSFF\"],\"inLanguage\":\"nb-NO\"},{\"@type\":\"WebPage\",\"@id\":\"https:\\\/\\\/bekkalokket.no\\\/index.php\\\/2023\\\/03\\\/20\\\/klubblaget-til-nm-runden-varen-2023\\\/\",\"url\":\"https:\\\/\\\/bekkalokket.no\\\/index.php\\\/2023\\\/03\\\/20\\\/klubblaget-til-nm-runden-varen-2023\\\/\",\"name\":\"Klubblaget til NM-runden v\u00e5ren 2023 - Bekkalokket Fotoklubb\",\"isPartOf\":{\"@id\":\"https:\\\/\\\/bekkalokket.no\\\/#website\"},\"primaryImageOfPage\":{\"@id\":\"https:\\\/\\\/bekkalokket.no\\\/index.php\\\/2023\\\/03\\\/20\\\/klubblaget-til-nm-runden-varen-2023\\\/#primaryimage\"},\"image\":{\"@id\":\"https:\\\/\\\/bekkalokket.no\\\/index.php\\\/2023\\\/03\\\/20\\\/klubblaget-til-nm-runden-varen-2023\\\/#primaryimage\"},\"thumbnailUrl\":\"https:\\\/\\\/bekkalokket.no\\\/wp-content\\\/uploads\\\/2023\\\/03\\\/166492_Arctic-tern-diving.jpg\",\"datePublished\":\"2023-03-20T19:34:02+00:00\",\"dateModified\":\"2023-03-20T19:35:23+00:00\",\"author\":{\"@id\":\"https:\\\/\\\/bekkalokket.no\\\/#\\\/schema\\\/person\\\/48efacfa49e9a4f1397d0abb393ff182\"},\"description\":\"Her er de 20 bildene som v\u00e5r klubbjury valgte ut til \u00e5 representere klubben i klubbkonkurransen i NM i foto. Arrangert av Norsk Selskap for Fotografi NSFF. Se bildene her.\",\"breadcrumb\":{\"@id\":\"https:\\\/\\\/bekkalokket.no\\\/index.php\\\/2023\\\/03\\\/20\\\/klubblaget-til-nm-runden-varen-2023\\\/#breadcrumb\"},\"inLanguage\":\"nb-NO\",\"potentialAction\":[{\"@type\":\"ReadAction\",\"target\":[\"https:\\\/\\\/bekkalokket.no\\\/index.php\\\/2023\\\/03\\\/20\\\/klubblaget-til-nm-runden-varen-2023\\\/\"]}]},{\"@type\":\"ImageObject\",\"inLanguage\":\"nb-NO\",\"@id\":\"https:\\\/\\\/bekkalokket.no\\\/index.php\\\/2023\\\/03\\\/20\\\/klubblaget-til-nm-runden-varen-2023\\\/#primaryimage\",\"url\":\"https:\\\/\\\/bekkalokket.no\\\/wp-content\\\/uploads\\\/2023\\\/03\\\/166492_Arctic-tern-diving.jpg\",\"contentUrl\":\"https:\\\/\\\/bekkalokket.no\\\/wp-content\\\/uploads\\\/2023\\\/03\\\/166492_Arctic-tern-diving.jpg\",\"width\":1601,\"height\":2400,\"caption\":\"Arne Bergo - Arctic tern diving\"},{\"@type\":\"BreadcrumbList\",\"@id\":\"https:\\\/\\\/bekkalokket.no\\\/index.php\\\/2023\\\/03\\\/20\\\/klubblaget-til-nm-runden-varen-2023\\\/#breadcrumb\",\"itemListElement\":[{\"@type\":\"ListItem\",\"position\":1,\"name\":\"Home\",\"item\":\"https:\\\/\\\/bekkalokket.no\\\/\"},{\"@type\":\"ListItem\",\"position\":2,\"name\":\"Klubblaget til NM-runden v\u00e5ren 2023\"}]},{\"@type\":\"WebSite\",\"@id\":\"https:\\\/\\\/bekkalokket.no\\\/#website\",\"url\":\"https:\\\/\\\/bekkalokket.no\\\/\",\"name\":\"Bekkalokket Fotoklubb\",\"description\":\"En sosial og aktiv fotoklubb i Bergen\",\"potentialAction\":[{\"@type\":\"SearchAction\",\"target\":{\"@type\":\"EntryPoint\",\"urlTemplate\":\"https:\\\/\\\/bekkalokket.no\\\/?s={search_term_string}\"},\"query-input\":{\"@type\":\"PropertyValueSpecification\",\"valueRequired\":true,\"valueName\":\"search_term_string\"}}],\"inLanguage\":\"nb-NO\"},{\"@type\":\"Person\",\"@id\":\"https:\\\/\\\/bekkalokket.no\\\/#\\\/schema\\\/person\\\/48efacfa49e9a4f1397d0abb393ff182\",\"name\":\"Tom Jarane\",\"image\":{\"@type\":\"ImageObject\",\"inLanguage\":\"nb-NO\",\"@id\":\"https:\\\/\\\/secure.gravatar.com\\\/avatar\\\/70b617863496bac047364a0046e35fc6a83b43f97349acb01ef9bd5ec5bc78ba?s=96&d=mm&r=g\",\"url\":\"https:\\\/\\\/secure.gravatar.com\\\/avatar\\\/70b617863496bac047364a0046e35fc6a83b43f97349acb01ef9bd5ec5bc78ba?s=96&d=mm&r=g\",\"contentUrl\":\"https:\\\/\\\/secure.gravatar.com\\\/avatar\\\/70b617863496bac047364a0046e35fc6a83b43f97349acb01ef9bd5ec5bc78ba?s=96&d=mm&r=g\",\"caption\":\"Tom Jarane\"},\"sameAs\":[\"http:\\\/\\\/jarane.net\"],\"url\":\"https:\\\/\\\/bekkalokket.no\\\/index.php\\\/author\\\/tom-jarane\\\/\"}]}<\/script>\n<!-- \/ Yoast SEO plugin. -->","yoast_head_json":{"title":"Klubblaget til NM-runden v\u00e5ren 2023 - Bekkalokket Fotoklubb","description":"Her er de 20 bildene som v\u00e5r klubbjury valgte ut til \u00e5 representere klubben i klubbkonkurransen i NM i foto. Arrangert av Norsk Selskap for Fotografi NSFF. Se bildene her.","robots":{"index":"index","follow":"follow","max-snippet":"max-snippet:-1","max-image-preview":"max-image-preview:large","max-video-preview":"max-video-preview:-1"},"canonical":"https:\/\/bekkalokket.no\/index.php\/2023\/03\/20\/klubblaget-til-nm-runden-varen-2023\/","og_locale":"nb_NO","og_type":"article","og_title":"Klubblaget til NM-runden v\u00e5ren 2023 - Bekkalokket Fotoklubb","og_description":"Her er de 20 bildene som v\u00e5r klubbjury valgte ut til \u00e5 representere klubben i klubbkonkurransen i NM i foto. Arrangert av Norsk Selskap for Fotografi NSFF. Se bildene her.","og_url":"https:\/\/bekkalokket.no\/index.php\/2023\/03\/20\/klubblaget-til-nm-runden-varen-2023\/","og_site_name":"Bekkalokket Fotoklubb","article_published_time":"2023-03-20T19:34:02+00:00","article_modified_time":"2023-03-20T19:35:23+00:00","og_image":[{"width":683,"height":1024,"url":"https:\/\/bekkalokket.no\/wp-content\/uploads\/2023\/03\/166492_Arctic-tern-diving-683x1024.jpg","type":"image\/jpeg"}],"author":"Tom Jarane","twitter_card":"summary_large_image","twitter_misc":{"Skrevet av":"Tom Jarane","Ansl. lesetid":"5 minutter"},"schema":{"@context":"https:\/\/schema.org","@graph":[{"@type":"Article","@id":"https:\/\/bekkalokket.no\/index.php\/2023\/03\/20\/klubblaget-til-nm-runden-varen-2023\/#article","isPartOf":{"@id":"https:\/\/bekkalokket.no\/index.php\/2023\/03\/20\/klubblaget-til-nm-runden-varen-2023\/"},"author":{"name":"Tom Jarane","@id":"https:\/\/bekkalokket.no\/#\/schema\/person\/48efacfa49e9a4f1397d0abb393ff182"},"headline":"Klubblaget til NM-runden v\u00e5ren 2023","datePublished":"2023-03-20T19:34:02+00:00","dateModified":"2023-03-20T19:35:23+00:00","mainEntityOfPage":{"@id":"https:\/\/bekkalokket.no\/index.php\/2023\/03\/20\/klubblaget-til-nm-runden-varen-2023\/"},"wordCount":142,"image":{"@id":"https:\/\/bekkalokket.no\/index.php\/2023\/03\/20\/klubblaget-til-nm-runden-varen-2023\/#primaryimage"},"thumbnailUrl":"https:\/\/bekkalokket.no\/wp-content\/uploads\/2023\/03\/166492_Arctic-tern-diving.jpg","articleSection":["Konkurranse","NSFF"],"inLanguage":"nb-NO"},{"@type":"WebPage","@id":"https:\/\/bekkalokket.no\/index.php\/2023\/03\/20\/klubblaget-til-nm-runden-varen-2023\/","url":"https:\/\/bekkalokket.no\/index.php\/2023\/03\/20\/klubblaget-til-nm-runden-varen-2023\/","name":"Klubblaget til NM-runden v\u00e5ren 2023 - Bekkalokket Fotoklubb","isPartOf":{"@id":"https:\/\/bekkalokket.no\/#website"},"primaryImageOfPage":{"@id":"https:\/\/bekkalokket.no\/index.php\/2023\/03\/20\/klubblaget-til-nm-runden-varen-2023\/#primaryimage"},"image":{"@id":"https:\/\/bekkalokket.no\/index.php\/2023\/03\/20\/klubblaget-til-nm-runden-varen-2023\/#primaryimage"},"thumbnailUrl":"https:\/\/bekkalokket.no\/wp-content\/uploads\/2023\/03\/166492_Arctic-tern-diving.jpg","datePublished":"2023-03-20T19:34:02+00:00","dateModified":"2023-03-20T19:35:23+00:00","author":{"@id":"https:\/\/bekkalokket.no\/#\/schema\/person\/48efacfa49e9a4f1397d0abb393ff182"},"description":"Her er de 20 bildene som v\u00e5r klubbjury valgte ut til \u00e5 representere klubben i klubbkonkurransen i NM i foto. Arrangert av Norsk Selskap for Fotografi NSFF. Se bildene her.","breadcrumb":{"@id":"https:\/\/bekkalokket.no\/index.php\/2023\/03\/20\/klubblaget-til-nm-runden-varen-2023\/#breadcrumb"},"inLanguage":"nb-NO","potentialAction":[{"@type":"ReadAction","target":["https:\/\/bekkalokket.no\/index.php\/2023\/03\/20\/klubblaget-til-nm-runden-varen-2023\/"]}]},{"@type":"ImageObject","inLanguage":"nb-NO","@id":"https:\/\/bekkalokket.no\/index.php\/2023\/03\/20\/klubblaget-til-nm-runden-varen-2023\/#primaryimage","url":"https:\/\/bekkalokket.no\/wp-content\/uploads\/2023\/03\/166492_Arctic-tern-diving.jpg","contentUrl":"https:\/\/bekkalokket.no\/wp-content\/uploads\/2023\/03\/166492_Arctic-tern-diving.jpg","width":1601,"height":2400,"caption":"Arne Bergo - Arctic tern diving"},{"@type":"BreadcrumbList","@id":"https:\/\/bekkalokket.no\/index.php\/2023\/03\/20\/klubblaget-til-nm-runden-varen-2023\/#breadcrumb","itemListElement":[{"@type":"ListItem","position":1,"name":"Home","item":"https:\/\/bekkalokket.no\/"},{"@type":"ListItem","position":2,"name":"Klubblaget til NM-runden v\u00e5ren 2023"}]},{"@type":"WebSite","@id":"https:\/\/bekkalokket.no\/#website","url":"https:\/\/bekkalokket.no\/","name":"Bekkalokket Fotoklubb","description":"En sosial og aktiv fotoklubb i Bergen","potentialAction":[{"@type":"SearchAction","target":{"@type":"EntryPoint","urlTemplate":"https:\/\/bekkalokket.no\/?s={search_term_string}"},"query-input":{"@type":"PropertyValueSpecification","valueRequired":true,"valueName":"search_term_string"}}],"inLanguage":"nb-NO"},{"@type":"Person","@id":"https:\/\/bekkalokket.no\/#\/schema\/person\/48efacfa49e9a4f1397d0abb393ff182","name":"Tom Jarane","image":{"@type":"ImageObject","inLanguage":"nb-NO","@id":"https:\/\/secure.gravatar.com\/avatar\/70b617863496bac047364a0046e35fc6a83b43f97349acb01ef9bd5ec5bc78ba?s=96&d=mm&r=g","url":"https:\/\/secure.gravatar.com\/avatar\/70b617863496bac047364a0046e35fc6a83b43f97349acb01ef9bd5ec5bc78ba?s=96&d=mm&r=g","contentUrl":"https:\/\/secure.gravatar.com\/avatar\/70b617863496bac047364a0046e35fc6a83b43f97349acb01ef9bd5ec5bc78ba?s=96&d=mm&r=g","caption":"Tom Jarane"},"sameAs":["http:\/\/jarane.net"],"url":"https:\/\/bekkalokket.no\/index.php\/author\/tom-jarane\/"}]}},"_links":{"self":[{"href":"https:\/\/bekkalokket.no\/index.php\/wp-json\/wp\/v2\/posts\/5825","targetHints":{"allow":["GET"]}}],"collection":[{"href":"https:\/\/bekkalokket.no\/index.php\/wp-json\/wp\/v2\/posts"}],"about":[{"href":"https:\/\/bekkalokket.no\/index.php\/wp-json\/wp\/v2\/types\/post"}],"author":[{"embeddable":true,"href":"https:\/\/bekkalokket.no\/index.php\/wp-json\/wp\/v2\/users\/2"}],"replies":[{"embeddable":true,"href":"https:\/\/bekkalokket.no\/index.php\/wp-json\/wp\/v2\/comments?post=5825"}],"version-history":[{"count":1,"href":"https:\/\/bekkalokket.no\/index.php\/wp-json\/wp\/v2\/posts\/5825\/revisions"}],"predecessor-version":[{"id":5826,"href":"https:\/\/bekkalokket.no\/index.php\/wp-json\/wp\/v2\/posts\/5825\/revisions\/5826"}],"wp:featuredmedia":[{"embeddable":true,"href":"https:\/\/bekkalokket.no\/index.php\/wp-json\/wp\/v2\/media\/5808"}],"wp:attachment":[{"href":"https:\/\/bekkalokket.no\/index.php\/wp-json\/wp\/v2\/media?parent=5825"}],"wp:term":[{"taxonomy":"category","embeddable":true,"href":"https:\/\/bekkalokket.no\/index.php\/wp-json\/wp\/v2\/categories?post=5825"},{"taxonomy":"post_tag","embeddable":true,"href":"https:\/\/bekkalokket.no\/index.php\/wp-json\/wp\/v2\/tags?post=5825"}],"curies":[{"name":"wp","href":"https:\/\/api.w.org\/{rel}","templated":true}]}}