{"id":5846,"date":"2023-03-29T08:03:55","date_gmt":"2023-03-29T06:03:55","guid":{"rendered":"https:\/\/bekkalokket.no\/?p=5846"},"modified":"2024-08-19T13:23:48","modified_gmt":"2024-08-19T11:23:48","slug":"video-laget-for-45-ars-jubileumet","status":"publish","type":"post","link":"https:\/\/bekkalokket.no\/index.php\/2023\/03\/29\/video-laget-for-45-ars-jubileumet\/","title":{"rendered":"Video laget for 45-\u00e5rs jubileumet"},"content":{"rendered":"\n<p>Videoen kommer litt sent, men den er blitt glemt litt etter den fantastiske festen som vi hadde i fjor. Via video prosjektet kan du f\u00e5 se alle de flotte bildene og mangfoldet som er representert ved v\u00e5re medlemmer.<\/p>\n\n\n\n<p>N\u00e5 kommer den ut til 46-\u00e5rs bursdagen. Videoen er laget av stillbilder som er blitt animert. <\/p>\n\n\n\n<p><strong>Husk \u00e5 sl\u00e5 p\u00e5 lyd!<\/strong><\/p>\n\n\n\n<p><strong> Viktig \u00e5 sl\u00e5 p\u00e5 lyd!<\/strong><\/p>\n\n\n\n<p>P\u00e5 selve <strong><a href=\"https:\/\/bekkalokket.no\/index.php\/2022\/02\/10\/bekkalokket-fotoklubb-45-ars-jubileumsfest-2022\/\">jubileumsfesten<\/a><\/strong> ble det flotte overraskelser som denne videoen. Arrangementet ble gjennomf\u00f8rt i Kalfaret Selskapslokale i Bergen i regi av v\u00e5r egen komite for jubileumsfeiringen.<\/p>\n\n\n\n<p><\/p>\n\n\n\n<h2 class=\"wp-block-heading\">45 \u00e5rs Jubileumsfering av Bekkalokket Fotoklubb med utend\u00f8rs fotoutstilling<\/h2>\n\n\n\n<p>I anledning 45 \u00e5rs jubileumet hadde vi en offisiell \u00e5pning av v\u00e5r utend\u00f8rs fotoutstilling i Bergen sentrum v\u00e5ren 2022.<\/p>\n\n\n\n<p>Vi har ogs\u00e5 tidligere v\u00e6rt s\u00e5 heldige, og f\u00e5tt ha utstillingen flere steder i Bergen.<\/p>\n\n\n\n<p>I forbindelse med at klubben v\u00e5r fylte 40 \u00e5r i 2017 ble dette ogs\u00e5 markert med en utend\u00f8rs jubileumsutstilling ved  Lille Lungeg\u00e5rdsvann.<\/p>\n\n\n\n<p>Haukeland sykehus overtok utstillingen etter den ordin\u00e6re utstillingsperioden , og bildene ble vist denne sommeren i en utend\u00f8rs park i 3.etasje i Sentralblokken.<\/p>\n\n\n\n<p><a href=\"https:\/\/bekkalokket.no\/index.php\/2021\/12\/06\/kulturprisen-2021-bergenhus\/\">I 2021 fikk Bekkalokket Fotoklubb tildelt Kulturpris for Bergen bydel.<\/a><\/p>\n\n\n\n<p>I juryen sin begrunnelse st\u00e5r det at vi f\u00e5r prisen for v\u00e5rt brennende engasjement og for at vi n\u00e5r bredt ut og r\u00f8rer folk i v\u00e5r bydel.<\/p>\n\n\n\n<p><\/p>\n\n\n\n<div class=\"wp-block-columns is-layout-flex wp-container-core-columns-is-layout-9d6595d7 wp-block-columns-is-layout-flex\">\n<div class=\"wp-block-column is-layout-flow wp-block-column-is-layout-flow\">\n<figure class=\"wp-block-image size-large\"><img loading=\"lazy\" decoding=\"async\" width=\"1024\" height=\"648\" src=\"https:\/\/bekkalokket.no\/wp-content\/uploads\/2022\/05\/Jubileumsutstilling_BekkalokketFotoklubb_I-1024x648.jpg\" alt=\"\" class=\"wp-image-4989\" srcset=\"https:\/\/bekkalokket.no\/wp-content\/uploads\/2022\/05\/Jubileumsutstilling_BekkalokketFotoklubb_I-1024x648.jpg 1024w, https:\/\/bekkalokket.no\/wp-content\/uploads\/2022\/05\/Jubileumsutstilling_BekkalokketFotoklubb_I-300x190.jpg 300w, https:\/\/bekkalokket.no\/wp-content\/uploads\/2022\/05\/Jubileumsutstilling_BekkalokketFotoklubb_I-768x486.jpg 768w, https:\/\/bekkalokket.no\/wp-content\/uploads\/2022\/05\/Jubileumsutstilling_BekkalokketFotoklubb_I-1536x972.jpg 1536w, https:\/\/bekkalokket.no\/wp-content\/uploads\/2022\/05\/Jubileumsutstilling_BekkalokketFotoklubb_I-2048x1296.jpg 2048w\" sizes=\"auto, (max-width: 1024px) 100vw, 1024px\" \/><\/figure>\n<\/div>\n\n\n\n<div class=\"wp-block-column is-layout-flow wp-block-column-is-layout-flow\">\n<figure class=\"wp-block-image size-large\"><img loading=\"lazy\" decoding=\"async\" width=\"1024\" height=\"678\" src=\"https:\/\/bekkalokket.no\/wp-content\/uploads\/2022\/05\/Jubileumsutstilling_BekkalokketFotoklubb_II-1024x678.jpg\" alt=\"\" class=\"wp-image-4988\" srcset=\"https:\/\/bekkalokket.no\/wp-content\/uploads\/2022\/05\/Jubileumsutstilling_BekkalokketFotoklubb_II-1024x678.jpg 1024w, https:\/\/bekkalokket.no\/wp-content\/uploads\/2022\/05\/Jubileumsutstilling_BekkalokketFotoklubb_II-300x199.jpg 300w, https:\/\/bekkalokket.no\/wp-content\/uploads\/2022\/05\/Jubileumsutstilling_BekkalokketFotoklubb_II-768x509.jpg 768w, https:\/\/bekkalokket.no\/wp-content\/uploads\/2022\/05\/Jubileumsutstilling_BekkalokketFotoklubb_II-1536x1018.jpg 1536w, https:\/\/bekkalokket.no\/wp-content\/uploads\/2022\/05\/Jubileumsutstilling_BekkalokketFotoklubb_II-2048x1357.jpg 2048w\" sizes=\"auto, (max-width: 1024px) 100vw, 1024px\" \/><\/figure>\n<\/div>\n\n\n\n<div class=\"wp-block-column is-layout-flow wp-block-column-is-layout-flow\">\n<figure class=\"wp-block-image size-large\"><img loading=\"lazy\" decoding=\"async\" width=\"1024\" height=\"821\" src=\"https:\/\/bekkalokket.no\/wp-content\/uploads\/2022\/05\/Jubileumsutstilling_BekkalokketFotoklubb_III-1024x821.jpg\" alt=\"\" class=\"wp-image-4987\" srcset=\"https:\/\/bekkalokket.no\/wp-content\/uploads\/2022\/05\/Jubileumsutstilling_BekkalokketFotoklubb_III-1024x821.jpg 1024w, https:\/\/bekkalokket.no\/wp-content\/uploads\/2022\/05\/Jubileumsutstilling_BekkalokketFotoklubb_III-300x241.jpg 300w, https:\/\/bekkalokket.no\/wp-content\/uploads\/2022\/05\/Jubileumsutstilling_BekkalokketFotoklubb_III-768x616.jpg 768w, https:\/\/bekkalokket.no\/wp-content\/uploads\/2022\/05\/Jubileumsutstilling_BekkalokketFotoklubb_III-1536x1232.jpg 1536w, https:\/\/bekkalokket.no\/wp-content\/uploads\/2022\/05\/Jubileumsutstilling_BekkalokketFotoklubb_III-2048x1643.jpg 2048w\" sizes=\"auto, (max-width: 1024px) 100vw, 1024px\" \/><\/figure>\n<\/div>\n<\/div>\n\n\n\n<h3 class=\"wp-block-heading\"><strong>Via fotoutstillinger kan vi glede byens befolking i Bergen<\/strong><\/h3>\n\n\n\n<p><strong>Vi er veldig glad for \u00e5 kunne fremme interessen for fotografering som inspirasjon og kunstform<\/strong><\/p>\n\n\n\n<p>Fra T\u00e5rnplass ble 45 \u00e5rs jubileumsutstillingen flyttet til <a href=\"https:\/\/lagunen.no\/?gclid=Cj0KCQjwiZqhBhCJARIsACHHEH-HebEeEy18kIHgWN4rRFxIZVCyKMCmt7nnGy2Op1pbBRj7-x3O_3waAhu_EALw_wcB&amp;gclsrc=aw.ds\">Lagunen Storsenter<\/a>, og deretter til <a href=\"http:\/\/\u00e5sane storsenter\">\u00c5sane Storsenter<\/a> der utstillingen ble st\u00e5ende frem til 26.10.2022.<\/p>\n\n\n\n<p><\/p>\n\n\n\n<h4 class=\"wp-block-heading\"><strong>P\u00e5 v\u00e5r Facebook side vil du finne postinger og video klipp f\u00e5r v\u00e5r jubileumsutstilling<\/strong><\/h4>\n\n\n\n<p>I utstillingen kunne du se medlemmers bilder innen et bredt spekter av sjangre.<\/p>\n\n\n\n<p><\/p>\n\n\n\n<p><a href=\"https:\/\/bekkalokket.no\/index.php\/2022\/03\/25\/jubileumsutstilling\/\">Jubileumsutstilling 2022<\/a><\/p>\n\n\n\n<p><a href=\"https:\/\/bekkalokket.no\/index.php\/2022\/02\/10\/bekkalokket-fotoklubb-45-ars-jubileumsfest-2022\/\">Bekkalokket Fotoklubb 45 \u00e5rs Jubileumsfest 2022<\/a><\/p>\n\n\n\n<p><\/p>\n\n\n\n<figure class=\"wp-block-embed is-type-video is-provider-youtube wp-block-embed-youtube wp-embed-aspect-16-9 wp-has-aspect-ratio\"><div class=\"wp-block-embed__wrapper\">\n<div class=\"video-container\"><iframe loading=\"lazy\" title=\"Video som ble laget til Jubileumsfesten da klubben fylte 45 \u00e5r i 2022\" width=\"500\" height=\"281\" src=\"https:\/\/www.youtube.com\/embed\/o6nJ43mBsA4?feature=oembed&#038;wmode=opaque\" frameborder=\"0\" allow=\"accelerometer; autoplay; clipboard-write; encrypted-media; gyroscope; picture-in-picture; web-share\" referrerpolicy=\"strict-origin-when-cross-origin\" allowfullscreen><\/iframe><\/div>\n<\/div><\/figure>\n\n\n\n<p><\/p>\n\n\n\n<h4 class=\"wp-block-heading\"><a href=\"https:\/\/bekkalokket.no\/index.php\/bli-medlem\/\">\u00d8nsker du \u00e5 bli medlem i Bekkalokket Fotoklubb? <\/a><\/h4>\n\n\n\n<p>Medlemsavgiften inkluderer medlemskap i<a href=\"https:\/\/nsff.no\/\" target=\"_blank\" rel=\"noreferrer noopener\">&nbsp;Norsk Selskap For Fotografi<\/a>&nbsp;(NSFF), og gir tilgang til en rekke&nbsp;<a href=\"https:\/\/nsff.no\/bli-medlem\/fordeler-enkelte-klubbmedlem\/?fbclid=IwAR19d43TJ_nemy_vovacrLADLqQUFFITQkx79R19CESXzbH0NNkd0vX09o0\" target=\"_blank\" rel=\"noreferrer noopener\">medlemsfordelene til NSFF<\/a><\/p>\n","protected":false},"excerpt":{"rendered":"<p>Videoen kommer litt sent, men den er blitt glemt litt etter den fantastiske festen som vi hadde i fjor. Via video prosjektet kan du f\u00e5 se alle de flotte bildene og mangfoldet som er&#46;&#46;&#46;<\/p>\n","protected":false},"author":2,"featured_media":5848,"comment_status":"closed","ping_status":"open","sticky":false,"template":"","format":"standard","meta":{"footnotes":""},"categories":[15,129],"tags":[],"class_list":["post-5846","post","type-post","status-publish","format-standard","has-post-thumbnail","hentry","category-sosialt","category-utstillinger-og-prosjekter"],"yoast_head":"<!-- This site is optimized with the Yoast SEO plugin v27.5 - https:\/\/yoast.com\/product\/yoast-seo-wordpress\/ -->\n<title>Video laget for 45-\u00e5rs jubileumet - Bekkalokket Fotoklubb<\/title>\n<meta name=\"description\" content=\"Video laget for 45-\u00e5rs jubileumet i Bekkalokket Fotoklubb. Stillbilder som er animerte. Husk lyd m\u00e5 p\u00e5. Se videoen her!\" \/>\n<meta name=\"robots\" content=\"index, follow, max-snippet:-1, max-image-preview:large, max-video-preview:-1\" \/>\n<link rel=\"canonical\" href=\"https:\/\/bekkalokket.no\/index.php\/2023\/03\/29\/video-laget-for-45-ars-jubileumet\/\" \/>\n<meta property=\"og:locale\" content=\"nb_NO\" \/>\n<meta property=\"og:type\" content=\"article\" \/>\n<meta property=\"og:title\" content=\"Video laget for 45-\u00e5rs jubileumet - Bekkalokket Fotoklubb\" \/>\n<meta property=\"og:description\" content=\"Video laget for 45-\u00e5rs jubileumet i Bekkalokket Fotoklubb. Stillbilder som er animerte. Husk lyd m\u00e5 p\u00e5. Se videoen her!\" \/>\n<meta property=\"og:url\" content=\"https:\/\/bekkalokket.no\/index.php\/2023\/03\/29\/video-laget-for-45-ars-jubileumet\/\" \/>\n<meta property=\"og:site_name\" content=\"Bekkalokket Fotoklubb\" \/>\n<meta property=\"article:published_time\" content=\"2023-03-29T06:03:55+00:00\" \/>\n<meta property=\"article:modified_time\" content=\"2024-08-19T11:23:48+00:00\" \/>\n<meta property=\"og:image\" content=\"https:\/\/bekkalokket.no\/wp-content\/uploads\/2023\/03\/Screenshot-2023-03-29-at-08.05.00.png\" \/>\n\t<meta property=\"og:image:width\" content=\"1277\" \/>\n\t<meta property=\"og:image:height\" content=\"716\" \/>\n\t<meta property=\"og:image:type\" content=\"image\/png\" \/>\n<meta name=\"author\" content=\"Tom Jarane\" \/>\n<meta name=\"twitter:card\" content=\"summary_large_image\" \/>\n<meta name=\"twitter:label1\" content=\"Skrevet av\" \/>\n\t<meta name=\"twitter:data1\" content=\"Tom Jarane\" \/>\n\t<meta name=\"twitter:label2\" content=\"Ansl. lesetid\" \/>\n\t<meta name=\"twitter:data2\" content=\"3 minutter\" \/>\n<script type=\"application\/ld+json\" class=\"yoast-schema-graph\">{\"@context\":\"https:\\\/\\\/schema.org\",\"@graph\":[{\"@type\":\"Article\",\"@id\":\"https:\\\/\\\/bekkalokket.no\\\/index.php\\\/2023\\\/03\\\/29\\\/video-laget-for-45-ars-jubileumet\\\/#article\",\"isPartOf\":{\"@id\":\"https:\\\/\\\/bekkalokket.no\\\/index.php\\\/2023\\\/03\\\/29\\\/video-laget-for-45-ars-jubileumet\\\/\"},\"author\":{\"name\":\"Tom Jarane\",\"@id\":\"https:\\\/\\\/bekkalokket.no\\\/#\\\/schema\\\/person\\\/48efacfa49e9a4f1397d0abb393ff182\"},\"headline\":\"Video laget for 45-\u00e5rs jubileumet\",\"datePublished\":\"2023-03-29T06:03:55+00:00\",\"dateModified\":\"2024-08-19T11:23:48+00:00\",\"mainEntityOfPage\":{\"@id\":\"https:\\\/\\\/bekkalokket.no\\\/index.php\\\/2023\\\/03\\\/29\\\/video-laget-for-45-ars-jubileumet\\\/\"},\"wordCount\":347,\"image\":{\"@id\":\"https:\\\/\\\/bekkalokket.no\\\/index.php\\\/2023\\\/03\\\/29\\\/video-laget-for-45-ars-jubileumet\\\/#primaryimage\"},\"thumbnailUrl\":\"https:\\\/\\\/bekkalokket.no\\\/wp-content\\\/uploads\\\/2023\\\/03\\\/Screenshot-2023-03-29-at-08.05.00.png\",\"articleSection\":[\"Sosialt\",\"Utstillinger og Prosjekter\"],\"inLanguage\":\"nb-NO\"},{\"@type\":\"WebPage\",\"@id\":\"https:\\\/\\\/bekkalokket.no\\\/index.php\\\/2023\\\/03\\\/29\\\/video-laget-for-45-ars-jubileumet\\\/\",\"url\":\"https:\\\/\\\/bekkalokket.no\\\/index.php\\\/2023\\\/03\\\/29\\\/video-laget-for-45-ars-jubileumet\\\/\",\"name\":\"Video laget for 45-\u00e5rs jubileumet - Bekkalokket Fotoklubb\",\"isPartOf\":{\"@id\":\"https:\\\/\\\/bekkalokket.no\\\/#website\"},\"primaryImageOfPage\":{\"@id\":\"https:\\\/\\\/bekkalokket.no\\\/index.php\\\/2023\\\/03\\\/29\\\/video-laget-for-45-ars-jubileumet\\\/#primaryimage\"},\"image\":{\"@id\":\"https:\\\/\\\/bekkalokket.no\\\/index.php\\\/2023\\\/03\\\/29\\\/video-laget-for-45-ars-jubileumet\\\/#primaryimage\"},\"thumbnailUrl\":\"https:\\\/\\\/bekkalokket.no\\\/wp-content\\\/uploads\\\/2023\\\/03\\\/Screenshot-2023-03-29-at-08.05.00.png\",\"datePublished\":\"2023-03-29T06:03:55+00:00\",\"dateModified\":\"2024-08-19T11:23:48+00:00\",\"author\":{\"@id\":\"https:\\\/\\\/bekkalokket.no\\\/#\\\/schema\\\/person\\\/48efacfa49e9a4f1397d0abb393ff182\"},\"description\":\"Video laget for 45-\u00e5rs jubileumet i Bekkalokket Fotoklubb. Stillbilder som er animerte. Husk lyd m\u00e5 p\u00e5. Se videoen her!\",\"breadcrumb\":{\"@id\":\"https:\\\/\\\/bekkalokket.no\\\/index.php\\\/2023\\\/03\\\/29\\\/video-laget-for-45-ars-jubileumet\\\/#breadcrumb\"},\"inLanguage\":\"nb-NO\",\"potentialAction\":[{\"@type\":\"ReadAction\",\"target\":[\"https:\\\/\\\/bekkalokket.no\\\/index.php\\\/2023\\\/03\\\/29\\\/video-laget-for-45-ars-jubileumet\\\/\"]}]},{\"@type\":\"ImageObject\",\"inLanguage\":\"nb-NO\",\"@id\":\"https:\\\/\\\/bekkalokket.no\\\/index.php\\\/2023\\\/03\\\/29\\\/video-laget-for-45-ars-jubileumet\\\/#primaryimage\",\"url\":\"https:\\\/\\\/bekkalokket.no\\\/wp-content\\\/uploads\\\/2023\\\/03\\\/Screenshot-2023-03-29-at-08.05.00.png\",\"contentUrl\":\"https:\\\/\\\/bekkalokket.no\\\/wp-content\\\/uploads\\\/2023\\\/03\\\/Screenshot-2023-03-29-at-08.05.00.png\",\"width\":1277,\"height\":716,\"caption\":\"Video laget for 45-\u00e5rs jubileumet til Bekkalokket Fotoklubb\"},{\"@type\":\"BreadcrumbList\",\"@id\":\"https:\\\/\\\/bekkalokket.no\\\/index.php\\\/2023\\\/03\\\/29\\\/video-laget-for-45-ars-jubileumet\\\/#breadcrumb\",\"itemListElement\":[{\"@type\":\"ListItem\",\"position\":1,\"name\":\"Home\",\"item\":\"https:\\\/\\\/bekkalokket.no\\\/\"},{\"@type\":\"ListItem\",\"position\":2,\"name\":\"Video laget for 45-\u00e5rs jubileumet\"}]},{\"@type\":\"WebSite\",\"@id\":\"https:\\\/\\\/bekkalokket.no\\\/#website\",\"url\":\"https:\\\/\\\/bekkalokket.no\\\/\",\"name\":\"Bekkalokket Fotoklubb\",\"description\":\"En sosial og aktiv fotoklubb i Bergen\",\"potentialAction\":[{\"@type\":\"SearchAction\",\"target\":{\"@type\":\"EntryPoint\",\"urlTemplate\":\"https:\\\/\\\/bekkalokket.no\\\/?s={search_term_string}\"},\"query-input\":{\"@type\":\"PropertyValueSpecification\",\"valueRequired\":true,\"valueName\":\"search_term_string\"}}],\"inLanguage\":\"nb-NO\"},{\"@type\":\"Person\",\"@id\":\"https:\\\/\\\/bekkalokket.no\\\/#\\\/schema\\\/person\\\/48efacfa49e9a4f1397d0abb393ff182\",\"name\":\"Tom Jarane\",\"image\":{\"@type\":\"ImageObject\",\"inLanguage\":\"nb-NO\",\"@id\":\"https:\\\/\\\/secure.gravatar.com\\\/avatar\\\/70b617863496bac047364a0046e35fc6a83b43f97349acb01ef9bd5ec5bc78ba?s=96&d=mm&r=g\",\"url\":\"https:\\\/\\\/secure.gravatar.com\\\/avatar\\\/70b617863496bac047364a0046e35fc6a83b43f97349acb01ef9bd5ec5bc78ba?s=96&d=mm&r=g\",\"contentUrl\":\"https:\\\/\\\/secure.gravatar.com\\\/avatar\\\/70b617863496bac047364a0046e35fc6a83b43f97349acb01ef9bd5ec5bc78ba?s=96&d=mm&r=g\",\"caption\":\"Tom Jarane\"},\"sameAs\":[\"http:\\\/\\\/jarane.net\"],\"url\":\"https:\\\/\\\/bekkalokket.no\\\/index.php\\\/author\\\/tom-jarane\\\/\"}]}<\/script>\n<!-- \/ Yoast SEO plugin. -->","yoast_head_json":{"title":"Video laget for 45-\u00e5rs jubileumet - Bekkalokket Fotoklubb","description":"Video laget for 45-\u00e5rs jubileumet i Bekkalokket Fotoklubb. Stillbilder som er animerte. Husk lyd m\u00e5 p\u00e5. Se videoen her!","robots":{"index":"index","follow":"follow","max-snippet":"max-snippet:-1","max-image-preview":"max-image-preview:large","max-video-preview":"max-video-preview:-1"},"canonical":"https:\/\/bekkalokket.no\/index.php\/2023\/03\/29\/video-laget-for-45-ars-jubileumet\/","og_locale":"nb_NO","og_type":"article","og_title":"Video laget for 45-\u00e5rs jubileumet - Bekkalokket Fotoklubb","og_description":"Video laget for 45-\u00e5rs jubileumet i Bekkalokket Fotoklubb. Stillbilder som er animerte. Husk lyd m\u00e5 p\u00e5. Se videoen her!","og_url":"https:\/\/bekkalokket.no\/index.php\/2023\/03\/29\/video-laget-for-45-ars-jubileumet\/","og_site_name":"Bekkalokket Fotoklubb","article_published_time":"2023-03-29T06:03:55+00:00","article_modified_time":"2024-08-19T11:23:48+00:00","og_image":[{"width":1277,"height":716,"url":"https:\/\/bekkalokket.no\/wp-content\/uploads\/2023\/03\/Screenshot-2023-03-29-at-08.05.00.png","type":"image\/png"}],"author":"Tom Jarane","twitter_card":"summary_large_image","twitter_misc":{"Skrevet av":"Tom Jarane","Ansl. lesetid":"3 minutter"},"schema":{"@context":"https:\/\/schema.org","@graph":[{"@type":"Article","@id":"https:\/\/bekkalokket.no\/index.php\/2023\/03\/29\/video-laget-for-45-ars-jubileumet\/#article","isPartOf":{"@id":"https:\/\/bekkalokket.no\/index.php\/2023\/03\/29\/video-laget-for-45-ars-jubileumet\/"},"author":{"name":"Tom Jarane","@id":"https:\/\/bekkalokket.no\/#\/schema\/person\/48efacfa49e9a4f1397d0abb393ff182"},"headline":"Video laget for 45-\u00e5rs jubileumet","datePublished":"2023-03-29T06:03:55+00:00","dateModified":"2024-08-19T11:23:48+00:00","mainEntityOfPage":{"@id":"https:\/\/bekkalokket.no\/index.php\/2023\/03\/29\/video-laget-for-45-ars-jubileumet\/"},"wordCount":347,"image":{"@id":"https:\/\/bekkalokket.no\/index.php\/2023\/03\/29\/video-laget-for-45-ars-jubileumet\/#primaryimage"},"thumbnailUrl":"https:\/\/bekkalokket.no\/wp-content\/uploads\/2023\/03\/Screenshot-2023-03-29-at-08.05.00.png","articleSection":["Sosialt","Utstillinger og Prosjekter"],"inLanguage":"nb-NO"},{"@type":"WebPage","@id":"https:\/\/bekkalokket.no\/index.php\/2023\/03\/29\/video-laget-for-45-ars-jubileumet\/","url":"https:\/\/bekkalokket.no\/index.php\/2023\/03\/29\/video-laget-for-45-ars-jubileumet\/","name":"Video laget for 45-\u00e5rs jubileumet - Bekkalokket Fotoklubb","isPartOf":{"@id":"https:\/\/bekkalokket.no\/#website"},"primaryImageOfPage":{"@id":"https:\/\/bekkalokket.no\/index.php\/2023\/03\/29\/video-laget-for-45-ars-jubileumet\/#primaryimage"},"image":{"@id":"https:\/\/bekkalokket.no\/index.php\/2023\/03\/29\/video-laget-for-45-ars-jubileumet\/#primaryimage"},"thumbnailUrl":"https:\/\/bekkalokket.no\/wp-content\/uploads\/2023\/03\/Screenshot-2023-03-29-at-08.05.00.png","datePublished":"2023-03-29T06:03:55+00:00","dateModified":"2024-08-19T11:23:48+00:00","author":{"@id":"https:\/\/bekkalokket.no\/#\/schema\/person\/48efacfa49e9a4f1397d0abb393ff182"},"description":"Video laget for 45-\u00e5rs jubileumet i Bekkalokket Fotoklubb. Stillbilder som er animerte. Husk lyd m\u00e5 p\u00e5. Se videoen her!","breadcrumb":{"@id":"https:\/\/bekkalokket.no\/index.php\/2023\/03\/29\/video-laget-for-45-ars-jubileumet\/#breadcrumb"},"inLanguage":"nb-NO","potentialAction":[{"@type":"ReadAction","target":["https:\/\/bekkalokket.no\/index.php\/2023\/03\/29\/video-laget-for-45-ars-jubileumet\/"]}]},{"@type":"ImageObject","inLanguage":"nb-NO","@id":"https:\/\/bekkalokket.no\/index.php\/2023\/03\/29\/video-laget-for-45-ars-jubileumet\/#primaryimage","url":"https:\/\/bekkalokket.no\/wp-content\/uploads\/2023\/03\/Screenshot-2023-03-29-at-08.05.00.png","contentUrl":"https:\/\/bekkalokket.no\/wp-content\/uploads\/2023\/03\/Screenshot-2023-03-29-at-08.05.00.png","width":1277,"height":716,"caption":"Video laget for 45-\u00e5rs jubileumet til Bekkalokket Fotoklubb"},{"@type":"BreadcrumbList","@id":"https:\/\/bekkalokket.no\/index.php\/2023\/03\/29\/video-laget-for-45-ars-jubileumet\/#breadcrumb","itemListElement":[{"@type":"ListItem","position":1,"name":"Home","item":"https:\/\/bekkalokket.no\/"},{"@type":"ListItem","position":2,"name":"Video laget for 45-\u00e5rs jubileumet"}]},{"@type":"WebSite","@id":"https:\/\/bekkalokket.no\/#website","url":"https:\/\/bekkalokket.no\/","name":"Bekkalokket Fotoklubb","description":"En sosial og aktiv fotoklubb i Bergen","potentialAction":[{"@type":"SearchAction","target":{"@type":"EntryPoint","urlTemplate":"https:\/\/bekkalokket.no\/?s={search_term_string}"},"query-input":{"@type":"PropertyValueSpecification","valueRequired":true,"valueName":"search_term_string"}}],"inLanguage":"nb-NO"},{"@type":"Person","@id":"https:\/\/bekkalokket.no\/#\/schema\/person\/48efacfa49e9a4f1397d0abb393ff182","name":"Tom Jarane","image":{"@type":"ImageObject","inLanguage":"nb-NO","@id":"https:\/\/secure.gravatar.com\/avatar\/70b617863496bac047364a0046e35fc6a83b43f97349acb01ef9bd5ec5bc78ba?s=96&d=mm&r=g","url":"https:\/\/secure.gravatar.com\/avatar\/70b617863496bac047364a0046e35fc6a83b43f97349acb01ef9bd5ec5bc78ba?s=96&d=mm&r=g","contentUrl":"https:\/\/secure.gravatar.com\/avatar\/70b617863496bac047364a0046e35fc6a83b43f97349acb01ef9bd5ec5bc78ba?s=96&d=mm&r=g","caption":"Tom Jarane"},"sameAs":["http:\/\/jarane.net"],"url":"https:\/\/bekkalokket.no\/index.php\/author\/tom-jarane\/"}]}},"_links":{"self":[{"href":"https:\/\/bekkalokket.no\/index.php\/wp-json\/wp\/v2\/posts\/5846","targetHints":{"allow":["GET"]}}],"collection":[{"href":"https:\/\/bekkalokket.no\/index.php\/wp-json\/wp\/v2\/posts"}],"about":[{"href":"https:\/\/bekkalokket.no\/index.php\/wp-json\/wp\/v2\/types\/post"}],"author":[{"embeddable":true,"href":"https:\/\/bekkalokket.no\/index.php\/wp-json\/wp\/v2\/users\/2"}],"replies":[{"embeddable":true,"href":"https:\/\/bekkalokket.no\/index.php\/wp-json\/wp\/v2\/comments?post=5846"}],"version-history":[{"count":6,"href":"https:\/\/bekkalokket.no\/index.php\/wp-json\/wp\/v2\/posts\/5846\/revisions"}],"predecessor-version":[{"id":6869,"href":"https:\/\/bekkalokket.no\/index.php\/wp-json\/wp\/v2\/posts\/5846\/revisions\/6869"}],"wp:featuredmedia":[{"embeddable":true,"href":"https:\/\/bekkalokket.no\/index.php\/wp-json\/wp\/v2\/media\/5848"}],"wp:attachment":[{"href":"https:\/\/bekkalokket.no\/index.php\/wp-json\/wp\/v2\/media?parent=5846"}],"wp:term":[{"taxonomy":"category","embeddable":true,"href":"https:\/\/bekkalokket.no\/index.php\/wp-json\/wp\/v2\/categories?post=5846"},{"taxonomy":"post_tag","embeddable":true,"href":"https:\/\/bekkalokket.no\/index.php\/wp-json\/wp\/v2\/tags?post=5846"}],"curies":[{"name":"wp","href":"https:\/\/api.w.org\/{rel}","templated":true}]}}