{"id":7018,"date":"2023-08-24T13:40:45","date_gmt":"2023-08-24T11:40:45","guid":{"rendered":"https:\/\/bekkalokket.no\/?p=7018"},"modified":"2023-09-26T12:38:50","modified_gmt":"2023-09-26T10:38:50","slug":"libeller-og-oyenstikkere-med-eli-sorensen","status":"publish","type":"post","link":"https:\/\/bekkalokket.no\/index.php\/2023\/08\/24\/libeller-og-oyenstikkere-med-eli-sorensen\/","title":{"rendered":"LIBELLER OG \u00d8YENSTIKKERE MED ELI S\u00d8RENSEN"},"content":{"rendered":"\n<h2 class=\"wp-block-heading\">Eli tar oss med p\u00e5 byfjellet i Bergen for fotografering av libeller og \u00f8yenstikkere<\/h2>\n\n\n\n<p>Via bildevisninger, foredrag p\u00e5 klubbkvelder og premierte bilder i fotokonkurranser har vi f\u00e5tt sett v\u00e5r dyktige bekkalokker Eli S\u00f8rensen`s flott naturbilder tett p\u00e5 dyrelivet. Alt fra store pattedyr i kalde nord til sm\u00e5 innsekter som libeller og \u00f8yenstikkere i fjellene rundt Bergen.<\/p>\n\n\n\n<p>Utgangspunktet for fototurene var p\u00e5 toppen av <a href=\"https:\/\/www.visitbergen.com\/ting-a-gjore\/stoltzekleiven-p1529323\">Stolzekleiven<\/a> videre opp mot demningene. <\/p>\n\n\n\n<p>Stolzekleiven er en av Bergens mest popul\u00e6rer turstier med ca. 800 trappetrinn opp mot Sandviksfjellet<\/p>\n\n\n\n<p>P\u00e5 hjemmesiden til<a href=\"https:\/\/ut.no\/turforslag\/117019\/treningstur-opp-stoltzekleiven\"> ut.no<\/a> kan du lese mer om Stoltzekleiven.<\/p>\n\n\n\n<p>R\u00e5d fra Eli p\u00e5 slike turer er at man ikke har med seg for tung fotosekk, og husker \u00e5 ta med seg litt mat og drikke.<\/p>\n\n\n\n<h2 class=\"wp-block-heading\">Eli har mye naturkunnskaper i tillegg til fotografiske kunnskaper<\/h2>\n\n\n\n<p>Lidenskap for fotografering f\u00f8re til egne fotoprosjekter, og mange eventyrlige fototurer inn i dyreverden og naturen.<\/p>\n\n\n\n<p>Eli er en dyktig fuglefotograf, og en engasjert st\u00f8ttespiller for \u00e5 verne fugler og deres leveomr\u00e5der.<\/p>\n\n\n\n<p>Fuglefotografering skiller seg fra mange andre typer fotografering. Motiver fanges ofte i bevegelse, og i tillegg foreg\u00e5r fotograferingen helt p\u00e5 fuglenes premisser.<\/p>\n\n\n\n<p>Eli nevner at det \u00e5 v\u00e6re en god fotograf inneber at du m\u00e5 kjenne godt til motivet som skal fotograferes. Det handler like mye om \u00e5 ha kunnskaper om hvordan dyrene oppf\u00f8rer seg, og samtidig \u00f8ve, vise respekt og praktisere for \u00e5 bli god.<\/p>\n\n\n\n<p>P\u00e5 f\u00f8rste klubbkvelden ved oppstart av h\u00f8stsesongen 2023 ble det vist bilder fra sommeren. Her var vi s\u00e5 heldige \u00e5 fikk se bilder Eli hadde tatt fra Svalbard av isbj\u00f8rn og hvalross.<\/p>\n\n\n\n<p>Historiene bak bildene blir fortalt, som da hun var p\u00e5 Svalbard. M\u00f8te med b\u00e5de store og sm\u00e5 hvalrosser. Klumpete, nesten h\u00e5rl\u00f8se hvalross kropper tett i tett med sine strie barter og karakteristiske, lange hj\u00f8rnetenner. M\u00f8te med isbj\u00f8rnen som fikk pulsen til \u00e5 stige litt for raskt n\u00e5r isbj\u00f8rnen n\u00e6rmet seg.<\/p>\n\n\n\n<h2 class=\"wp-block-heading\">Med interesse, engasjement og stor respekt for naturen formidler og deler Eli fra egne erfaringer fra libeller og \u00f8yenstikker fotografering<\/h2>\n\n\n\n<h3 class=\"wp-block-heading\">Hvordan vi kan fotografere libeller og \u00f8yenstikkere<\/h3>\n\n\n\n<p>Libeller og \u00f8yenstikkere er store, dag aktive insekter med ofte fargem\u00f8nstre i r\u00f8dt, gult, gr\u00f8nt eller bl\u00e5tt. Mange av artene er vakkert metallskinnende. De er utfordrende \u00e5 fotografere, og vanskelig \u00e5 fange skarpe, gode bilder p\u00e5 minnebrikken. Vi ser dem med sine langstrakte kropp, doble vingepar og store fasett\u00f8yne.<\/p>\n\n\n\n<p>Eli er veldig god p\u00e5 dette, og i helgen tok hun med seg klubbmedlemmer p\u00e5 et av&nbsp;<a href=\"https:\/\/www.visitbergen.com\/\" target=\"_blank\" rel=\"noreferrer noopener\">Bergen<\/a>&nbsp;sine fjelltopper,&nbsp;Stolzekleiven&nbsp;og n\u00e6romr\u00e5det.<\/p>\n\n\n\n<p>\u00d8yenstikkere er innsekter som lett kan kjennes p\u00e5 sin lange, smale kropp med doble vingepar som har rikt \u00e5renett.<\/p>\n\n\n\n<p>Hos de store&nbsp;<em>libellene<\/em>, eller egentlige \u00f8yenstikkere (<em>Anisoptera<\/em>), sitter \u00f8ynene tett sammen, og bakvingene er bredere enn forvingene.<\/p>\n\n\n\n<p>Det vrimler av \u00f8yenstikkere i enkelte omr\u00e5der, og de sitter ikke stille. Eli l\u00e6rer villig vekk av sine kunnskaper. &#8220;Fotostacking&#8221; ble testet ut, og viste seg \u00e5 v\u00e6re sv\u00e6rt s\u00e5 effektivt med skarphet p\u00e5 hele \u00f8yenstikkeren og diffus bakgrunn.<\/p>\n\n\n\n<p>&#8220;Stacking&#8221; betyr stable med teknikk der man tar flere bilder av et motiv, og flytter fokus eller endrer avstand til motivet en anelse mellom hvert bilde. Deretter blir bildene satt sammen til ett bilde der dybdeskarpheten er mye st\u00f8rre.<\/p>\n\n\n\n<p>Svarth\u00f8stlibelle er Nordens minste libelle, men den vanligste av h\u00f8stlibellene. Som bilde viser under er den en liten svart- og gulm\u00f8stret art. Den flyr langst de fleste vann om h\u00f8sten.<\/p>\n\n\n\n<p>Du kan lese mer om Svarth\u00f8stlibelle i kunnskapsbank for naturmangfold <a href=\"https:\/\/www.artsdatabanken.no\/Pages\/167591\">Artsdatabanken<\/a><\/p>\n\n\n\n<div class=\"wp-block-columns is-layout-flex wp-container-core-columns-is-layout-9d6595d7 wp-block-columns-is-layout-flex\">\n<div class=\"wp-block-column is-layout-flow wp-block-column-is-layout-flow\">\n<figure class=\"wp-block-image size-large is-resized\"><img loading=\"lazy\" decoding=\"async\" src=\"https:\/\/bekkalokket.no\/wp-content\/uploads\/2023\/08\/Svarthostlibelle-Med-stacking-1-1024x768.jpg\" alt=\"Libelle og \u00f8yenstikker fotografering med fotograf Eli S\u00f8rensen.\" class=\"wp-image-6938\" style=\"width:460px;height:345px\" width=\"460\" height=\"345\" srcset=\"https:\/\/bekkalokket.no\/wp-content\/uploads\/2023\/08\/Svarthostlibelle-Med-stacking-1-1024x768.jpg 1024w, https:\/\/bekkalokket.no\/wp-content\/uploads\/2023\/08\/Svarthostlibelle-Med-stacking-1-300x225.jpg 300w, https:\/\/bekkalokket.no\/wp-content\/uploads\/2023\/08\/Svarthostlibelle-Med-stacking-1-768x576.jpg 768w, https:\/\/bekkalokket.no\/wp-content\/uploads\/2023\/08\/Svarthostlibelle-Med-stacking-1.jpg 1440w\" sizes=\"auto, (max-width: 460px) 100vw, 460px\" \/><\/figure>\n\n\n\n<p>Svarth\u00f8stlibelle<\/p>\n\n\n\n<p>Fotograf: Eli S\u00f8rensen<\/p>\n\n\n\n<h2 class=\"wp-block-heading\">Hvert \u00e5r k\u00e5res &#8220;\u00c5rets bilde&#8221;<\/h2>\n\n\n\n<p>\u00c5rets bilde for 2018 er &#8220;Blue Fairytale&#8221; av Eli S\u00f8rensen<\/p>\n\n\n\n<p><a href=\"https:\/\/bekkalokket.no\/index.php\/2018\/12\/09\/arets-fotograf-og-arets-bilde-er-offentliggjort\/\" target=\"_blank\" rel=\"noreferrer noopener\">\u00c5rets bilde<\/a><\/p>\n\n\n\n<p><\/p>\n<\/div>\n\n\n\n<div class=\"wp-block-column is-layout-flow wp-block-column-is-layout-flow\">\n<figure class=\"wp-block-image size-large\"><img loading=\"lazy\" decoding=\"async\" width=\"1024\" height=\"768\" src=\"https:\/\/bekkalokket.no\/wp-content\/uploads\/2023\/08\/Starrlibelle_lordag-1024x768.jpg\" alt=\"\" class=\"wp-image-6940\" srcset=\"https:\/\/bekkalokket.no\/wp-content\/uploads\/2023\/08\/Starrlibelle_lordag-1024x768.jpg 1024w, https:\/\/bekkalokket.no\/wp-content\/uploads\/2023\/08\/Starrlibelle_lordag-300x225.jpg 300w, https:\/\/bekkalokket.no\/wp-content\/uploads\/2023\/08\/Starrlibelle_lordag-768x576.jpg 768w, https:\/\/bekkalokket.no\/wp-content\/uploads\/2023\/08\/Starrlibelle_lordag.jpg 1440w\" sizes=\"auto, (max-width: 1024px) 100vw, 1024px\" \/><\/figure>\n\n\n\n<p>Starrlibelle<\/p>\n\n\n\n<p>Fotograf: Eli S\u00f8rensen<\/p>\n<\/div>\n<\/div>\n","protected":false},"excerpt":{"rendered":"<p>Eli tar oss med p\u00e5 byfjellet i Bergen for fotografering av libeller og \u00f8yenstikkere Via bildevisninger, foredrag p\u00e5 klubbkvelder og premierte bilder i fotokonkurranser har vi f\u00e5tt sett v\u00e5r dyktige bekkalokker Eli S\u00f8rensen`s flott&#46;&#46;&#46;<\/p>\n","protected":false},"author":8,"featured_media":6938,"comment_status":"closed","ping_status":"open","sticky":false,"template":"","format":"standard","meta":{"footnotes":""},"categories":[15,124],"tags":[],"class_list":["post-7018","post","type-post","status-publish","format-standard","has-post-thumbnail","hentry","category-sosialt","category-turer"],"yoast_head":"<!-- This site is optimized with the Yoast SEO plugin v27.5 - https:\/\/yoast.com\/product\/yoast-seo-wordpress\/ -->\n<title>LIBELLER OG \u00d8YENSTIKKERE MED ELI S\u00d8RENSEN - Bekkalokket Fotoklubb<\/title>\n<meta name=\"description\" content=\"Med engasjement og stor respekt for naturen formidler Eli S\u00f8rensen fra egne erfaringer. Fotografering av libeller og \u00f8yenstikkere. Les mer!\" \/>\n<meta name=\"robots\" content=\"index, follow, max-snippet:-1, max-image-preview:large, max-video-preview:-1\" \/>\n<link rel=\"canonical\" href=\"https:\/\/bekkalokket.no\/index.php\/2023\/08\/24\/libeller-og-oyenstikkere-med-eli-sorensen\/\" \/>\n<meta property=\"og:locale\" content=\"nb_NO\" \/>\n<meta property=\"og:type\" content=\"article\" \/>\n<meta property=\"og:title\" content=\"LIBELLER OG \u00d8YENSTIKKERE MED ELI S\u00d8RENSEN - Bekkalokket Fotoklubb\" \/>\n<meta property=\"og:description\" content=\"Med engasjement og stor respekt for naturen formidler Eli S\u00f8rensen fra egne erfaringer. Fotografering av libeller og \u00f8yenstikkere. Les mer!\" \/>\n<meta property=\"og:url\" content=\"https:\/\/bekkalokket.no\/index.php\/2023\/08\/24\/libeller-og-oyenstikkere-med-eli-sorensen\/\" \/>\n<meta property=\"og:site_name\" content=\"Bekkalokket Fotoklubb\" \/>\n<meta property=\"article:published_time\" content=\"2023-08-24T11:40:45+00:00\" \/>\n<meta property=\"article:modified_time\" content=\"2023-09-26T10:38:50+00:00\" \/>\n<meta property=\"og:image\" content=\"https:\/\/bekkalokket.no\/wp-content\/uploads\/2023\/08\/Svarthostlibelle-Med-stacking-1.jpg\" \/>\n\t<meta property=\"og:image:width\" content=\"1440\" \/>\n\t<meta property=\"og:image:height\" content=\"1080\" \/>\n\t<meta property=\"og:image:type\" content=\"image\/jpeg\" \/>\n<meta name=\"author\" content=\"Eva Virkesdal Eidsheim\" \/>\n<meta name=\"twitter:card\" content=\"summary_large_image\" \/>\n<meta name=\"twitter:label1\" content=\"Skrevet av\" \/>\n\t<meta name=\"twitter:data1\" content=\"Eva Virkesdal Eidsheim\" \/>\n\t<meta name=\"twitter:label2\" content=\"Ansl. lesetid\" \/>\n\t<meta name=\"twitter:data2\" content=\"4 minutter\" \/>\n<script type=\"application\/ld+json\" class=\"yoast-schema-graph\">{\"@context\":\"https:\\\/\\\/schema.org\",\"@graph\":[{\"@type\":\"Article\",\"@id\":\"https:\\\/\\\/bekkalokket.no\\\/index.php\\\/2023\\\/08\\\/24\\\/libeller-og-oyenstikkere-med-eli-sorensen\\\/#article\",\"isPartOf\":{\"@id\":\"https:\\\/\\\/bekkalokket.no\\\/index.php\\\/2023\\\/08\\\/24\\\/libeller-og-oyenstikkere-med-eli-sorensen\\\/\"},\"author\":{\"name\":\"Eva Virkesdal Eidsheim\",\"@id\":\"https:\\\/\\\/bekkalokket.no\\\/#\\\/schema\\\/person\\\/eab29f8485037f21104e65b7c6e05bfb\"},\"headline\":\"LIBELLER OG \u00d8YENSTIKKERE MED ELI S\u00d8RENSEN\",\"datePublished\":\"2023-08-24T11:40:45+00:00\",\"dateModified\":\"2023-09-26T10:38:50+00:00\",\"mainEntityOfPage\":{\"@id\":\"https:\\\/\\\/bekkalokket.no\\\/index.php\\\/2023\\\/08\\\/24\\\/libeller-og-oyenstikkere-med-eli-sorensen\\\/\"},\"wordCount\":635,\"image\":{\"@id\":\"https:\\\/\\\/bekkalokket.no\\\/index.php\\\/2023\\\/08\\\/24\\\/libeller-og-oyenstikkere-med-eli-sorensen\\\/#primaryimage\"},\"thumbnailUrl\":\"https:\\\/\\\/bekkalokket.no\\\/wp-content\\\/uploads\\\/2023\\\/08\\\/Svarthostlibelle-Med-stacking-1.jpg\",\"articleSection\":[\"Sosialt\",\"Turer\"],\"inLanguage\":\"nb-NO\"},{\"@type\":\"WebPage\",\"@id\":\"https:\\\/\\\/bekkalokket.no\\\/index.php\\\/2023\\\/08\\\/24\\\/libeller-og-oyenstikkere-med-eli-sorensen\\\/\",\"url\":\"https:\\\/\\\/bekkalokket.no\\\/index.php\\\/2023\\\/08\\\/24\\\/libeller-og-oyenstikkere-med-eli-sorensen\\\/\",\"name\":\"LIBELLER OG \u00d8YENSTIKKERE MED ELI S\u00d8RENSEN - Bekkalokket Fotoklubb\",\"isPartOf\":{\"@id\":\"https:\\\/\\\/bekkalokket.no\\\/#website\"},\"primaryImageOfPage\":{\"@id\":\"https:\\\/\\\/bekkalokket.no\\\/index.php\\\/2023\\\/08\\\/24\\\/libeller-og-oyenstikkere-med-eli-sorensen\\\/#primaryimage\"},\"image\":{\"@id\":\"https:\\\/\\\/bekkalokket.no\\\/index.php\\\/2023\\\/08\\\/24\\\/libeller-og-oyenstikkere-med-eli-sorensen\\\/#primaryimage\"},\"thumbnailUrl\":\"https:\\\/\\\/bekkalokket.no\\\/wp-content\\\/uploads\\\/2023\\\/08\\\/Svarthostlibelle-Med-stacking-1.jpg\",\"datePublished\":\"2023-08-24T11:40:45+00:00\",\"dateModified\":\"2023-09-26T10:38:50+00:00\",\"author\":{\"@id\":\"https:\\\/\\\/bekkalokket.no\\\/#\\\/schema\\\/person\\\/eab29f8485037f21104e65b7c6e05bfb\"},\"description\":\"Med engasjement og stor respekt for naturen formidler Eli S\u00f8rensen fra egne erfaringer. Fotografering av libeller og \u00f8yenstikkere. Les mer!\",\"breadcrumb\":{\"@id\":\"https:\\\/\\\/bekkalokket.no\\\/index.php\\\/2023\\\/08\\\/24\\\/libeller-og-oyenstikkere-med-eli-sorensen\\\/#breadcrumb\"},\"inLanguage\":\"nb-NO\",\"potentialAction\":[{\"@type\":\"ReadAction\",\"target\":[\"https:\\\/\\\/bekkalokket.no\\\/index.php\\\/2023\\\/08\\\/24\\\/libeller-og-oyenstikkere-med-eli-sorensen\\\/\"]}]},{\"@type\":\"ImageObject\",\"inLanguage\":\"nb-NO\",\"@id\":\"https:\\\/\\\/bekkalokket.no\\\/index.php\\\/2023\\\/08\\\/24\\\/libeller-og-oyenstikkere-med-eli-sorensen\\\/#primaryimage\",\"url\":\"https:\\\/\\\/bekkalokket.no\\\/wp-content\\\/uploads\\\/2023\\\/08\\\/Svarthostlibelle-Med-stacking-1.jpg\",\"contentUrl\":\"https:\\\/\\\/bekkalokket.no\\\/wp-content\\\/uploads\\\/2023\\\/08\\\/Svarthostlibelle-Med-stacking-1.jpg\",\"width\":1440,\"height\":1080,\"caption\":\"Fotografering av libeller og \u00f8yenstikker med klubbmedlem Eli S\u00f8rensen.\"},{\"@type\":\"BreadcrumbList\",\"@id\":\"https:\\\/\\\/bekkalokket.no\\\/index.php\\\/2023\\\/08\\\/24\\\/libeller-og-oyenstikkere-med-eli-sorensen\\\/#breadcrumb\",\"itemListElement\":[{\"@type\":\"ListItem\",\"position\":1,\"name\":\"Home\",\"item\":\"https:\\\/\\\/bekkalokket.no\\\/\"},{\"@type\":\"ListItem\",\"position\":2,\"name\":\"LIBELLER OG \u00d8YENSTIKKERE MED ELI S\u00d8RENSEN\"}]},{\"@type\":\"WebSite\",\"@id\":\"https:\\\/\\\/bekkalokket.no\\\/#website\",\"url\":\"https:\\\/\\\/bekkalokket.no\\\/\",\"name\":\"Bekkalokket Fotoklubb\",\"description\":\"En sosial og aktiv fotoklubb i Bergen\",\"potentialAction\":[{\"@type\":\"SearchAction\",\"target\":{\"@type\":\"EntryPoint\",\"urlTemplate\":\"https:\\\/\\\/bekkalokket.no\\\/?s={search_term_string}\"},\"query-input\":{\"@type\":\"PropertyValueSpecification\",\"valueRequired\":true,\"valueName\":\"search_term_string\"}}],\"inLanguage\":\"nb-NO\"},{\"@type\":\"Person\",\"@id\":\"https:\\\/\\\/bekkalokket.no\\\/#\\\/schema\\\/person\\\/eab29f8485037f21104e65b7c6e05bfb\",\"name\":\"Eva Virkesdal Eidsheim\",\"image\":{\"@type\":\"ImageObject\",\"inLanguage\":\"nb-NO\",\"@id\":\"https:\\\/\\\/secure.gravatar.com\\\/avatar\\\/b35f512bad71a5a18ddbb016bb0b5d19d05c8cee10dc13a2ac0ee35051f7f64a?s=96&d=mm&r=g\",\"url\":\"https:\\\/\\\/secure.gravatar.com\\\/avatar\\\/b35f512bad71a5a18ddbb016bb0b5d19d05c8cee10dc13a2ac0ee35051f7f64a?s=96&d=mm&r=g\",\"contentUrl\":\"https:\\\/\\\/secure.gravatar.com\\\/avatar\\\/b35f512bad71a5a18ddbb016bb0b5d19d05c8cee10dc13a2ac0ee35051f7f64a?s=96&d=mm&r=g\",\"caption\":\"Eva Virkesdal Eidsheim\"},\"url\":\"https:\\\/\\\/bekkalokket.no\\\/index.php\\\/author\\\/evavs\\\/\"}]}<\/script>\n<!-- \/ Yoast SEO plugin. -->","yoast_head_json":{"title":"LIBELLER OG \u00d8YENSTIKKERE MED ELI S\u00d8RENSEN - Bekkalokket Fotoklubb","description":"Med engasjement og stor respekt for naturen formidler Eli S\u00f8rensen fra egne erfaringer. Fotografering av libeller og \u00f8yenstikkere. Les mer!","robots":{"index":"index","follow":"follow","max-snippet":"max-snippet:-1","max-image-preview":"max-image-preview:large","max-video-preview":"max-video-preview:-1"},"canonical":"https:\/\/bekkalokket.no\/index.php\/2023\/08\/24\/libeller-og-oyenstikkere-med-eli-sorensen\/","og_locale":"nb_NO","og_type":"article","og_title":"LIBELLER OG \u00d8YENSTIKKERE MED ELI S\u00d8RENSEN - Bekkalokket Fotoklubb","og_description":"Med engasjement og stor respekt for naturen formidler Eli S\u00f8rensen fra egne erfaringer. Fotografering av libeller og \u00f8yenstikkere. Les mer!","og_url":"https:\/\/bekkalokket.no\/index.php\/2023\/08\/24\/libeller-og-oyenstikkere-med-eli-sorensen\/","og_site_name":"Bekkalokket Fotoklubb","article_published_time":"2023-08-24T11:40:45+00:00","article_modified_time":"2023-09-26T10:38:50+00:00","og_image":[{"width":1440,"height":1080,"url":"https:\/\/bekkalokket.no\/wp-content\/uploads\/2023\/08\/Svarthostlibelle-Med-stacking-1.jpg","type":"image\/jpeg"}],"author":"Eva Virkesdal Eidsheim","twitter_card":"summary_large_image","twitter_misc":{"Skrevet av":"Eva Virkesdal Eidsheim","Ansl. lesetid":"4 minutter"},"schema":{"@context":"https:\/\/schema.org","@graph":[{"@type":"Article","@id":"https:\/\/bekkalokket.no\/index.php\/2023\/08\/24\/libeller-og-oyenstikkere-med-eli-sorensen\/#article","isPartOf":{"@id":"https:\/\/bekkalokket.no\/index.php\/2023\/08\/24\/libeller-og-oyenstikkere-med-eli-sorensen\/"},"author":{"name":"Eva Virkesdal Eidsheim","@id":"https:\/\/bekkalokket.no\/#\/schema\/person\/eab29f8485037f21104e65b7c6e05bfb"},"headline":"LIBELLER OG \u00d8YENSTIKKERE MED ELI S\u00d8RENSEN","datePublished":"2023-08-24T11:40:45+00:00","dateModified":"2023-09-26T10:38:50+00:00","mainEntityOfPage":{"@id":"https:\/\/bekkalokket.no\/index.php\/2023\/08\/24\/libeller-og-oyenstikkere-med-eli-sorensen\/"},"wordCount":635,"image":{"@id":"https:\/\/bekkalokket.no\/index.php\/2023\/08\/24\/libeller-og-oyenstikkere-med-eli-sorensen\/#primaryimage"},"thumbnailUrl":"https:\/\/bekkalokket.no\/wp-content\/uploads\/2023\/08\/Svarthostlibelle-Med-stacking-1.jpg","articleSection":["Sosialt","Turer"],"inLanguage":"nb-NO"},{"@type":"WebPage","@id":"https:\/\/bekkalokket.no\/index.php\/2023\/08\/24\/libeller-og-oyenstikkere-med-eli-sorensen\/","url":"https:\/\/bekkalokket.no\/index.php\/2023\/08\/24\/libeller-og-oyenstikkere-med-eli-sorensen\/","name":"LIBELLER OG \u00d8YENSTIKKERE MED ELI S\u00d8RENSEN - Bekkalokket Fotoklubb","isPartOf":{"@id":"https:\/\/bekkalokket.no\/#website"},"primaryImageOfPage":{"@id":"https:\/\/bekkalokket.no\/index.php\/2023\/08\/24\/libeller-og-oyenstikkere-med-eli-sorensen\/#primaryimage"},"image":{"@id":"https:\/\/bekkalokket.no\/index.php\/2023\/08\/24\/libeller-og-oyenstikkere-med-eli-sorensen\/#primaryimage"},"thumbnailUrl":"https:\/\/bekkalokket.no\/wp-content\/uploads\/2023\/08\/Svarthostlibelle-Med-stacking-1.jpg","datePublished":"2023-08-24T11:40:45+00:00","dateModified":"2023-09-26T10:38:50+00:00","author":{"@id":"https:\/\/bekkalokket.no\/#\/schema\/person\/eab29f8485037f21104e65b7c6e05bfb"},"description":"Med engasjement og stor respekt for naturen formidler Eli S\u00f8rensen fra egne erfaringer. Fotografering av libeller og \u00f8yenstikkere. Les mer!","breadcrumb":{"@id":"https:\/\/bekkalokket.no\/index.php\/2023\/08\/24\/libeller-og-oyenstikkere-med-eli-sorensen\/#breadcrumb"},"inLanguage":"nb-NO","potentialAction":[{"@type":"ReadAction","target":["https:\/\/bekkalokket.no\/index.php\/2023\/08\/24\/libeller-og-oyenstikkere-med-eli-sorensen\/"]}]},{"@type":"ImageObject","inLanguage":"nb-NO","@id":"https:\/\/bekkalokket.no\/index.php\/2023\/08\/24\/libeller-og-oyenstikkere-med-eli-sorensen\/#primaryimage","url":"https:\/\/bekkalokket.no\/wp-content\/uploads\/2023\/08\/Svarthostlibelle-Med-stacking-1.jpg","contentUrl":"https:\/\/bekkalokket.no\/wp-content\/uploads\/2023\/08\/Svarthostlibelle-Med-stacking-1.jpg","width":1440,"height":1080,"caption":"Fotografering av libeller og \u00f8yenstikker med klubbmedlem Eli S\u00f8rensen."},{"@type":"BreadcrumbList","@id":"https:\/\/bekkalokket.no\/index.php\/2023\/08\/24\/libeller-og-oyenstikkere-med-eli-sorensen\/#breadcrumb","itemListElement":[{"@type":"ListItem","position":1,"name":"Home","item":"https:\/\/bekkalokket.no\/"},{"@type":"ListItem","position":2,"name":"LIBELLER OG \u00d8YENSTIKKERE MED ELI S\u00d8RENSEN"}]},{"@type":"WebSite","@id":"https:\/\/bekkalokket.no\/#website","url":"https:\/\/bekkalokket.no\/","name":"Bekkalokket Fotoklubb","description":"En sosial og aktiv fotoklubb i Bergen","potentialAction":[{"@type":"SearchAction","target":{"@type":"EntryPoint","urlTemplate":"https:\/\/bekkalokket.no\/?s={search_term_string}"},"query-input":{"@type":"PropertyValueSpecification","valueRequired":true,"valueName":"search_term_string"}}],"inLanguage":"nb-NO"},{"@type":"Person","@id":"https:\/\/bekkalokket.no\/#\/schema\/person\/eab29f8485037f21104e65b7c6e05bfb","name":"Eva Virkesdal Eidsheim","image":{"@type":"ImageObject","inLanguage":"nb-NO","@id":"https:\/\/secure.gravatar.com\/avatar\/b35f512bad71a5a18ddbb016bb0b5d19d05c8cee10dc13a2ac0ee35051f7f64a?s=96&d=mm&r=g","url":"https:\/\/secure.gravatar.com\/avatar\/b35f512bad71a5a18ddbb016bb0b5d19d05c8cee10dc13a2ac0ee35051f7f64a?s=96&d=mm&r=g","contentUrl":"https:\/\/secure.gravatar.com\/avatar\/b35f512bad71a5a18ddbb016bb0b5d19d05c8cee10dc13a2ac0ee35051f7f64a?s=96&d=mm&r=g","caption":"Eva Virkesdal Eidsheim"},"url":"https:\/\/bekkalokket.no\/index.php\/author\/evavs\/"}]}},"_links":{"self":[{"href":"https:\/\/bekkalokket.no\/index.php\/wp-json\/wp\/v2\/posts\/7018","targetHints":{"allow":["GET"]}}],"collection":[{"href":"https:\/\/bekkalokket.no\/index.php\/wp-json\/wp\/v2\/posts"}],"about":[{"href":"https:\/\/bekkalokket.no\/index.php\/wp-json\/wp\/v2\/types\/post"}],"author":[{"embeddable":true,"href":"https:\/\/bekkalokket.no\/index.php\/wp-json\/wp\/v2\/users\/8"}],"replies":[{"embeddable":true,"href":"https:\/\/bekkalokket.no\/index.php\/wp-json\/wp\/v2\/comments?post=7018"}],"version-history":[{"count":27,"href":"https:\/\/bekkalokket.no\/index.php\/wp-json\/wp\/v2\/posts\/7018\/revisions"}],"predecessor-version":[{"id":7408,"href":"https:\/\/bekkalokket.no\/index.php\/wp-json\/wp\/v2\/posts\/7018\/revisions\/7408"}],"wp:featuredmedia":[{"embeddable":true,"href":"https:\/\/bekkalokket.no\/index.php\/wp-json\/wp\/v2\/media\/6938"}],"wp:attachment":[{"href":"https:\/\/bekkalokket.no\/index.php\/wp-json\/wp\/v2\/media?parent=7018"}],"wp:term":[{"taxonomy":"category","embeddable":true,"href":"https:\/\/bekkalokket.no\/index.php\/wp-json\/wp\/v2\/categories?post=7018"},{"taxonomy":"post_tag","embeddable":true,"href":"https:\/\/bekkalokket.no\/index.php\/wp-json\/wp\/v2\/tags?post=7018"}],"curies":[{"name":"wp","href":"https:\/\/api.w.org\/{rel}","templated":true}]}}