{"id":7745,"date":"2023-10-30T01:24:58","date_gmt":"2023-10-29T23:24:58","guid":{"rendered":"https:\/\/bekkalokket.no\/?p=7745"},"modified":"2026-02-18T20:41:29","modified_gmt":"2026-02-18T18:41:29","slug":"inspirasjonshelg-for-fotografer-hosten-2023","status":"publish","type":"post","link":"https:\/\/bekkalokket.no\/index.php\/2023\/10\/30\/inspirasjonshelg-for-fotografer-hosten-2023\/","title":{"rendered":"Inspirasjonshelg for fotografer h\u00f8sten 2023"},"content":{"rendered":"\n<h2 class=\"wp-block-heading\">Husk \u00e5 f\u00e5 med deg inspirajonshelg med foredragsholder Agnete Brun. En av Norges mest anekjente portrettfotografer<\/h2>\n\n\n\n<p>Komite for Faglig Utvikling i Bekkalokket Fotoklubb har gleden av \u00e5 invitere alle bekkalokkere til spennende og l\u00e6rerik inspirasjonshelg for fotografer h\u00f8sten 2023 med foredragsholder Agnete Brun, som er en av Norges mest anerkjente portrettfotografer. Denne helgen vil du ogs\u00e5 v\u00e6re s\u00e5 heldig \u00e5 f\u00e5 treffe flere andre kjente fotografer i l\u00f8pet av inspirasjonshelgen.<\/p>\n\n\n\n<p><strong>Tema: Arbeidsflyt i fotograferingen v\u00e5r<br>Tidspunkt: 10.-11. november 2023<br>Sted: Klubblokalet til Bekkalokket Fotoklubb, Klosteret 2, 5005 BERGEN<\/strong><\/p>\n\n\n\n<p><strong>Pris: Kr 150,00. Betalt er lik p\u00e5meldt. Vipps: #124953<\/strong><\/p>\n\n\n\n<p><\/p>\n\n\n\n<h3 class=\"wp-block-heading\">I \u00e5r har vi v\u00e6rt s\u00e5 heldige at vi har f\u00e5tt med oss p\u00e5 inspirasjonshelgen foredragsholder Agnete Brun <\/h3>\n\n\n\n<p>Hun var Dagbladets l\u00f8rdagsmagasin sin faste fotograf, og har fotografert mellom annet Kong Harald, Wenche Foss og de fleste kjente ansiktene i Norge.<\/p>\n\n\n\n<p>Gjennom sin behandling av litteratur og kunst har Dagbladet tradisjonelt st\u00e5tt sentralt i norsk kulturliv.<\/p>\n\n\n\n<p>Agnete Brun regnes som en av Norges beste portrettfotografer. Hun startet som frilansjournalist i 1989,  begynte spesialiseringen innen portrettfotografi i 1995, og fikk fast ansettelse&nbsp;noen \u00e5r senere.<\/p>\n\n\n\n<p><\/p>\n\n\n\n<p><strong>I 2001 fikk Agnete Brun tildelt Fotografprisen, Norges Fotografiforbunds hederspris<\/strong><\/p>\n\n\n\n<p>Agnete Brun har utmerket seg med ekstraordin\u00e6re portretter, og utdypende featurereportasjer. Brun var den f\u00f8rste kvinnelige fotografen som mottok Fotografiprisen i 2001.<\/p>\n\n\n\n<p>Prisen, som deles ut hvert andre \u00e5r, er den h\u00f8yeste \u00e6re en norsk fotograf kan tildeles.<\/p>\n\n\n\n<p><a href=\"https:\/\/norskefagfotografersfond.no\/#photo-awards-section\" target=\"_blank\" rel=\"noreferrer noopener\">Norges Fotografers Fond<\/a><\/p>\n\n\n\n<p><a href=\"https:\/\/norskefagfotografersfond.no\/fotografiprisen\/2001-2\/\" target=\"_blank\" rel=\"noreferrer noopener\">Agnete Brun tildelt Fotografprisen 2001<\/a><\/p>\n\n\n\n<p><a href=\"https:\/\/agnetebrun.no\/Info\" target=\"_blank\" rel=\"noreferrer noopener\">Om Agnete Brun<\/a><\/p>\n\n\n\n<h2 class=\"wp-block-heading\">Program for inspirasjonshelg for fotografer h\u00f8sten 2023<\/h2>\n\n\n\n<p><strong>Fredag 10.11.2023<\/strong><\/p>\n\n\n\n<p>kl. 19.00 &#8211; 22.00 &#8211; <strong>Bevisstgj\u00f8ring av egen arbeidsflyt i fotograferingen<\/strong><\/p>\n\n\n\n<p>V\u00e5re egen Terje Bergesen har laget et flytskjema for en typisk arbeidsrekkef\u00f8lge som han vil g\u00e5 gjennom, og forklare samt vise eksempler. Etterp\u00e5 blir det god tid til sosialt treff med diskusjoner.<\/p>\n\n\n\n<p><strong>L\u00f8rdag 11.11.2023<\/strong><\/p>\n\n\n\n<p>kl. 10.00 &#8211; 10.15 &#8211; <strong>Velkomst<\/strong>. Repetisjon fra fredagen<br>kl. 10.15 &#8211; 10.30 &#8211; <strong>Rune Fj\u00e6reide<\/strong>: Storm og insekter<br>kl. 10.30 &#8211; 10.45 &#8211; <strong>Eilif Stene<\/strong>: Prosjekt, planlegging og printing<br>kl. 10.45 &#8211; 11.00 &#8211; <strong>Knut-Henrik Andersen<\/strong>: Planlegging, kost, finne modeller<br>kl .11.00 &#8211; 11.30 &#8211; <strong>Pause med snacks<\/strong><br>kl. 11.30 &#8211; 12.15 &#8211; <strong>Ronny Larsen<\/strong>: Intervju om prosjektet Ukrainske flyktninger<br>kl. 12.15 &#8211; 12.45 &#8211; <strong>Pause med pizza<\/strong><br>kl 12.45 &#8211; 14.45 &#8211; <strong>Hovedforedrag med Agnete Brun <\/strong>med sp\u00f8rsm\u00e5l\/diskusjon<\/p>\n\n\n\n<p><\/p>\n\n\n\n<h3 class=\"wp-block-heading\">En inspirasjonshelg for fotografer gir l\u00e6ring og mestring av fotografi av flere grunner<\/h3>\n\n\n\n<p>Inspirasjonshelger som blir arrangert i Bekkalokket Fotoklubb har som m\u00e5l \u00e5 skape et milj\u00f8 der deltakerne kan dele sin kj\u00e6rlighet for fotografi, l\u00e6re av hverandre, og la seg inspirere av nye ideer og perspektiver.<\/p>\n\n\n\n<p>Her f\u00e5r deltakerne unike muligheter til \u00e5 l\u00e6re nye ferdigheter, og f\u00e5r innsikt i fotografiets verden ledet av profesjonelle, anerkjente fotografer.<\/p>\n\n\n\n<p>Det handler ogs\u00e5 om nettverksbygging der deltakerne for sjanse til \u00e5 m\u00f8te andre med samme lidenskap, og interesser for fotografi. Dette kan f\u00f8re til verdifulle kontakter, og muligheter for samarbeid.<\/p>\n\n\n\n<p>Inspirerte fotografer har ofte en tendens til \u00e5 produsere mer nyskapende og kreative bilder. Dermed kan slike inspirasjonshelger v\u00e6re sv\u00e6rt verdifulle for fotografer som \u00f8nsker \u00e5 utvikle sine ferdigheter og visjon.<\/p>\n\n\n\n<p><strong>Fordeler med \u00e5 v\u00e6re med p\u00e5 inspirasjonshelger<\/strong><\/p>\n\n\n\n<ul class=\"wp-block-list\">\n<li>Eksponering for nye ideer og perspektiver<\/li>\n\n\n\n<li>Praktisk l\u00e6ring<\/li>\n\n\n\n<li>Fotografiske utfordringer<\/li>\n\n\n\n<li>Konstruktiv tilbakemelding og kritikk<\/li>\n<\/ul>\n\n\n\n<p><\/p>\n\n\n\n<p><a href=\"https:\/\/bekkalokket.no\/index.php\/foredragsholdere\/\" target=\"_blank\" rel=\"noreferrer noopener\"><strong>Tidligere foredragsholdere i Bekkalokket Fotoklubb<\/strong><\/a><\/p>\n\n\n\n<p><strong><a href=\"https:\/\/bekkalokket.no\/index.php\/utstillinger-og-prosjekter\/\" target=\"_blank\" rel=\"noreferrer noopener\">Utstillinger og Prosjekter<\/a><\/strong><\/p>\n\n\n\n<p><a href=\"https:\/\/bekkalokket.no\/index.php\/bli-medlem-i-bekkalokket-fotoklubb\/\" target=\"_blank\" rel=\"noreferrer noopener\"><strong>Bli medlem<\/strong><\/a><\/p>\n\n\n\n<h2 class=\"wp-block-heading\">Meld deg p\u00e5 v\u00e5r inspirasjonshelg for fotografer h\u00f8sten 2023 for \u00e5 l\u00e6re nye ferdigheter og f\u00e5 innsikt i fotografiets verden!<\/h2>\n\n\n\n<div class=\"wp-block-columns is-layout-flex wp-container-core-columns-is-layout-9d6595d7 wp-block-columns-is-layout-flex\">\n<div class=\"wp-block-column is-layout-flow wp-block-column-is-layout-flow\"><div class=\"wp-block-image\">\n<figure class=\"alignleft size-full is-resized\"><img loading=\"lazy\" decoding=\"async\" width=\"448\" height=\"640\" src=\"https:\/\/bekkalokket.no\/wp-content\/uploads\/2023\/10\/AURORA11.jpg\" alt=\"Inspirasjonshelg h\u00f8sten 2023 med Agnete Brun, og flere kjente fotografer for l\u00e6ring og inspirasjon. Arrang\u00f8r Bekkalokket Fotokubb.\" class=\"wp-image-7735\" style=\"aspect-ratio:0.7;width:460px;height:auto\" srcset=\"https:\/\/bekkalokket.no\/wp-content\/uploads\/2023\/10\/AURORA11.jpg 448w, https:\/\/bekkalokket.no\/wp-content\/uploads\/2023\/10\/AURORA11-210x300.jpg 210w\" sizes=\"auto, (max-width: 448px) 100vw, 448px\" \/><figcaption class=\"wp-element-caption\"><strong>Aurora Fotograf Agnete Brun<\/strong><\/figcaption><\/figure>\n<\/div><\/div>\n\n\n\n<div class=\"wp-block-column is-layout-flow wp-block-column-is-layout-flow\">\n<figure class=\"wp-block-image size-full is-resized\"><img loading=\"lazy\" decoding=\"async\" width=\"476\" height=\"640\" src=\"https:\/\/bekkalokket.no\/wp-content\/uploads\/2023\/10\/MARION-RAVN_77A2798.jpeg\" alt=\"Inspirasjonshelg h\u00f8sten 2023 med Agnete Brun, og flere kjente fotografer for l\u00e6ring og inspirasjon. Arrang\u00f8r Bekkalokket Fotokubb.\" class=\"wp-image-7731\" style=\"aspect-ratio:0.74375;width:498px;height:auto\" srcset=\"https:\/\/bekkalokket.no\/wp-content\/uploads\/2023\/10\/MARION-RAVN_77A2798.jpeg 476w, https:\/\/bekkalokket.no\/wp-content\/uploads\/2023\/10\/MARION-RAVN_77A2798-223x300.jpeg 223w\" sizes=\"auto, (max-width: 476px) 100vw, 476px\" \/><\/figure>\n\n\n\n<p>Marion Ravn Fotograf Agnete Brun<\/p>\n<\/div>\n<\/div>\n","protected":false},"excerpt":{"rendered":"<p>Husk \u00e5 f\u00e5 med deg inspirajonshelg med foredragsholder Agnete Brun. En av Norges mest anekjente portrettfotografer Komite for Faglig Utvikling i Bekkalokket Fotoklubb har gleden av \u00e5 invitere alle bekkalokkere til spennende og l\u00e6rerik&#46;&#46;&#46;<\/p>\n","protected":false},"author":8,"featured_media":7735,"comment_status":"closed","ping_status":"open","sticky":false,"template":"","format":"standard","meta":{"footnotes":""},"categories":[87,157,12],"tags":[],"class_list":["post-7745","post","type-post","status-publish","format-standard","has-post-thumbnail","hentry","category-foredragsholdere","category-inspirasjonshelger","category-workshop"],"yoast_head":"<!-- This site is optimized with the Yoast SEO plugin v27.5 - https:\/\/yoast.com\/product\/yoast-seo-wordpress\/ -->\n<title>Inspirasjonshelg for fotografer h\u00f8sten 2023 - Bekkalokket Fotoklubb<\/title>\n<meta name=\"description\" content=\"F\u00e5 med deg spennende og l\u00e6rerik inspirasjonshelg for fotografer h\u00f8sten 2023 med Bekkalokket Fotoklubb og flere kjente fotografer. Les mer!\" \/>\n<meta name=\"robots\" content=\"index, follow, max-snippet:-1, max-image-preview:large, max-video-preview:-1\" \/>\n<link rel=\"canonical\" href=\"https:\/\/bekkalokket.no\/index.php\/2023\/10\/30\/inspirasjonshelg-for-fotografer-hosten-2023\/\" \/>\n<meta property=\"og:locale\" content=\"nb_NO\" \/>\n<meta property=\"og:type\" content=\"article\" \/>\n<meta property=\"og:title\" content=\"Inspirasjonshelg for fotografer h\u00f8sten 2023 - Bekkalokket Fotoklubb\" \/>\n<meta property=\"og:description\" content=\"F\u00e5 med deg spennende og l\u00e6rerik inspirasjonshelg for fotografer h\u00f8sten 2023 med Bekkalokket Fotoklubb og flere kjente fotografer. Les mer!\" \/>\n<meta property=\"og:url\" content=\"https:\/\/bekkalokket.no\/index.php\/2023\/10\/30\/inspirasjonshelg-for-fotografer-hosten-2023\/\" \/>\n<meta property=\"og:site_name\" content=\"Bekkalokket Fotoklubb\" \/>\n<meta property=\"article:published_time\" content=\"2023-10-29T23:24:58+00:00\" \/>\n<meta property=\"article:modified_time\" content=\"2026-02-18T18:41:29+00:00\" \/>\n<meta property=\"og:image\" content=\"https:\/\/bekkalokket.no\/wp-content\/uploads\/2023\/10\/AURORA11.jpg\" \/>\n\t<meta property=\"og:image:width\" content=\"448\" \/>\n\t<meta property=\"og:image:height\" content=\"640\" \/>\n\t<meta property=\"og:image:type\" content=\"image\/jpeg\" \/>\n<meta name=\"author\" content=\"Eva Virkesdal Eidsheim\" \/>\n<meta name=\"twitter:card\" content=\"summary_large_image\" \/>\n<meta name=\"twitter:label1\" content=\"Skrevet av\" \/>\n\t<meta name=\"twitter:data1\" content=\"Eva Virkesdal Eidsheim\" \/>\n\t<meta name=\"twitter:label2\" content=\"Ansl. lesetid\" \/>\n\t<meta name=\"twitter:data2\" content=\"4 minutter\" \/>\n<script type=\"application\/ld+json\" class=\"yoast-schema-graph\">{\"@context\":\"https:\\\/\\\/schema.org\",\"@graph\":[{\"@type\":\"Article\",\"@id\":\"https:\\\/\\\/bekkalokket.no\\\/index.php\\\/2023\\\/10\\\/30\\\/inspirasjonshelg-for-fotografer-hosten-2023\\\/#article\",\"isPartOf\":{\"@id\":\"https:\\\/\\\/bekkalokket.no\\\/index.php\\\/2023\\\/10\\\/30\\\/inspirasjonshelg-for-fotografer-hosten-2023\\\/\"},\"author\":{\"name\":\"Eva Virkesdal Eidsheim\",\"@id\":\"https:\\\/\\\/bekkalokket.no\\\/#\\\/schema\\\/person\\\/eab29f8485037f21104e65b7c6e05bfb\"},\"headline\":\"Inspirasjonshelg for fotografer h\u00f8sten 2023\",\"datePublished\":\"2023-10-29T23:24:58+00:00\",\"dateModified\":\"2026-02-18T18:41:29+00:00\",\"mainEntityOfPage\":{\"@id\":\"https:\\\/\\\/bekkalokket.no\\\/index.php\\\/2023\\\/10\\\/30\\\/inspirasjonshelg-for-fotografer-hosten-2023\\\/\"},\"wordCount\":558,\"image\":{\"@id\":\"https:\\\/\\\/bekkalokket.no\\\/index.php\\\/2023\\\/10\\\/30\\\/inspirasjonshelg-for-fotografer-hosten-2023\\\/#primaryimage\"},\"thumbnailUrl\":\"https:\\\/\\\/bekkalokket.no\\\/wp-content\\\/uploads\\\/2023\\\/10\\\/AURORA11.jpg\",\"articleSection\":[\"Foredragsholdere\",\"Inspirasjonshelger\",\"Workshop\"],\"inLanguage\":\"nb-NO\"},{\"@type\":\"WebPage\",\"@id\":\"https:\\\/\\\/bekkalokket.no\\\/index.php\\\/2023\\\/10\\\/30\\\/inspirasjonshelg-for-fotografer-hosten-2023\\\/\",\"url\":\"https:\\\/\\\/bekkalokket.no\\\/index.php\\\/2023\\\/10\\\/30\\\/inspirasjonshelg-for-fotografer-hosten-2023\\\/\",\"name\":\"Inspirasjonshelg for fotografer h\u00f8sten 2023 - Bekkalokket Fotoklubb\",\"isPartOf\":{\"@id\":\"https:\\\/\\\/bekkalokket.no\\\/#website\"},\"primaryImageOfPage\":{\"@id\":\"https:\\\/\\\/bekkalokket.no\\\/index.php\\\/2023\\\/10\\\/30\\\/inspirasjonshelg-for-fotografer-hosten-2023\\\/#primaryimage\"},\"image\":{\"@id\":\"https:\\\/\\\/bekkalokket.no\\\/index.php\\\/2023\\\/10\\\/30\\\/inspirasjonshelg-for-fotografer-hosten-2023\\\/#primaryimage\"},\"thumbnailUrl\":\"https:\\\/\\\/bekkalokket.no\\\/wp-content\\\/uploads\\\/2023\\\/10\\\/AURORA11.jpg\",\"datePublished\":\"2023-10-29T23:24:58+00:00\",\"dateModified\":\"2026-02-18T18:41:29+00:00\",\"author\":{\"@id\":\"https:\\\/\\\/bekkalokket.no\\\/#\\\/schema\\\/person\\\/eab29f8485037f21104e65b7c6e05bfb\"},\"description\":\"F\u00e5 med deg spennende og l\u00e6rerik inspirasjonshelg for fotografer h\u00f8sten 2023 med Bekkalokket Fotoklubb og flere kjente fotografer. Les mer!\",\"breadcrumb\":{\"@id\":\"https:\\\/\\\/bekkalokket.no\\\/index.php\\\/2023\\\/10\\\/30\\\/inspirasjonshelg-for-fotografer-hosten-2023\\\/#breadcrumb\"},\"inLanguage\":\"nb-NO\",\"potentialAction\":[{\"@type\":\"ReadAction\",\"target\":[\"https:\\\/\\\/bekkalokket.no\\\/index.php\\\/2023\\\/10\\\/30\\\/inspirasjonshelg-for-fotografer-hosten-2023\\\/\"]}]},{\"@type\":\"ImageObject\",\"inLanguage\":\"nb-NO\",\"@id\":\"https:\\\/\\\/bekkalokket.no\\\/index.php\\\/2023\\\/10\\\/30\\\/inspirasjonshelg-for-fotografer-hosten-2023\\\/#primaryimage\",\"url\":\"https:\\\/\\\/bekkalokket.no\\\/wp-content\\\/uploads\\\/2023\\\/10\\\/AURORA11.jpg\",\"contentUrl\":\"https:\\\/\\\/bekkalokket.no\\\/wp-content\\\/uploads\\\/2023\\\/10\\\/AURORA11.jpg\",\"width\":448,\"height\":640,\"caption\":\"Inspirasjonshelg h\u00f8sten 2023 med Agnete Brun, og flere kjente fotografer for l\u00e6ring og inspirasjon. Arrang\u00f8r Bekkalokket Fotokubb.\"},{\"@type\":\"BreadcrumbList\",\"@id\":\"https:\\\/\\\/bekkalokket.no\\\/index.php\\\/2023\\\/10\\\/30\\\/inspirasjonshelg-for-fotografer-hosten-2023\\\/#breadcrumb\",\"itemListElement\":[{\"@type\":\"ListItem\",\"position\":1,\"name\":\"Home\",\"item\":\"https:\\\/\\\/bekkalokket.no\\\/\"},{\"@type\":\"ListItem\",\"position\":2,\"name\":\"Inspirasjonshelg for fotografer h\u00f8sten 2023\"}]},{\"@type\":\"WebSite\",\"@id\":\"https:\\\/\\\/bekkalokket.no\\\/#website\",\"url\":\"https:\\\/\\\/bekkalokket.no\\\/\",\"name\":\"Bekkalokket Fotoklubb\",\"description\":\"En sosial og aktiv fotoklubb i Bergen\",\"potentialAction\":[{\"@type\":\"SearchAction\",\"target\":{\"@type\":\"EntryPoint\",\"urlTemplate\":\"https:\\\/\\\/bekkalokket.no\\\/?s={search_term_string}\"},\"query-input\":{\"@type\":\"PropertyValueSpecification\",\"valueRequired\":true,\"valueName\":\"search_term_string\"}}],\"inLanguage\":\"nb-NO\"},{\"@type\":\"Person\",\"@id\":\"https:\\\/\\\/bekkalokket.no\\\/#\\\/schema\\\/person\\\/eab29f8485037f21104e65b7c6e05bfb\",\"name\":\"Eva Virkesdal Eidsheim\",\"image\":{\"@type\":\"ImageObject\",\"inLanguage\":\"nb-NO\",\"@id\":\"https:\\\/\\\/secure.gravatar.com\\\/avatar\\\/b35f512bad71a5a18ddbb016bb0b5d19d05c8cee10dc13a2ac0ee35051f7f64a?s=96&d=mm&r=g\",\"url\":\"https:\\\/\\\/secure.gravatar.com\\\/avatar\\\/b35f512bad71a5a18ddbb016bb0b5d19d05c8cee10dc13a2ac0ee35051f7f64a?s=96&d=mm&r=g\",\"contentUrl\":\"https:\\\/\\\/secure.gravatar.com\\\/avatar\\\/b35f512bad71a5a18ddbb016bb0b5d19d05c8cee10dc13a2ac0ee35051f7f64a?s=96&d=mm&r=g\",\"caption\":\"Eva Virkesdal Eidsheim\"},\"url\":\"https:\\\/\\\/bekkalokket.no\\\/index.php\\\/author\\\/evavs\\\/\"}]}<\/script>\n<!-- \/ Yoast SEO plugin. -->","yoast_head_json":{"title":"Inspirasjonshelg for fotografer h\u00f8sten 2023 - Bekkalokket Fotoklubb","description":"F\u00e5 med deg spennende og l\u00e6rerik inspirasjonshelg for fotografer h\u00f8sten 2023 med Bekkalokket Fotoklubb og flere kjente fotografer. Les mer!","robots":{"index":"index","follow":"follow","max-snippet":"max-snippet:-1","max-image-preview":"max-image-preview:large","max-video-preview":"max-video-preview:-1"},"canonical":"https:\/\/bekkalokket.no\/index.php\/2023\/10\/30\/inspirasjonshelg-for-fotografer-hosten-2023\/","og_locale":"nb_NO","og_type":"article","og_title":"Inspirasjonshelg for fotografer h\u00f8sten 2023 - Bekkalokket Fotoklubb","og_description":"F\u00e5 med deg spennende og l\u00e6rerik inspirasjonshelg for fotografer h\u00f8sten 2023 med Bekkalokket Fotoklubb og flere kjente fotografer. Les mer!","og_url":"https:\/\/bekkalokket.no\/index.php\/2023\/10\/30\/inspirasjonshelg-for-fotografer-hosten-2023\/","og_site_name":"Bekkalokket Fotoklubb","article_published_time":"2023-10-29T23:24:58+00:00","article_modified_time":"2026-02-18T18:41:29+00:00","og_image":[{"width":448,"height":640,"url":"https:\/\/bekkalokket.no\/wp-content\/uploads\/2023\/10\/AURORA11.jpg","type":"image\/jpeg"}],"author":"Eva Virkesdal Eidsheim","twitter_card":"summary_large_image","twitter_misc":{"Skrevet av":"Eva Virkesdal Eidsheim","Ansl. lesetid":"4 minutter"},"schema":{"@context":"https:\/\/schema.org","@graph":[{"@type":"Article","@id":"https:\/\/bekkalokket.no\/index.php\/2023\/10\/30\/inspirasjonshelg-for-fotografer-hosten-2023\/#article","isPartOf":{"@id":"https:\/\/bekkalokket.no\/index.php\/2023\/10\/30\/inspirasjonshelg-for-fotografer-hosten-2023\/"},"author":{"name":"Eva Virkesdal Eidsheim","@id":"https:\/\/bekkalokket.no\/#\/schema\/person\/eab29f8485037f21104e65b7c6e05bfb"},"headline":"Inspirasjonshelg for fotografer h\u00f8sten 2023","datePublished":"2023-10-29T23:24:58+00:00","dateModified":"2026-02-18T18:41:29+00:00","mainEntityOfPage":{"@id":"https:\/\/bekkalokket.no\/index.php\/2023\/10\/30\/inspirasjonshelg-for-fotografer-hosten-2023\/"},"wordCount":558,"image":{"@id":"https:\/\/bekkalokket.no\/index.php\/2023\/10\/30\/inspirasjonshelg-for-fotografer-hosten-2023\/#primaryimage"},"thumbnailUrl":"https:\/\/bekkalokket.no\/wp-content\/uploads\/2023\/10\/AURORA11.jpg","articleSection":["Foredragsholdere","Inspirasjonshelger","Workshop"],"inLanguage":"nb-NO"},{"@type":"WebPage","@id":"https:\/\/bekkalokket.no\/index.php\/2023\/10\/30\/inspirasjonshelg-for-fotografer-hosten-2023\/","url":"https:\/\/bekkalokket.no\/index.php\/2023\/10\/30\/inspirasjonshelg-for-fotografer-hosten-2023\/","name":"Inspirasjonshelg for fotografer h\u00f8sten 2023 - Bekkalokket Fotoklubb","isPartOf":{"@id":"https:\/\/bekkalokket.no\/#website"},"primaryImageOfPage":{"@id":"https:\/\/bekkalokket.no\/index.php\/2023\/10\/30\/inspirasjonshelg-for-fotografer-hosten-2023\/#primaryimage"},"image":{"@id":"https:\/\/bekkalokket.no\/index.php\/2023\/10\/30\/inspirasjonshelg-for-fotografer-hosten-2023\/#primaryimage"},"thumbnailUrl":"https:\/\/bekkalokket.no\/wp-content\/uploads\/2023\/10\/AURORA11.jpg","datePublished":"2023-10-29T23:24:58+00:00","dateModified":"2026-02-18T18:41:29+00:00","author":{"@id":"https:\/\/bekkalokket.no\/#\/schema\/person\/eab29f8485037f21104e65b7c6e05bfb"},"description":"F\u00e5 med deg spennende og l\u00e6rerik inspirasjonshelg for fotografer h\u00f8sten 2023 med Bekkalokket Fotoklubb og flere kjente fotografer. Les mer!","breadcrumb":{"@id":"https:\/\/bekkalokket.no\/index.php\/2023\/10\/30\/inspirasjonshelg-for-fotografer-hosten-2023\/#breadcrumb"},"inLanguage":"nb-NO","potentialAction":[{"@type":"ReadAction","target":["https:\/\/bekkalokket.no\/index.php\/2023\/10\/30\/inspirasjonshelg-for-fotografer-hosten-2023\/"]}]},{"@type":"ImageObject","inLanguage":"nb-NO","@id":"https:\/\/bekkalokket.no\/index.php\/2023\/10\/30\/inspirasjonshelg-for-fotografer-hosten-2023\/#primaryimage","url":"https:\/\/bekkalokket.no\/wp-content\/uploads\/2023\/10\/AURORA11.jpg","contentUrl":"https:\/\/bekkalokket.no\/wp-content\/uploads\/2023\/10\/AURORA11.jpg","width":448,"height":640,"caption":"Inspirasjonshelg h\u00f8sten 2023 med Agnete Brun, og flere kjente fotografer for l\u00e6ring og inspirasjon. Arrang\u00f8r Bekkalokket Fotokubb."},{"@type":"BreadcrumbList","@id":"https:\/\/bekkalokket.no\/index.php\/2023\/10\/30\/inspirasjonshelg-for-fotografer-hosten-2023\/#breadcrumb","itemListElement":[{"@type":"ListItem","position":1,"name":"Home","item":"https:\/\/bekkalokket.no\/"},{"@type":"ListItem","position":2,"name":"Inspirasjonshelg for fotografer h\u00f8sten 2023"}]},{"@type":"WebSite","@id":"https:\/\/bekkalokket.no\/#website","url":"https:\/\/bekkalokket.no\/","name":"Bekkalokket Fotoklubb","description":"En sosial og aktiv fotoklubb i Bergen","potentialAction":[{"@type":"SearchAction","target":{"@type":"EntryPoint","urlTemplate":"https:\/\/bekkalokket.no\/?s={search_term_string}"},"query-input":{"@type":"PropertyValueSpecification","valueRequired":true,"valueName":"search_term_string"}}],"inLanguage":"nb-NO"},{"@type":"Person","@id":"https:\/\/bekkalokket.no\/#\/schema\/person\/eab29f8485037f21104e65b7c6e05bfb","name":"Eva Virkesdal Eidsheim","image":{"@type":"ImageObject","inLanguage":"nb-NO","@id":"https:\/\/secure.gravatar.com\/avatar\/b35f512bad71a5a18ddbb016bb0b5d19d05c8cee10dc13a2ac0ee35051f7f64a?s=96&d=mm&r=g","url":"https:\/\/secure.gravatar.com\/avatar\/b35f512bad71a5a18ddbb016bb0b5d19d05c8cee10dc13a2ac0ee35051f7f64a?s=96&d=mm&r=g","contentUrl":"https:\/\/secure.gravatar.com\/avatar\/b35f512bad71a5a18ddbb016bb0b5d19d05c8cee10dc13a2ac0ee35051f7f64a?s=96&d=mm&r=g","caption":"Eva Virkesdal Eidsheim"},"url":"https:\/\/bekkalokket.no\/index.php\/author\/evavs\/"}]}},"_links":{"self":[{"href":"https:\/\/bekkalokket.no\/index.php\/wp-json\/wp\/v2\/posts\/7745","targetHints":{"allow":["GET"]}}],"collection":[{"href":"https:\/\/bekkalokket.no\/index.php\/wp-json\/wp\/v2\/posts"}],"about":[{"href":"https:\/\/bekkalokket.no\/index.php\/wp-json\/wp\/v2\/types\/post"}],"author":[{"embeddable":true,"href":"https:\/\/bekkalokket.no\/index.php\/wp-json\/wp\/v2\/users\/8"}],"replies":[{"embeddable":true,"href":"https:\/\/bekkalokket.no\/index.php\/wp-json\/wp\/v2\/comments?post=7745"}],"version-history":[{"count":21,"href":"https:\/\/bekkalokket.no\/index.php\/wp-json\/wp\/v2\/posts\/7745\/revisions"}],"predecessor-version":[{"id":11181,"href":"https:\/\/bekkalokket.no\/index.php\/wp-json\/wp\/v2\/posts\/7745\/revisions\/11181"}],"wp:featuredmedia":[{"embeddable":true,"href":"https:\/\/bekkalokket.no\/index.php\/wp-json\/wp\/v2\/media\/7735"}],"wp:attachment":[{"href":"https:\/\/bekkalokket.no\/index.php\/wp-json\/wp\/v2\/media?parent=7745"}],"wp:term":[{"taxonomy":"category","embeddable":true,"href":"https:\/\/bekkalokket.no\/index.php\/wp-json\/wp\/v2\/categories?post=7745"},{"taxonomy":"post_tag","embeddable":true,"href":"https:\/\/bekkalokket.no\/index.php\/wp-json\/wp\/v2\/tags?post=7745"}],"curies":[{"name":"wp","href":"https:\/\/api.w.org\/{rel}","templated":true}]}}