{"id":8280,"date":"2024-02-01T15:59:35","date_gmt":"2024-02-01T13:59:35","guid":{"rendered":"https:\/\/bekkalokket.no\/?p=8280"},"modified":"2024-09-16T09:50:37","modified_gmt":"2024-09-16T07:50:37","slug":"varprogrammet-2024","status":"publish","type":"post","link":"https:\/\/bekkalokket.no\/index.php\/2024\/02\/01\/varprogrammet-2024\/","title":{"rendered":"V\u00e5rprogrammet 2024"},"content":{"rendered":"\n<h2 class=\"wp-block-heading\">Naturfotograf Magnus Reneflot kommer p\u00e5 klubbkvelden 21.03.2024<\/h2>\n\n\n\n<p>V\u00e5rprogrammet 2024 er lagt ut p\u00e5 hjemmesiden, og vi gleder oss til foredraget med naturfotograf Magnus Reneflot den 21.03.2024 i v\u00e5rt klubblokale. Magnus er en ettertraktet kurs- og workshop-holder, samarbeider med en rekke musikere, juryerer i fotokonkurranser (bla. European Wildlife Photographer of the Year) og hatt flere utstillinger b\u00e5de i inn &#8211; og utlandet. <\/p>\n\n\n\n<p>\u00c5 v\u00e6re fotograf handler ikke bare om \u00e5 trykke p\u00e5 utl\u00f8serknappen. Det handler like mye om \u00e5 stadig utvikle seg, utforske nye ideer, og la seg inspirere av de beste.<\/p>\n\n\n\n<p>Bekkalokket Fotoklubb tror p\u00e5 kraften av l\u00e6ring og deling. B\u00e5de med hverandre og sammen med profesjonelle fotografer, som har brukt \u00e5r p\u00e5 \u00e5 utvikle sine ferdigheter.<\/p>\n\n\n\n<h3 class=\"wp-block-heading\">Som fotograf  sl\u00e5r Magnus et slag for kortreist, og kreativ foto med mye humor<\/h3>\n\n\n\n<p>I 2019 gav Magnus ut boken \u00abFotorefleksjoner\u00bb. En bok som lar oss bli inspirert av \u00e5 se motivene rundt oss p\u00e5 en ny og spennende m\u00e5te. <\/p>\n\n\n\n<p>Under Norsk Naturfotofestival i 2017 ble Magnus utnevnt til \u00e6resmedlem av Norske Naturfotografer(NN) for sitt arbeid for b\u00e5de foreningen, og naturfotografiet generelt.<\/p>\n\n\n\n<p>Magnus Reneflot er primus motor og festivalsjef for den internasjonale Norsk Naturfotofestival som han startet i 2014. Mars 2023 gjennomf\u00f8rte han sin tiende festival i Ski med hennes majestet Dronning Sonja til stede ved \u00e5pningen av festivalen.\u00a0<\/p>\n\n\n\n<p>Siden 1970 har Magnus Reneflot har v\u00e6rt i fotobransjen, og er genuint opptatt av naturen. Gjennom sine bilder fors\u00f8ker han \u00e5 inspirere til \u00e5 g\u00e5 mer ut i naturen. Han sl\u00e5r et slag for kortreist og kreativt foto med mye humor, og er hele tiden p\u00e5 jakt etter former og linjer.<\/p>\n\n\n\n<p>N\u00e5r du som klubbmedlem deltar p\u00e5 v\u00e5re foredrag med profesjonelle fotografer og videoprodusenter f\u00e5r du muligheten til \u00e5 l\u00e6re fra ekspertene, som du kanskje ellers ikke hadde f\u00e5tt muligheten til av ulike grunner.<\/p>\n\n\n\n<p>De har brukt \u00e5r p\u00e5 \u00e5 utvikle sine ferdigheter, og har en dyp forst\u00e5else av fotografiets kunst og vitenskap.<\/p>\n\n\n\n<p>Du vil kunne dra nytte av deres kunnskap, erfaring og innsikt. Alt fra komposisjon og belysning til kamerateknikk, og bildebehandling for \u00e5 nevne noe.<\/p>\n\n\n\n<p><a href=\"https:\/\/bekkalokket.no\/index.php\/program\/\" target=\"_blank\" rel=\"noreferrer noopener\">V\u00e5rprogrammet 2024<\/a><\/p>\n\n\n\n<div class=\"wp-block-columns is-layout-flex wp-container-core-columns-is-layout-9d6595d7 wp-block-columns-is-layout-flex\">\n<div class=\"wp-block-column is-layout-flow wp-block-column-is-layout-flow\">\n<figure class=\"wp-block-image size-full\"><img loading=\"lazy\" decoding=\"async\" width=\"1000\" height=\"644\" src=\"https:\/\/bekkalokket.no\/wp-content\/uploads\/2024\/01\/415260606_958356348969819_2601095957863333760_n.jpg\" alt=\"Naturfotograf Magnus Reneflot \" class=\"wp-image-8261\" srcset=\"https:\/\/bekkalokket.no\/wp-content\/uploads\/2024\/01\/415260606_958356348969819_2601095957863333760_n.jpg 1000w, https:\/\/bekkalokket.no\/wp-content\/uploads\/2024\/01\/415260606_958356348969819_2601095957863333760_n-300x193.jpg 300w, https:\/\/bekkalokket.no\/wp-content\/uploads\/2024\/01\/415260606_958356348969819_2601095957863333760_n-768x495.jpg 768w\" sizes=\"auto, (max-width: 1000px) 100vw, 1000px\" \/><\/figure>\n<\/div>\n\n\n\n<div class=\"wp-block-column is-layout-flow wp-block-column-is-layout-flow\">\n<figure class=\"wp-block-image size-large\"><img loading=\"lazy\" decoding=\"async\" width=\"1024\" height=\"683\" src=\"https:\/\/bekkalokket.no\/wp-content\/uploads\/2024\/01\/415079768_919805019282178_3285817442784182451_n-1024x683.jpg\" alt=\"\" class=\"wp-image-8262\" srcset=\"https:\/\/bekkalokket.no\/wp-content\/uploads\/2024\/01\/415079768_919805019282178_3285817442784182451_n-1024x683.jpg 1024w, https:\/\/bekkalokket.no\/wp-content\/uploads\/2024\/01\/415079768_919805019282178_3285817442784182451_n-300x200.jpg 300w, https:\/\/bekkalokket.no\/wp-content\/uploads\/2024\/01\/415079768_919805019282178_3285817442784182451_n-768x512.jpg 768w, https:\/\/bekkalokket.no\/wp-content\/uploads\/2024\/01\/415079768_919805019282178_3285817442784182451_n-1536x1024.jpg 1536w, https:\/\/bekkalokket.no\/wp-content\/uploads\/2024\/01\/415079768_919805019282178_3285817442784182451_n.jpg 1800w\" sizes=\"auto, (max-width: 1024px) 100vw, 1024px\" \/><\/figure>\n<\/div>\n\n\n\n<div class=\"wp-block-column is-layout-flow wp-block-column-is-layout-flow\">\n<figure class=\"wp-block-image size-full\"><img loading=\"lazy\" decoding=\"async\" width=\"1080\" height=\"767\" src=\"https:\/\/bekkalokket.no\/wp-content\/uploads\/2024\/01\/415291750_908221001023828_6491154576455164606_n.jpg\" alt=\"\" class=\"wp-image-8263\" srcset=\"https:\/\/bekkalokket.no\/wp-content\/uploads\/2024\/01\/415291750_908221001023828_6491154576455164606_n.jpg 1080w, https:\/\/bekkalokket.no\/wp-content\/uploads\/2024\/01\/415291750_908221001023828_6491154576455164606_n-300x213.jpg 300w, https:\/\/bekkalokket.no\/wp-content\/uploads\/2024\/01\/415291750_908221001023828_6491154576455164606_n-1024x727.jpg 1024w, https:\/\/bekkalokket.no\/wp-content\/uploads\/2024\/01\/415291750_908221001023828_6491154576455164606_n-768x545.jpg 768w\" sizes=\"auto, (max-width: 1080px) 100vw, 1080px\" \/><\/figure>\n<\/div>\n<\/div>\n\n\n\n<h3 class=\"wp-block-heading\">Magnus Reneflot &#8211; \u00c6resmedlem av Norges Naturfotografer<\/h3>\n\n\n\n<p>Norske Naturfotografer (NN) er en uavhengig forening for helt eller delvis profesjonelle norske naturfotografer. <\/p>\n\n\n\n<p>Det er et overordnet prinsipp for foreningen at hensynet til naturen alltid m\u00e5 komme i f\u00f8rste rekke.<\/p>\n\n\n\n<p><a href=\"https:\/\/norskenaturfotografer.no\/jan-magnus-reneflot\/\" target=\"_blank\" rel=\"noreferrer noopener\">Magnus Reneflot &#8211; \u00c6resmedlem i Norske Naturfotografer<\/a><\/p>\n\n\n\n<p><\/p>\n\n\n\n<h3 class=\"wp-block-heading\">Norsk Naturfotofestival <\/h3>\n\n\n\n<p>Festivalen arrangeres \u00e5rlig i begynnelsen\/midten av mars, og omfatter forelesninger, film- og bildevisninger samt utstillinger. Festivalprogrammet holder h\u00f8yt internasjonalt niv\u00e5 med foredragsholdere av internasjonal st\u00f8rrelse.<\/p>\n\n\n\n<p><a href=\"https:\/\/nnff.no\/\" target=\"_blank\" rel=\"noreferrer noopener\">Norsk Naturfotofestival 2024<\/a><\/p>\n\n\n\n<div style=\"height:63px\" aria-hidden=\"true\" class=\"wp-block-spacer\"><\/div>\n\n\n\n<h3 class=\"wp-block-heading\">Foredragsholdere i Bekkalokket Fotoklubb<\/h3>\n\n\n\n<p>V\u00e5rprogrammet 2024 inneholder flere foredrag med kjente fotografer. <\/p>\n\n\n\n<p>N\u00e5r du som klubbmedlem deltar p\u00e5 v\u00e5re foredrag med profesjonelle fotografer og videoprodusenter f\u00e5r du muligheten til \u00e5 l\u00e6re fra ekspertene, som du kanskje ellers ikke hadde f\u00e5tt muligheten til av ulike grunner.<\/p>\n\n\n\n<p>De har brukt \u00e5r p\u00e5 \u00e5 utvikle sine ferdigheter, og har en dyp forst\u00e5else av fotografiets kunst og vitenskap.<\/p>\n\n\n\n<p>Du vil kunne dra nytte av deres kunnskap, erfaring og innsikt. Alt fra komposisjon og belysning til kamerateknikk, og bildebehandling for \u00e5 nevne noe.<\/p>\n\n\n\n<p><a href=\"https:\/\/bekkalokket.no\/index.php\/foredragsholdere\/\" target=\"_blank\" rel=\"noreferrer noopener\">Foredragsholdere i Bekkalokket Fotoklubb<\/a><\/p>\n\n\n\n<div style=\"height:56px\" aria-hidden=\"true\" class=\"wp-block-spacer\"><\/div>\n\n\n\n<h3 class=\"wp-block-heading\">Bli medlem <\/h3>\n\n\n\n<p>Som fotografer deler vi alle en felles lidenskap for \u00e5 fange \u00f8yeblikk, og formidle historier gjennom v\u00e5re bilder.<\/p>\n\n\n\n<p>Enten du er en erfaren fotograf eller en nybegynner er det alltid rom for \u00e5 utvikle ferdighetene dine og la deg inspirere av de beste i bransjen.<\/p>\n\n\n\n<p><strong>Klubbens form\u00e5l er \u00e5 fremme og ivareta medlemmers fotokunnskaper og interesser, samt skape et godt sosialt milj\u00f8.<\/strong><\/p>\n\n\n\n<p><a href=\"https:\/\/bekkalokket.no\/index.php\/bli-medlem-i-bekkalokket-fotoklubb\/\" target=\"_blank\" rel=\"noreferrer noopener\">Bli medlem<\/a><\/p>\n","protected":false},"excerpt":{"rendered":"<p>Naturfotograf Magnus Reneflot kommer p\u00e5 klubbkvelden 21.03.2024 V\u00e5rprogrammet 2024 er lagt ut p\u00e5 hjemmesiden, og vi gleder oss til foredraget med naturfotograf Magnus Reneflot den 21.03.2024 i v\u00e5rt klubblokale. Magnus er en ettertraktet kurs-&#46;&#46;&#46;<\/p>\n","protected":false},"author":8,"featured_media":8263,"comment_status":"closed","ping_status":"open","sticky":false,"template":"","format":"standard","meta":{"footnotes":""},"categories":[99,4],"tags":[],"class_list":["post-8280","post","type-post","status-publish","format-standard","has-post-thumbnail","hentry","category-foredragsholdere-klubbmote","category-klubbmote"],"yoast_head":"<!-- This site is optimized with the Yoast SEO plugin v27.5 - https:\/\/yoast.com\/product\/yoast-seo-wordpress\/ -->\n<title>V\u00e5rprogrammet 2024 - Bekkalokket Fotoklubb<\/title>\n<meta name=\"description\" content=\"V\u00e5rprogrammet for 2024 er lagt ut p\u00e5 hjemmesiden. Naturfotograf Magnus Reneflot kommer p\u00e5 klubbkvelden 21.03.2024. Les mer!\" \/>\n<meta name=\"robots\" content=\"index, follow, max-snippet:-1, max-image-preview:large, max-video-preview:-1\" \/>\n<link rel=\"canonical\" href=\"https:\/\/bekkalokket.no\/index.php\/2024\/02\/01\/varprogrammet-2024\/\" \/>\n<meta property=\"og:locale\" content=\"nb_NO\" \/>\n<meta property=\"og:type\" content=\"article\" \/>\n<meta property=\"og:title\" content=\"V\u00e5rprogrammet 2024 - Bekkalokket Fotoklubb\" \/>\n<meta property=\"og:description\" content=\"V\u00e5rprogrammet for 2024 er lagt ut p\u00e5 hjemmesiden. Naturfotograf Magnus Reneflot kommer p\u00e5 klubbkvelden 21.03.2024. Les mer!\" \/>\n<meta property=\"og:url\" content=\"https:\/\/bekkalokket.no\/index.php\/2024\/02\/01\/varprogrammet-2024\/\" \/>\n<meta property=\"og:site_name\" content=\"Bekkalokket Fotoklubb\" \/>\n<meta property=\"article:published_time\" content=\"2024-02-01T13:59:35+00:00\" \/>\n<meta property=\"article:modified_time\" content=\"2024-09-16T07:50:37+00:00\" \/>\n<meta property=\"og:image\" content=\"https:\/\/bekkalokket.no\/wp-content\/uploads\/2024\/01\/415291750_908221001023828_6491154576455164606_n.jpg\" \/>\n\t<meta property=\"og:image:width\" content=\"1080\" \/>\n\t<meta property=\"og:image:height\" content=\"767\" \/>\n\t<meta property=\"og:image:type\" content=\"image\/jpeg\" \/>\n<meta name=\"author\" content=\"Eva Virkesdal Eidsheim\" \/>\n<meta name=\"twitter:card\" content=\"summary_large_image\" \/>\n<meta name=\"twitter:label1\" content=\"Skrevet av\" \/>\n\t<meta name=\"twitter:data1\" content=\"Eva Virkesdal Eidsheim\" \/>\n\t<meta name=\"twitter:label2\" content=\"Ansl. lesetid\" \/>\n\t<meta name=\"twitter:data2\" content=\"4 minutter\" \/>\n<script type=\"application\/ld+json\" class=\"yoast-schema-graph\">{\"@context\":\"https:\\\/\\\/schema.org\",\"@graph\":[{\"@type\":\"Article\",\"@id\":\"https:\\\/\\\/bekkalokket.no\\\/index.php\\\/2024\\\/02\\\/01\\\/varprogrammet-2024\\\/#article\",\"isPartOf\":{\"@id\":\"https:\\\/\\\/bekkalokket.no\\\/index.php\\\/2024\\\/02\\\/01\\\/varprogrammet-2024\\\/\"},\"author\":{\"name\":\"Eva Virkesdal Eidsheim\",\"@id\":\"https:\\\/\\\/bekkalokket.no\\\/#\\\/schema\\\/person\\\/eab29f8485037f21104e65b7c6e05bfb\"},\"headline\":\"V\u00e5rprogrammet 2024\",\"datePublished\":\"2024-02-01T13:59:35+00:00\",\"dateModified\":\"2024-09-16T07:50:37+00:00\",\"mainEntityOfPage\":{\"@id\":\"https:\\\/\\\/bekkalokket.no\\\/index.php\\\/2024\\\/02\\\/01\\\/varprogrammet-2024\\\/\"},\"wordCount\":588,\"image\":{\"@id\":\"https:\\\/\\\/bekkalokket.no\\\/index.php\\\/2024\\\/02\\\/01\\\/varprogrammet-2024\\\/#primaryimage\"},\"thumbnailUrl\":\"https:\\\/\\\/bekkalokket.no\\\/wp-content\\\/uploads\\\/2024\\\/01\\\/415291750_908221001023828_6491154576455164606_n.jpg\",\"articleSection\":[\"Foredragsholdere\",\"Klubbm\u00f8te\"],\"inLanguage\":\"nb-NO\"},{\"@type\":\"WebPage\",\"@id\":\"https:\\\/\\\/bekkalokket.no\\\/index.php\\\/2024\\\/02\\\/01\\\/varprogrammet-2024\\\/\",\"url\":\"https:\\\/\\\/bekkalokket.no\\\/index.php\\\/2024\\\/02\\\/01\\\/varprogrammet-2024\\\/\",\"name\":\"V\u00e5rprogrammet 2024 - Bekkalokket Fotoklubb\",\"isPartOf\":{\"@id\":\"https:\\\/\\\/bekkalokket.no\\\/#website\"},\"primaryImageOfPage\":{\"@id\":\"https:\\\/\\\/bekkalokket.no\\\/index.php\\\/2024\\\/02\\\/01\\\/varprogrammet-2024\\\/#primaryimage\"},\"image\":{\"@id\":\"https:\\\/\\\/bekkalokket.no\\\/index.php\\\/2024\\\/02\\\/01\\\/varprogrammet-2024\\\/#primaryimage\"},\"thumbnailUrl\":\"https:\\\/\\\/bekkalokket.no\\\/wp-content\\\/uploads\\\/2024\\\/01\\\/415291750_908221001023828_6491154576455164606_n.jpg\",\"datePublished\":\"2024-02-01T13:59:35+00:00\",\"dateModified\":\"2024-09-16T07:50:37+00:00\",\"author\":{\"@id\":\"https:\\\/\\\/bekkalokket.no\\\/#\\\/schema\\\/person\\\/eab29f8485037f21104e65b7c6e05bfb\"},\"description\":\"V\u00e5rprogrammet for 2024 er lagt ut p\u00e5 hjemmesiden. Naturfotograf Magnus Reneflot kommer p\u00e5 klubbkvelden 21.03.2024. Les mer!\",\"breadcrumb\":{\"@id\":\"https:\\\/\\\/bekkalokket.no\\\/index.php\\\/2024\\\/02\\\/01\\\/varprogrammet-2024\\\/#breadcrumb\"},\"inLanguage\":\"nb-NO\",\"potentialAction\":[{\"@type\":\"ReadAction\",\"target\":[\"https:\\\/\\\/bekkalokket.no\\\/index.php\\\/2024\\\/02\\\/01\\\/varprogrammet-2024\\\/\"]}]},{\"@type\":\"ImageObject\",\"inLanguage\":\"nb-NO\",\"@id\":\"https:\\\/\\\/bekkalokket.no\\\/index.php\\\/2024\\\/02\\\/01\\\/varprogrammet-2024\\\/#primaryimage\",\"url\":\"https:\\\/\\\/bekkalokket.no\\\/wp-content\\\/uploads\\\/2024\\\/01\\\/415291750_908221001023828_6491154576455164606_n.jpg\",\"contentUrl\":\"https:\\\/\\\/bekkalokket.no\\\/wp-content\\\/uploads\\\/2024\\\/01\\\/415291750_908221001023828_6491154576455164606_n.jpg\",\"width\":1080,\"height\":767,\"caption\":\"Naturfotograf Manus Reneflot, og festivalsjef for Norsk Naturfotofestival.\"},{\"@type\":\"BreadcrumbList\",\"@id\":\"https:\\\/\\\/bekkalokket.no\\\/index.php\\\/2024\\\/02\\\/01\\\/varprogrammet-2024\\\/#breadcrumb\",\"itemListElement\":[{\"@type\":\"ListItem\",\"position\":1,\"name\":\"Home\",\"item\":\"https:\\\/\\\/bekkalokket.no\\\/\"},{\"@type\":\"ListItem\",\"position\":2,\"name\":\"V\u00e5rprogrammet 2024\"}]},{\"@type\":\"WebSite\",\"@id\":\"https:\\\/\\\/bekkalokket.no\\\/#website\",\"url\":\"https:\\\/\\\/bekkalokket.no\\\/\",\"name\":\"Bekkalokket Fotoklubb\",\"description\":\"En sosial og aktiv fotoklubb i Bergen\",\"potentialAction\":[{\"@type\":\"SearchAction\",\"target\":{\"@type\":\"EntryPoint\",\"urlTemplate\":\"https:\\\/\\\/bekkalokket.no\\\/?s={search_term_string}\"},\"query-input\":{\"@type\":\"PropertyValueSpecification\",\"valueRequired\":true,\"valueName\":\"search_term_string\"}}],\"inLanguage\":\"nb-NO\"},{\"@type\":\"Person\",\"@id\":\"https:\\\/\\\/bekkalokket.no\\\/#\\\/schema\\\/person\\\/eab29f8485037f21104e65b7c6e05bfb\",\"name\":\"Eva Virkesdal Eidsheim\",\"image\":{\"@type\":\"ImageObject\",\"inLanguage\":\"nb-NO\",\"@id\":\"https:\\\/\\\/secure.gravatar.com\\\/avatar\\\/b35f512bad71a5a18ddbb016bb0b5d19d05c8cee10dc13a2ac0ee35051f7f64a?s=96&d=mm&r=g\",\"url\":\"https:\\\/\\\/secure.gravatar.com\\\/avatar\\\/b35f512bad71a5a18ddbb016bb0b5d19d05c8cee10dc13a2ac0ee35051f7f64a?s=96&d=mm&r=g\",\"contentUrl\":\"https:\\\/\\\/secure.gravatar.com\\\/avatar\\\/b35f512bad71a5a18ddbb016bb0b5d19d05c8cee10dc13a2ac0ee35051f7f64a?s=96&d=mm&r=g\",\"caption\":\"Eva Virkesdal Eidsheim\"},\"url\":\"https:\\\/\\\/bekkalokket.no\\\/index.php\\\/author\\\/evavs\\\/\"}]}<\/script>\n<!-- \/ Yoast SEO plugin. -->","yoast_head_json":{"title":"V\u00e5rprogrammet 2024 - Bekkalokket Fotoklubb","description":"V\u00e5rprogrammet for 2024 er lagt ut p\u00e5 hjemmesiden. Naturfotograf Magnus Reneflot kommer p\u00e5 klubbkvelden 21.03.2024. Les mer!","robots":{"index":"index","follow":"follow","max-snippet":"max-snippet:-1","max-image-preview":"max-image-preview:large","max-video-preview":"max-video-preview:-1"},"canonical":"https:\/\/bekkalokket.no\/index.php\/2024\/02\/01\/varprogrammet-2024\/","og_locale":"nb_NO","og_type":"article","og_title":"V\u00e5rprogrammet 2024 - Bekkalokket Fotoklubb","og_description":"V\u00e5rprogrammet for 2024 er lagt ut p\u00e5 hjemmesiden. Naturfotograf Magnus Reneflot kommer p\u00e5 klubbkvelden 21.03.2024. Les mer!","og_url":"https:\/\/bekkalokket.no\/index.php\/2024\/02\/01\/varprogrammet-2024\/","og_site_name":"Bekkalokket Fotoklubb","article_published_time":"2024-02-01T13:59:35+00:00","article_modified_time":"2024-09-16T07:50:37+00:00","og_image":[{"width":1080,"height":767,"url":"https:\/\/bekkalokket.no\/wp-content\/uploads\/2024\/01\/415291750_908221001023828_6491154576455164606_n.jpg","type":"image\/jpeg"}],"author":"Eva Virkesdal Eidsheim","twitter_card":"summary_large_image","twitter_misc":{"Skrevet av":"Eva Virkesdal Eidsheim","Ansl. lesetid":"4 minutter"},"schema":{"@context":"https:\/\/schema.org","@graph":[{"@type":"Article","@id":"https:\/\/bekkalokket.no\/index.php\/2024\/02\/01\/varprogrammet-2024\/#article","isPartOf":{"@id":"https:\/\/bekkalokket.no\/index.php\/2024\/02\/01\/varprogrammet-2024\/"},"author":{"name":"Eva Virkesdal Eidsheim","@id":"https:\/\/bekkalokket.no\/#\/schema\/person\/eab29f8485037f21104e65b7c6e05bfb"},"headline":"V\u00e5rprogrammet 2024","datePublished":"2024-02-01T13:59:35+00:00","dateModified":"2024-09-16T07:50:37+00:00","mainEntityOfPage":{"@id":"https:\/\/bekkalokket.no\/index.php\/2024\/02\/01\/varprogrammet-2024\/"},"wordCount":588,"image":{"@id":"https:\/\/bekkalokket.no\/index.php\/2024\/02\/01\/varprogrammet-2024\/#primaryimage"},"thumbnailUrl":"https:\/\/bekkalokket.no\/wp-content\/uploads\/2024\/01\/415291750_908221001023828_6491154576455164606_n.jpg","articleSection":["Foredragsholdere","Klubbm\u00f8te"],"inLanguage":"nb-NO"},{"@type":"WebPage","@id":"https:\/\/bekkalokket.no\/index.php\/2024\/02\/01\/varprogrammet-2024\/","url":"https:\/\/bekkalokket.no\/index.php\/2024\/02\/01\/varprogrammet-2024\/","name":"V\u00e5rprogrammet 2024 - Bekkalokket Fotoklubb","isPartOf":{"@id":"https:\/\/bekkalokket.no\/#website"},"primaryImageOfPage":{"@id":"https:\/\/bekkalokket.no\/index.php\/2024\/02\/01\/varprogrammet-2024\/#primaryimage"},"image":{"@id":"https:\/\/bekkalokket.no\/index.php\/2024\/02\/01\/varprogrammet-2024\/#primaryimage"},"thumbnailUrl":"https:\/\/bekkalokket.no\/wp-content\/uploads\/2024\/01\/415291750_908221001023828_6491154576455164606_n.jpg","datePublished":"2024-02-01T13:59:35+00:00","dateModified":"2024-09-16T07:50:37+00:00","author":{"@id":"https:\/\/bekkalokket.no\/#\/schema\/person\/eab29f8485037f21104e65b7c6e05bfb"},"description":"V\u00e5rprogrammet for 2024 er lagt ut p\u00e5 hjemmesiden. Naturfotograf Magnus Reneflot kommer p\u00e5 klubbkvelden 21.03.2024. Les mer!","breadcrumb":{"@id":"https:\/\/bekkalokket.no\/index.php\/2024\/02\/01\/varprogrammet-2024\/#breadcrumb"},"inLanguage":"nb-NO","potentialAction":[{"@type":"ReadAction","target":["https:\/\/bekkalokket.no\/index.php\/2024\/02\/01\/varprogrammet-2024\/"]}]},{"@type":"ImageObject","inLanguage":"nb-NO","@id":"https:\/\/bekkalokket.no\/index.php\/2024\/02\/01\/varprogrammet-2024\/#primaryimage","url":"https:\/\/bekkalokket.no\/wp-content\/uploads\/2024\/01\/415291750_908221001023828_6491154576455164606_n.jpg","contentUrl":"https:\/\/bekkalokket.no\/wp-content\/uploads\/2024\/01\/415291750_908221001023828_6491154576455164606_n.jpg","width":1080,"height":767,"caption":"Naturfotograf Manus Reneflot, og festivalsjef for Norsk Naturfotofestival."},{"@type":"BreadcrumbList","@id":"https:\/\/bekkalokket.no\/index.php\/2024\/02\/01\/varprogrammet-2024\/#breadcrumb","itemListElement":[{"@type":"ListItem","position":1,"name":"Home","item":"https:\/\/bekkalokket.no\/"},{"@type":"ListItem","position":2,"name":"V\u00e5rprogrammet 2024"}]},{"@type":"WebSite","@id":"https:\/\/bekkalokket.no\/#website","url":"https:\/\/bekkalokket.no\/","name":"Bekkalokket Fotoklubb","description":"En sosial og aktiv fotoklubb i Bergen","potentialAction":[{"@type":"SearchAction","target":{"@type":"EntryPoint","urlTemplate":"https:\/\/bekkalokket.no\/?s={search_term_string}"},"query-input":{"@type":"PropertyValueSpecification","valueRequired":true,"valueName":"search_term_string"}}],"inLanguage":"nb-NO"},{"@type":"Person","@id":"https:\/\/bekkalokket.no\/#\/schema\/person\/eab29f8485037f21104e65b7c6e05bfb","name":"Eva Virkesdal Eidsheim","image":{"@type":"ImageObject","inLanguage":"nb-NO","@id":"https:\/\/secure.gravatar.com\/avatar\/b35f512bad71a5a18ddbb016bb0b5d19d05c8cee10dc13a2ac0ee35051f7f64a?s=96&d=mm&r=g","url":"https:\/\/secure.gravatar.com\/avatar\/b35f512bad71a5a18ddbb016bb0b5d19d05c8cee10dc13a2ac0ee35051f7f64a?s=96&d=mm&r=g","contentUrl":"https:\/\/secure.gravatar.com\/avatar\/b35f512bad71a5a18ddbb016bb0b5d19d05c8cee10dc13a2ac0ee35051f7f64a?s=96&d=mm&r=g","caption":"Eva Virkesdal Eidsheim"},"url":"https:\/\/bekkalokket.no\/index.php\/author\/evavs\/"}]}},"_links":{"self":[{"href":"https:\/\/bekkalokket.no\/index.php\/wp-json\/wp\/v2\/posts\/8280","targetHints":{"allow":["GET"]}}],"collection":[{"href":"https:\/\/bekkalokket.no\/index.php\/wp-json\/wp\/v2\/posts"}],"about":[{"href":"https:\/\/bekkalokket.no\/index.php\/wp-json\/wp\/v2\/types\/post"}],"author":[{"embeddable":true,"href":"https:\/\/bekkalokket.no\/index.php\/wp-json\/wp\/v2\/users\/8"}],"replies":[{"embeddable":true,"href":"https:\/\/bekkalokket.no\/index.php\/wp-json\/wp\/v2\/comments?post=8280"}],"version-history":[{"count":17,"href":"https:\/\/bekkalokket.no\/index.php\/wp-json\/wp\/v2\/posts\/8280\/revisions"}],"predecessor-version":[{"id":9358,"href":"https:\/\/bekkalokket.no\/index.php\/wp-json\/wp\/v2\/posts\/8280\/revisions\/9358"}],"wp:featuredmedia":[{"embeddable":true,"href":"https:\/\/bekkalokket.no\/index.php\/wp-json\/wp\/v2\/media\/8263"}],"wp:attachment":[{"href":"https:\/\/bekkalokket.no\/index.php\/wp-json\/wp\/v2\/media?parent=8280"}],"wp:term":[{"taxonomy":"category","embeddable":true,"href":"https:\/\/bekkalokket.no\/index.php\/wp-json\/wp\/v2\/categories?post=8280"},{"taxonomy":"post_tag","embeddable":true,"href":"https:\/\/bekkalokket.no\/index.php\/wp-json\/wp\/v2\/tags?post=8280"}],"curies":[{"name":"wp","href":"https:\/\/api.w.org\/{rel}","templated":true}]}}