{"id":8493,"date":"2024-03-01T15:07:11","date_gmt":"2024-03-01T13:07:11","guid":{"rendered":"https:\/\/bekkalokket.no\/?p=8493"},"modified":"2024-03-01T15:41:47","modified_gmt":"2024-03-01T13:41:47","slug":"foredrag-med-naturfotograf-tom-schandy","status":"publish","type":"post","link":"https:\/\/bekkalokket.no\/index.php\/2024\/03\/01\/foredrag-med-naturfotograf-tom-schandy\/","title":{"rendered":"Foredrag med naturfotograf Tom Schandy"},"content":{"rendered":"\n<h2 class=\"wp-block-heading\">F\u00e5 med deg foredraget &#8220;PREDATOR&#8221; p\u00e5 klubbkvelden 07.03.2024<\/h2>\n\n\n\n<p>Tom Schandy er en av de mest profilerte naturfotografene i Norge, og er eier og redakt\u00f8r av det kjente magasinet Natur&amp;Foto. Magasinet for natur &#8211; og fotointeresserte der har han v\u00e6rt redakt\u00f8r i over 10 \u00e5r. Det er bare til \u00e5 sette av datoen 07.03.2024, og glede seg til foredrag med Tom Schandy p\u00e5 klubbkvelden v\u00e5r.<\/p>\n\n\n\n<p><a href=\"https:\/\/www.naturogfoto.no\/\" target=\"_blank\" rel=\"noreferrer noopener\">Magasinet Natur&amp;Foto<\/a><\/p>\n\n\n\n<p>Han regnes som en av landes fremste naturfotografer, og er premiert med en rekke f\u00f8rstepriser i internasjonale fotokonkurranser. Blant annet BBCs &#8220;Wildlife Photographer of Year&#8221;. Han var ogs\u00e5 en av de 6 norske naturfotografer som deltok i den prestisjefylte naturfotoprosjektet &#8220;Wild Wonders of Europe&#8221;, som har som m\u00e5l \u00e5 fotografere spektakul\u00e6r natur i alle Europas land.<\/p>\n\n\n\n<p><a href=\"https:\/\/www.nhm.ac.uk\/wpy\" target=\"_blank\" rel=\"noreferrer noopener\">Wildlife Photographer of Year<\/a><\/p>\n\n\n\n<p>Med fotoekspedisjoner i alle jordens kontinenter er Tom Schandy ogs\u00e5 Norges mest bereiste naturfotograf.<\/p>\n\n\n\n<p>Tom Schandy (f.1962) er utdannet biolog ved Universitetet i Oslo, og har utgitt over 40 b\u00f8ker. Han bor i Vestfossen, og arbeider som frilandsfotograf, forfatter og redakt\u00f8r. Han har ogs\u00e5 krevet hundrevis av artikler om natur, dyreliv og friluftsliv og holdt et stort antall foredrag i inn- og utland.<\/p>\n\n\n\n<p>Den anerkjente naturfotografen har blant annet utgitt den flotte boken &#8220;Fuglenes fantastiske verden&#8221;. En inspirerende og l\u00e6rerik bok om fuglenes liv, illustrert med flotte fotografier av fugler fra hele verden.\u00a0Han er ogs\u00e5 kjent for \u00e5 lede fotoekspedisjoner for andre fotografer over hele verden.<\/p>\n\n\n\n<p>I boken &#8220;Predator &#8211; Store rovdyr i en moderne verden&#8221; fortelles historien om hvordan de store rovdyrene behandles i det 21.\u00e5rhundre.<\/p>\n\n\n\n<p>Boka omtaler bj\u00f8rn, ulv, jerv og gaupe i Norden, l\u00f8ve, gepard, leopard og villhund fra Afrika, tiger fra India, jaguar og puma fra Chile.<\/p>\n\n\n\n<h3 class=\"wp-block-heading\">Naturverner med et spesielt forkj\u00e6rlighet for store rovdyr<\/h3>\n\n\n\n<p>Tom Schandy er ogs\u00e5 en engasjert naturverner med en spesiell forskj\u00e6rlighet for store rovdyr.<\/p>\n\n\n\n<p>Hele livet har han jobbet med naturformidling, og ogs\u00e5 som r\u00e5dgiver i  WWF Verdens Naturfond.<\/p>\n\n\n\n<p>WWF er en global milj\u00f8organisasjon som kjemper mot v\u00e5r tids st\u00f8rste utfordringer, natur &#8211; og klimakrisen.<\/p>\n\n\n\n<p>Kampen for \u00e5 redde naturen og artene som lever er viktigere enn noen gang.<\/p>\n\n\n\n<p><a href=\"https:\/\/www.wwf.no\/om-wwf\" target=\"_blank\" rel=\"noreferrer noopener\">WWF Verdens Naturfond<\/a><\/p>\n\n\n\n<p>I Romania har Tom Schandy v\u00e6rt med gjetere. Landet har Europas tetteste rovdyrbestand. Han har ogs\u00e5 bes\u00f8kt masaiene i Kenya, som lever sammen med 500 l\u00f8ver ute p\u00e5 savannen. V\u00e6rt i tigerparker i India, og har godt kjennskap til hvordan det er mulig \u00e5 drive med bj\u00f8rneturisme i Finland. Han tar ogs\u00e5 for seg rovviltsituasjonen i Norge hvor rovdyrene holdes nede p\u00e5 et absolutt minimumsniv\u00e5.<\/p>\n\n\n\n<div style=\"height:40px\" aria-hidden=\"true\" class=\"wp-block-spacer\"><\/div>\n\n\n\n<h3 class=\"wp-block-heading\">FOREDRAGET PREDATOR &#8211; Store rovdyr i en moderne verden<\/h3>\n\n\n\n<p>Store rovdyr i en moderne verden handler om hvordan de store rovdyrene behandles i det 21.\u00e5rhundre.<\/p>\n\n\n\n<p>Store predatorer har en symbolverdi for v\u00e5r planet, for v\u00e5re ur\u00f8rte natur. De er en pr\u00f8ve p\u00e5 v\u00e5r vilje til \u00e5 ta vare p\u00e5 artsmangfoldet.<\/p>\n\n\n\n<p>Det fleste av de store predatorene er truet, og innlemmet i de nasjonale og internasjonale &#8220;R\u00f8dlistene&#8221; over truede arter.<\/p>\n\n\n\n<p>Norsk r\u00f8dliste for arter er en oversikt over arter som har risiko for \u00e5 d\u00f8 ut fra Norge. R\u00f8dlista er utarbeidet av Artsdatabanken i samarbeid med fageksperter.<\/p>\n\n\n\n<p>Samtidig som at noen \u00f8nsker \u00e5 redusere eller eliminere bestandene av store rovdyr, arbeider andre for \u00e5 sikre deres eksistens. I Schandy&#8220;s nye bok &#8220;PREDATOR&#8221; &#8211; Store rovdyr i en moderne verden &#8211; beskrives denne konflikten. For og mot rovdyr, b\u00e5de i Norge og internasjonalt.<\/p>\n\n\n\n<p><strong>Etter foredraget p\u00e5 klubbkvelden kan du f\u00e5 muligheten til \u00e5 kj\u00f8pe signerte b\u00f8ker av Tom Schandy.<\/strong><\/p>\n\n\n\n<div style=\"height:42px\" aria-hidden=\"true\" class=\"wp-block-spacer\"><\/div>\n\n\n\n<h3 class=\"wp-block-heading\">Medlem av Norske Naturfotografer<\/h3>\n\n\n\n<p>Norske Naturfotografer (NN) er en uavhengig forening for helt eller delvis profesjonelle norske naturfotografer.<\/p>\n\n\n\n<p>I foreningen blir medlemmers faglige og \u00f8konomiske interesser ivaretatt. Tom Schandy er en av Norske Naturfotografers medlemmer. I dag har foreningen 76 medlemmer.<\/p>\n\n\n\n<p><a href=\"https:\/\/norskenaturfotografer.no\/\" target=\"_blank\" rel=\"noreferrer noopener\">Norske Naturfotografer<\/a><\/p>\n\n\n\n<h2 class=\"wp-block-heading\">VELKOMMEN TIL FOREDRAG MED NATURFOTOGRAF TOM SCHANDY 07.03.2024<\/h2>\n\n\n\n<figure class=\"wp-block-image size-large\"><img loading=\"lazy\" decoding=\"async\" width=\"768\" height=\"1024\" src=\"https:\/\/bekkalokket.no\/wp-content\/uploads\/2024\/03\/unnamed-768x1024.png\" alt=\"Foredrag med naturfotograf Tom Schandy\" class=\"wp-image-8512\" srcset=\"https:\/\/bekkalokket.no\/wp-content\/uploads\/2024\/03\/unnamed-768x1024.png 768w, https:\/\/bekkalokket.no\/wp-content\/uploads\/2024\/03\/unnamed-225x300.png 225w, https:\/\/bekkalokket.no\/wp-content\/uploads\/2024\/03\/unnamed-1152x1536.png 1152w, https:\/\/bekkalokket.no\/wp-content\/uploads\/2024\/03\/unnamed.png 1417w\" sizes=\"auto, (max-width: 768px) 100vw, 768px\" \/><figcaption class=\"wp-element-caption\">Foredrag med naturfotograf Tom Schandy<\/figcaption><\/figure>\n\n\n\n<p><\/p>\n\n\n\n<p><a href=\"https:\/\/bekkalokket.no\/index.php\/foredragsholdere\/\" target=\"_blank\" rel=\"noreferrer noopener\">Noen av v\u00e5re foredragsholdere<\/a><\/p>\n\n\n\n<p><a href=\"https:\/\/bekkalokket.no\/index.php\/program\/\" target=\"_blank\" rel=\"noreferrer noopener\">Programmet for Bekkalokket Fotoklubb 2024<\/a><\/p>\n","protected":false},"excerpt":{"rendered":"<p>F\u00e5 med deg foredraget &#8220;PREDATOR&#8221; p\u00e5 klubbkvelden 07.03.2024 Tom Schandy er en av de mest profilerte naturfotografene i Norge, og er eier og redakt\u00f8r av det kjente magasinet Natur&amp;Foto. Magasinet for natur &#8211; og&#46;&#46;&#46;<\/p>\n","protected":false},"author":8,"featured_media":8512,"comment_status":"closed","ping_status":"open","sticky":false,"template":"","format":"standard","meta":{"footnotes":""},"categories":[99,4],"tags":[],"class_list":["post-8493","post","type-post","status-publish","format-standard","has-post-thumbnail","hentry","category-foredragsholdere-klubbmote","category-klubbmote"],"yoast_head":"<!-- This site is optimized with the Yoast SEO plugin v27.5 - https:\/\/yoast.com\/product\/yoast-seo-wordpress\/ -->\n<title>Foredrag med naturfotograf Tom Schandy - Bekkalokket Fotoklubb<\/title>\n<meta name=\"description\" content=\"Foredrag med naturfotograf Tom Schandy p\u00e5 klubbkvelden 07.03.2024. En av Norges fremste naturfotografer. Les mer p\u00e5 hjemmesiden!\" \/>\n<meta name=\"robots\" content=\"index, follow, max-snippet:-1, max-image-preview:large, max-video-preview:-1\" \/>\n<link rel=\"canonical\" href=\"https:\/\/bekkalokket.no\/index.php\/2024\/03\/01\/foredrag-med-naturfotograf-tom-schandy\/\" \/>\n<meta property=\"og:locale\" content=\"nb_NO\" \/>\n<meta property=\"og:type\" content=\"article\" \/>\n<meta property=\"og:title\" content=\"Foredrag med naturfotograf Tom Schandy - Bekkalokket Fotoklubb\" \/>\n<meta property=\"og:description\" content=\"Foredrag med naturfotograf Tom Schandy p\u00e5 klubbkvelden 07.03.2024. En av Norges fremste naturfotografer. Les mer p\u00e5 hjemmesiden!\" \/>\n<meta property=\"og:url\" content=\"https:\/\/bekkalokket.no\/index.php\/2024\/03\/01\/foredrag-med-naturfotograf-tom-schandy\/\" \/>\n<meta property=\"og:site_name\" content=\"Bekkalokket Fotoklubb\" \/>\n<meta property=\"article:published_time\" content=\"2024-03-01T13:07:11+00:00\" \/>\n<meta property=\"article:modified_time\" content=\"2024-03-01T13:41:47+00:00\" \/>\n<meta property=\"og:image\" content=\"https:\/\/bekkalokket.no\/wp-content\/uploads\/2024\/03\/unnamed.png\" \/>\n\t<meta property=\"og:image:width\" content=\"1417\" \/>\n\t<meta property=\"og:image:height\" content=\"1890\" \/>\n\t<meta property=\"og:image:type\" content=\"image\/png\" \/>\n<meta name=\"author\" content=\"Eva Virkesdal Eidsheim\" \/>\n<meta name=\"twitter:card\" content=\"summary_large_image\" \/>\n<meta name=\"twitter:label1\" content=\"Skrevet av\" \/>\n\t<meta name=\"twitter:data1\" content=\"Eva Virkesdal Eidsheim\" \/>\n\t<meta name=\"twitter:label2\" content=\"Ansl. lesetid\" \/>\n\t<meta name=\"twitter:data2\" content=\"4 minutter\" \/>\n<script type=\"application\/ld+json\" class=\"yoast-schema-graph\">{\"@context\":\"https:\\\/\\\/schema.org\",\"@graph\":[{\"@type\":\"Article\",\"@id\":\"https:\\\/\\\/bekkalokket.no\\\/index.php\\\/2024\\\/03\\\/01\\\/foredrag-med-naturfotograf-tom-schandy\\\/#article\",\"isPartOf\":{\"@id\":\"https:\\\/\\\/bekkalokket.no\\\/index.php\\\/2024\\\/03\\\/01\\\/foredrag-med-naturfotograf-tom-schandy\\\/\"},\"author\":{\"name\":\"Eva Virkesdal Eidsheim\",\"@id\":\"https:\\\/\\\/bekkalokket.no\\\/#\\\/schema\\\/person\\\/eab29f8485037f21104e65b7c6e05bfb\"},\"headline\":\"Foredrag med naturfotograf Tom Schandy\",\"datePublished\":\"2024-03-01T13:07:11+00:00\",\"dateModified\":\"2024-03-01T13:41:47+00:00\",\"mainEntityOfPage\":{\"@id\":\"https:\\\/\\\/bekkalokket.no\\\/index.php\\\/2024\\\/03\\\/01\\\/foredrag-med-naturfotograf-tom-schandy\\\/\"},\"wordCount\":661,\"image\":{\"@id\":\"https:\\\/\\\/bekkalokket.no\\\/index.php\\\/2024\\\/03\\\/01\\\/foredrag-med-naturfotograf-tom-schandy\\\/#primaryimage\"},\"thumbnailUrl\":\"https:\\\/\\\/bekkalokket.no\\\/wp-content\\\/uploads\\\/2024\\\/03\\\/unnamed.png\",\"articleSection\":[\"Foredragsholdere\",\"Klubbm\u00f8te\"],\"inLanguage\":\"nb-NO\"},{\"@type\":\"WebPage\",\"@id\":\"https:\\\/\\\/bekkalokket.no\\\/index.php\\\/2024\\\/03\\\/01\\\/foredrag-med-naturfotograf-tom-schandy\\\/\",\"url\":\"https:\\\/\\\/bekkalokket.no\\\/index.php\\\/2024\\\/03\\\/01\\\/foredrag-med-naturfotograf-tom-schandy\\\/\",\"name\":\"Foredrag med naturfotograf Tom Schandy - Bekkalokket Fotoklubb\",\"isPartOf\":{\"@id\":\"https:\\\/\\\/bekkalokket.no\\\/#website\"},\"primaryImageOfPage\":{\"@id\":\"https:\\\/\\\/bekkalokket.no\\\/index.php\\\/2024\\\/03\\\/01\\\/foredrag-med-naturfotograf-tom-schandy\\\/#primaryimage\"},\"image\":{\"@id\":\"https:\\\/\\\/bekkalokket.no\\\/index.php\\\/2024\\\/03\\\/01\\\/foredrag-med-naturfotograf-tom-schandy\\\/#primaryimage\"},\"thumbnailUrl\":\"https:\\\/\\\/bekkalokket.no\\\/wp-content\\\/uploads\\\/2024\\\/03\\\/unnamed.png\",\"datePublished\":\"2024-03-01T13:07:11+00:00\",\"dateModified\":\"2024-03-01T13:41:47+00:00\",\"author\":{\"@id\":\"https:\\\/\\\/bekkalokket.no\\\/#\\\/schema\\\/person\\\/eab29f8485037f21104e65b7c6e05bfb\"},\"description\":\"Foredrag med naturfotograf Tom Schandy p\u00e5 klubbkvelden 07.03.2024. En av Norges fremste naturfotografer. Les mer p\u00e5 hjemmesiden!\",\"breadcrumb\":{\"@id\":\"https:\\\/\\\/bekkalokket.no\\\/index.php\\\/2024\\\/03\\\/01\\\/foredrag-med-naturfotograf-tom-schandy\\\/#breadcrumb\"},\"inLanguage\":\"nb-NO\",\"potentialAction\":[{\"@type\":\"ReadAction\",\"target\":[\"https:\\\/\\\/bekkalokket.no\\\/index.php\\\/2024\\\/03\\\/01\\\/foredrag-med-naturfotograf-tom-schandy\\\/\"]}]},{\"@type\":\"ImageObject\",\"inLanguage\":\"nb-NO\",\"@id\":\"https:\\\/\\\/bekkalokket.no\\\/index.php\\\/2024\\\/03\\\/01\\\/foredrag-med-naturfotograf-tom-schandy\\\/#primaryimage\",\"url\":\"https:\\\/\\\/bekkalokket.no\\\/wp-content\\\/uploads\\\/2024\\\/03\\\/unnamed.png\",\"contentUrl\":\"https:\\\/\\\/bekkalokket.no\\\/wp-content\\\/uploads\\\/2024\\\/03\\\/unnamed.png\",\"width\":1417,\"height\":1890,\"caption\":\"Foredrag med naturfotograf Tom Schandy\"},{\"@type\":\"BreadcrumbList\",\"@id\":\"https:\\\/\\\/bekkalokket.no\\\/index.php\\\/2024\\\/03\\\/01\\\/foredrag-med-naturfotograf-tom-schandy\\\/#breadcrumb\",\"itemListElement\":[{\"@type\":\"ListItem\",\"position\":1,\"name\":\"Home\",\"item\":\"https:\\\/\\\/bekkalokket.no\\\/\"},{\"@type\":\"ListItem\",\"position\":2,\"name\":\"Foredrag med naturfotograf Tom Schandy\"}]},{\"@type\":\"WebSite\",\"@id\":\"https:\\\/\\\/bekkalokket.no\\\/#website\",\"url\":\"https:\\\/\\\/bekkalokket.no\\\/\",\"name\":\"Bekkalokket Fotoklubb\",\"description\":\"En sosial og aktiv fotoklubb i Bergen\",\"potentialAction\":[{\"@type\":\"SearchAction\",\"target\":{\"@type\":\"EntryPoint\",\"urlTemplate\":\"https:\\\/\\\/bekkalokket.no\\\/?s={search_term_string}\"},\"query-input\":{\"@type\":\"PropertyValueSpecification\",\"valueRequired\":true,\"valueName\":\"search_term_string\"}}],\"inLanguage\":\"nb-NO\"},{\"@type\":\"Person\",\"@id\":\"https:\\\/\\\/bekkalokket.no\\\/#\\\/schema\\\/person\\\/eab29f8485037f21104e65b7c6e05bfb\",\"name\":\"Eva Virkesdal Eidsheim\",\"image\":{\"@type\":\"ImageObject\",\"inLanguage\":\"nb-NO\",\"@id\":\"https:\\\/\\\/secure.gravatar.com\\\/avatar\\\/b35f512bad71a5a18ddbb016bb0b5d19d05c8cee10dc13a2ac0ee35051f7f64a?s=96&d=mm&r=g\",\"url\":\"https:\\\/\\\/secure.gravatar.com\\\/avatar\\\/b35f512bad71a5a18ddbb016bb0b5d19d05c8cee10dc13a2ac0ee35051f7f64a?s=96&d=mm&r=g\",\"contentUrl\":\"https:\\\/\\\/secure.gravatar.com\\\/avatar\\\/b35f512bad71a5a18ddbb016bb0b5d19d05c8cee10dc13a2ac0ee35051f7f64a?s=96&d=mm&r=g\",\"caption\":\"Eva Virkesdal Eidsheim\"},\"url\":\"https:\\\/\\\/bekkalokket.no\\\/index.php\\\/author\\\/evavs\\\/\"}]}<\/script>\n<!-- \/ Yoast SEO plugin. -->","yoast_head_json":{"title":"Foredrag med naturfotograf Tom Schandy - Bekkalokket Fotoklubb","description":"Foredrag med naturfotograf Tom Schandy p\u00e5 klubbkvelden 07.03.2024. En av Norges fremste naturfotografer. Les mer p\u00e5 hjemmesiden!","robots":{"index":"index","follow":"follow","max-snippet":"max-snippet:-1","max-image-preview":"max-image-preview:large","max-video-preview":"max-video-preview:-1"},"canonical":"https:\/\/bekkalokket.no\/index.php\/2024\/03\/01\/foredrag-med-naturfotograf-tom-schandy\/","og_locale":"nb_NO","og_type":"article","og_title":"Foredrag med naturfotograf Tom Schandy - Bekkalokket Fotoklubb","og_description":"Foredrag med naturfotograf Tom Schandy p\u00e5 klubbkvelden 07.03.2024. En av Norges fremste naturfotografer. Les mer p\u00e5 hjemmesiden!","og_url":"https:\/\/bekkalokket.no\/index.php\/2024\/03\/01\/foredrag-med-naturfotograf-tom-schandy\/","og_site_name":"Bekkalokket Fotoklubb","article_published_time":"2024-03-01T13:07:11+00:00","article_modified_time":"2024-03-01T13:41:47+00:00","og_image":[{"width":1417,"height":1890,"url":"https:\/\/bekkalokket.no\/wp-content\/uploads\/2024\/03\/unnamed.png","type":"image\/png"}],"author":"Eva Virkesdal Eidsheim","twitter_card":"summary_large_image","twitter_misc":{"Skrevet av":"Eva Virkesdal Eidsheim","Ansl. lesetid":"4 minutter"},"schema":{"@context":"https:\/\/schema.org","@graph":[{"@type":"Article","@id":"https:\/\/bekkalokket.no\/index.php\/2024\/03\/01\/foredrag-med-naturfotograf-tom-schandy\/#article","isPartOf":{"@id":"https:\/\/bekkalokket.no\/index.php\/2024\/03\/01\/foredrag-med-naturfotograf-tom-schandy\/"},"author":{"name":"Eva Virkesdal Eidsheim","@id":"https:\/\/bekkalokket.no\/#\/schema\/person\/eab29f8485037f21104e65b7c6e05bfb"},"headline":"Foredrag med naturfotograf Tom Schandy","datePublished":"2024-03-01T13:07:11+00:00","dateModified":"2024-03-01T13:41:47+00:00","mainEntityOfPage":{"@id":"https:\/\/bekkalokket.no\/index.php\/2024\/03\/01\/foredrag-med-naturfotograf-tom-schandy\/"},"wordCount":661,"image":{"@id":"https:\/\/bekkalokket.no\/index.php\/2024\/03\/01\/foredrag-med-naturfotograf-tom-schandy\/#primaryimage"},"thumbnailUrl":"https:\/\/bekkalokket.no\/wp-content\/uploads\/2024\/03\/unnamed.png","articleSection":["Foredragsholdere","Klubbm\u00f8te"],"inLanguage":"nb-NO"},{"@type":"WebPage","@id":"https:\/\/bekkalokket.no\/index.php\/2024\/03\/01\/foredrag-med-naturfotograf-tom-schandy\/","url":"https:\/\/bekkalokket.no\/index.php\/2024\/03\/01\/foredrag-med-naturfotograf-tom-schandy\/","name":"Foredrag med naturfotograf Tom Schandy - Bekkalokket Fotoklubb","isPartOf":{"@id":"https:\/\/bekkalokket.no\/#website"},"primaryImageOfPage":{"@id":"https:\/\/bekkalokket.no\/index.php\/2024\/03\/01\/foredrag-med-naturfotograf-tom-schandy\/#primaryimage"},"image":{"@id":"https:\/\/bekkalokket.no\/index.php\/2024\/03\/01\/foredrag-med-naturfotograf-tom-schandy\/#primaryimage"},"thumbnailUrl":"https:\/\/bekkalokket.no\/wp-content\/uploads\/2024\/03\/unnamed.png","datePublished":"2024-03-01T13:07:11+00:00","dateModified":"2024-03-01T13:41:47+00:00","author":{"@id":"https:\/\/bekkalokket.no\/#\/schema\/person\/eab29f8485037f21104e65b7c6e05bfb"},"description":"Foredrag med naturfotograf Tom Schandy p\u00e5 klubbkvelden 07.03.2024. En av Norges fremste naturfotografer. Les mer p\u00e5 hjemmesiden!","breadcrumb":{"@id":"https:\/\/bekkalokket.no\/index.php\/2024\/03\/01\/foredrag-med-naturfotograf-tom-schandy\/#breadcrumb"},"inLanguage":"nb-NO","potentialAction":[{"@type":"ReadAction","target":["https:\/\/bekkalokket.no\/index.php\/2024\/03\/01\/foredrag-med-naturfotograf-tom-schandy\/"]}]},{"@type":"ImageObject","inLanguage":"nb-NO","@id":"https:\/\/bekkalokket.no\/index.php\/2024\/03\/01\/foredrag-med-naturfotograf-tom-schandy\/#primaryimage","url":"https:\/\/bekkalokket.no\/wp-content\/uploads\/2024\/03\/unnamed.png","contentUrl":"https:\/\/bekkalokket.no\/wp-content\/uploads\/2024\/03\/unnamed.png","width":1417,"height":1890,"caption":"Foredrag med naturfotograf Tom Schandy"},{"@type":"BreadcrumbList","@id":"https:\/\/bekkalokket.no\/index.php\/2024\/03\/01\/foredrag-med-naturfotograf-tom-schandy\/#breadcrumb","itemListElement":[{"@type":"ListItem","position":1,"name":"Home","item":"https:\/\/bekkalokket.no\/"},{"@type":"ListItem","position":2,"name":"Foredrag med naturfotograf Tom Schandy"}]},{"@type":"WebSite","@id":"https:\/\/bekkalokket.no\/#website","url":"https:\/\/bekkalokket.no\/","name":"Bekkalokket Fotoklubb","description":"En sosial og aktiv fotoklubb i Bergen","potentialAction":[{"@type":"SearchAction","target":{"@type":"EntryPoint","urlTemplate":"https:\/\/bekkalokket.no\/?s={search_term_string}"},"query-input":{"@type":"PropertyValueSpecification","valueRequired":true,"valueName":"search_term_string"}}],"inLanguage":"nb-NO"},{"@type":"Person","@id":"https:\/\/bekkalokket.no\/#\/schema\/person\/eab29f8485037f21104e65b7c6e05bfb","name":"Eva Virkesdal Eidsheim","image":{"@type":"ImageObject","inLanguage":"nb-NO","@id":"https:\/\/secure.gravatar.com\/avatar\/b35f512bad71a5a18ddbb016bb0b5d19d05c8cee10dc13a2ac0ee35051f7f64a?s=96&d=mm&r=g","url":"https:\/\/secure.gravatar.com\/avatar\/b35f512bad71a5a18ddbb016bb0b5d19d05c8cee10dc13a2ac0ee35051f7f64a?s=96&d=mm&r=g","contentUrl":"https:\/\/secure.gravatar.com\/avatar\/b35f512bad71a5a18ddbb016bb0b5d19d05c8cee10dc13a2ac0ee35051f7f64a?s=96&d=mm&r=g","caption":"Eva Virkesdal Eidsheim"},"url":"https:\/\/bekkalokket.no\/index.php\/author\/evavs\/"}]}},"_links":{"self":[{"href":"https:\/\/bekkalokket.no\/index.php\/wp-json\/wp\/v2\/posts\/8493","targetHints":{"allow":["GET"]}}],"collection":[{"href":"https:\/\/bekkalokket.no\/index.php\/wp-json\/wp\/v2\/posts"}],"about":[{"href":"https:\/\/bekkalokket.no\/index.php\/wp-json\/wp\/v2\/types\/post"}],"author":[{"embeddable":true,"href":"https:\/\/bekkalokket.no\/index.php\/wp-json\/wp\/v2\/users\/8"}],"replies":[{"embeddable":true,"href":"https:\/\/bekkalokket.no\/index.php\/wp-json\/wp\/v2\/comments?post=8493"}],"version-history":[{"count":22,"href":"https:\/\/bekkalokket.no\/index.php\/wp-json\/wp\/v2\/posts\/8493\/revisions"}],"predecessor-version":[{"id":8516,"href":"https:\/\/bekkalokket.no\/index.php\/wp-json\/wp\/v2\/posts\/8493\/revisions\/8516"}],"wp:featuredmedia":[{"embeddable":true,"href":"https:\/\/bekkalokket.no\/index.php\/wp-json\/wp\/v2\/media\/8512"}],"wp:attachment":[{"href":"https:\/\/bekkalokket.no\/index.php\/wp-json\/wp\/v2\/media?parent=8493"}],"wp:term":[{"taxonomy":"category","embeddable":true,"href":"https:\/\/bekkalokket.no\/index.php\/wp-json\/wp\/v2\/categories?post=8493"},{"taxonomy":"post_tag","embeddable":true,"href":"https:\/\/bekkalokket.no\/index.php\/wp-json\/wp\/v2\/tags?post=8493"}],"curies":[{"name":"wp","href":"https:\/\/api.w.org\/{rel}","templated":true}]}}