{"id":9013,"date":"2024-08-19T11:53:48","date_gmt":"2024-08-19T09:53:48","guid":{"rendered":"https:\/\/bekkalokket.no\/?p=9013"},"modified":"2025-09-04T13:46:37","modified_gmt":"2025-09-04T11:46:37","slug":"fotoutstillingen-flyttet-til-sartor-senter","status":"publish","type":"post","link":"https:\/\/bekkalokket.no\/index.php\/2024\/08\/19\/fotoutstillingen-flyttet-til-sartor-senter\/","title":{"rendered":"Fotoutstillingen flyttet til Sartor Senter"},"content":{"rendered":"\n<p>N\u00e5 er utend\u00f8rs fotoutstillingen &#8220;Norsk Natur &#8211; og kulturlandskap&#8221; flyttet til Sartor Senter.<\/p>\n\n\n\n<p>Her blir utstillingen st\u00e5ende til 16.09.2024.<\/p>\n\n\n\n<p>\u00c5pning av v\u00e5r utend\u00f8rs fotoutstillingen &#8220;Norsk natur &#8211; og kulturlandskap fant sted p\u00e5 Kim Frieles plass sentralt i Bergen sentrum 18.04.2024 med tale fra leder Oddhild Lien og formann i Utstillingskomiteen Lars Sveen.<\/p>\n\n\n\n<p>Bekkalokket Fotoklubb h\u00e5per at denne utend\u00f8rs fotoutstillingen ikke bare har gitt glede og inspirasjon til byens befolkning og bes\u00f8kende, men ogs\u00e5 vekker en st\u00f8rre interesse og engasjement for fotografier, og bevarelse av v\u00e5r flotte natur i Norge.<\/p>\n\n\n\n<p>Vi vet at vi st\u00e5r overfor store utfordringer i \u00e5rene som kommer.<\/p>\n\n\n\n<p>Landskapet er et resultat av b\u00e5de naturens egne krefter og menneskets p\u00e5virkning gjennom \u00e5rhundrer. Det forteller historier om geologiske prosesser, biologisk mangfold, og hvordan mennesker har tilpasset seg og formet milj\u00f8et rundt seg.<\/p>\n\n\n\n<p>Kjenner du forresten til &#8220;Europar\u00e5dets landskapskonvensjon&#8221;<strong>&nbsp;<\/strong>som skal fremme vern, forvaltning og planlegging av landskap?<\/p>\n\n\n\n<p><a href=\"https:\/\/www.miljodirektoratet.no\/regelverk\/konvensjoner\/landskapskonvensjonen\/\" target=\"_blank\" rel=\"noreferrer noopener\">Landskapskonvensjonen<\/a><\/p>\n\n\n\n<p><strong>V\u00e5r utend\u00f8rs fotoutstilling har v\u00e6rt utstilt p\u00e5 f\u00f8lgende senter:<\/strong><\/p>\n\n\n\n<ul class=\"wp-block-list\">\n<li><strong>Oasen Senter 15.05-17.06.2024<\/strong><\/li>\n\n\n\n<li><strong>Horisont Kj\u00f8pesenter 17.06-12.08.2024<\/strong><\/li>\n\n\n\n<li><strong>Sartor Senter 12.08-16.09.2024<\/strong><\/li>\n<\/ul>\n\n\n\n<div style=\"height:100px\" aria-hidden=\"true\" class=\"wp-block-spacer\"><\/div>\n\n\n\n<div class=\"wp-block-columns is-layout-flex wp-container-core-columns-is-layout-9d6595d7 wp-block-columns-is-layout-flex\">\n<div class=\"wp-block-column is-layout-flow wp-block-column-is-layout-flow\">\n<figure class=\"wp-block-image size-large\"><img loading=\"lazy\" decoding=\"async\" width=\"1024\" height=\"635\" src=\"https:\/\/bekkalokket.no\/wp-content\/uploads\/2024\/06\/IMG_9985_II-1024x635.jpg\" alt=\"Utend\u00f8rs fotoutstilling &quot;Norsk natur - og kulturlandskap&quot;.\" class=\"wp-image-8887\" srcset=\"https:\/\/bekkalokket.no\/wp-content\/uploads\/2024\/06\/IMG_9985_II-1024x635.jpg 1024w, https:\/\/bekkalokket.no\/wp-content\/uploads\/2024\/06\/IMG_9985_II-300x186.jpg 300w, https:\/\/bekkalokket.no\/wp-content\/uploads\/2024\/06\/IMG_9985_II-768x477.jpg 768w, https:\/\/bekkalokket.no\/wp-content\/uploads\/2024\/06\/IMG_9985_II-1536x953.jpg 1536w, https:\/\/bekkalokket.no\/wp-content\/uploads\/2024\/06\/IMG_9985_II-2048x1271.jpg 2048w\" sizes=\"auto, (max-width: 1024px) 100vw, 1024px\" \/><\/figure>\n<\/div>\n\n\n\n<div class=\"wp-block-column is-layout-flow wp-block-column-is-layout-flow\">\n<figure class=\"wp-block-image size-large\"><img loading=\"lazy\" decoding=\"async\" width=\"1024\" height=\"791\" src=\"https:\/\/bekkalokket.no\/wp-content\/uploads\/2024\/08\/IMG_9978_2-2-1024x791.jpg\" alt=\"\" class=\"wp-image-9021\" srcset=\"https:\/\/bekkalokket.no\/wp-content\/uploads\/2024\/08\/IMG_9978_2-2-1024x791.jpg 1024w, https:\/\/bekkalokket.no\/wp-content\/uploads\/2024\/08\/IMG_9978_2-2-300x232.jpg 300w, https:\/\/bekkalokket.no\/wp-content\/uploads\/2024\/08\/IMG_9978_2-2-768x593.jpg 768w, https:\/\/bekkalokket.no\/wp-content\/uploads\/2024\/08\/IMG_9978_2-2-1536x1187.jpg 1536w, https:\/\/bekkalokket.no\/wp-content\/uploads\/2024\/08\/IMG_9978_2-2-2048x1582.jpg 2048w\" sizes=\"auto, (max-width: 1024px) 100vw, 1024px\" \/><\/figure>\n<\/div>\n\n\n\n<div class=\"wp-block-column is-layout-flow wp-block-column-is-layout-flow\">\n<figure class=\"wp-block-image size-large\"><img loading=\"lazy\" decoding=\"async\" width=\"1024\" height=\"742\" src=\"https:\/\/bekkalokket.no\/wp-content\/uploads\/2024\/06\/IMG_9979_I-1024x742.jpg\" alt=\"\" class=\"wp-image-8915\" srcset=\"https:\/\/bekkalokket.no\/wp-content\/uploads\/2024\/06\/IMG_9979_I-1024x742.jpg 1024w, https:\/\/bekkalokket.no\/wp-content\/uploads\/2024\/06\/IMG_9979_I-300x217.jpg 300w, https:\/\/bekkalokket.no\/wp-content\/uploads\/2024\/06\/IMG_9979_I-768x557.jpg 768w, https:\/\/bekkalokket.no\/wp-content\/uploads\/2024\/06\/IMG_9979_I-1536x1113.jpg 1536w, https:\/\/bekkalokket.no\/wp-content\/uploads\/2024\/06\/IMG_9979_I-2048x1484.jpg 2048w\" sizes=\"auto, (max-width: 1024px) 100vw, 1024px\" \/><\/figure>\n<\/div>\n<\/div>\n\n\n\n<p><a href=\"https:\/\/bekkalokket.no\/index.php\/2024\/06\/14\/fotoustillingen-norsk-natur-og-kulturlandskap\/\" target=\"_blank\" rel=\"noreferrer noopener\">Norsk natur &#8211; og kulturlandskap<\/a><\/p>\n\n\n\n<p><a href=\"https:\/\/bekkalokket.no\/index.php\/utstillinger-og-prosjekter\/\" target=\"_blank\" rel=\"noreferrer noopener\">Utstillinger og prosjekter<\/a><\/p>\n\n\n\n<p><\/p>\n","protected":false},"excerpt":{"rendered":"<p>N\u00e5 er utend\u00f8rs fotoutstillingen &#8220;Norsk Natur &#8211; og kulturlandskap&#8221; flyttet til Sartor Senter. Her blir utstillingen st\u00e5ende til 16.09.2024. \u00c5pning av v\u00e5r utend\u00f8rs fotoutstillingen &#8220;Norsk natur &#8211; og kulturlandskap fant sted p\u00e5 Kim Frieles&#46;&#46;&#46;<\/p>\n","protected":false},"author":8,"featured_media":9021,"comment_status":"closed","ping_status":"open","sticky":false,"template":"","format":"standard","meta":{"footnotes":""},"categories":[129],"tags":[],"class_list":["post-9013","post","type-post","status-publish","format-standard","has-post-thumbnail","hentry","category-utstillinger-og-prosjekter"],"yoast_head":"<!-- This site is optimized with the Yoast SEO plugin v27.5 - https:\/\/yoast.com\/product\/yoast-seo-wordpress\/ -->\n<title>Fotoutstillingen flyttet til Sartor Senter - Bekkalokket Fotoklubb<\/title>\n<meta name=\"description\" content=\"N\u00e5 er utend\u00f8rs fotoutstillingen &quot;Norsk Natur og Kulturlandskap&quot; flyttet til Sartor Senter. \u00c5pningen fant sted p\u00e5 Kim Frieles plass. Les mer!\" \/>\n<meta name=\"robots\" content=\"index, follow, max-snippet:-1, max-image-preview:large, max-video-preview:-1\" \/>\n<link rel=\"canonical\" href=\"https:\/\/bekkalokket.no\/index.php\/2024\/08\/19\/fotoutstillingen-flyttet-til-sartor-senter\/\" \/>\n<meta property=\"og:locale\" content=\"nb_NO\" \/>\n<meta property=\"og:type\" content=\"article\" \/>\n<meta property=\"og:title\" content=\"Fotoutstillingen flyttet til Sartor Senter - Bekkalokket Fotoklubb\" \/>\n<meta property=\"og:description\" content=\"N\u00e5 er utend\u00f8rs fotoutstillingen &quot;Norsk Natur og Kulturlandskap&quot; flyttet til Sartor Senter. \u00c5pningen fant sted p\u00e5 Kim Frieles plass. Les mer!\" \/>\n<meta property=\"og:url\" content=\"https:\/\/bekkalokket.no\/index.php\/2024\/08\/19\/fotoutstillingen-flyttet-til-sartor-senter\/\" \/>\n<meta property=\"og:site_name\" content=\"Bekkalokket Fotoklubb\" \/>\n<meta property=\"article:published_time\" content=\"2024-08-19T09:53:48+00:00\" \/>\n<meta property=\"article:modified_time\" content=\"2025-09-04T11:46:37+00:00\" \/>\n<meta property=\"og:image\" content=\"https:\/\/bekkalokket.no\/wp-content\/uploads\/2024\/08\/IMG_9978_2-2-scaled.jpg\" \/>\n\t<meta property=\"og:image:width\" content=\"2560\" \/>\n\t<meta property=\"og:image:height\" content=\"1978\" \/>\n\t<meta property=\"og:image:type\" content=\"image\/jpeg\" \/>\n<meta name=\"author\" content=\"Eva Virkesdal Eidsheim\" \/>\n<meta name=\"twitter:card\" content=\"summary_large_image\" \/>\n<meta name=\"twitter:label1\" content=\"Skrevet av\" \/>\n\t<meta name=\"twitter:data1\" content=\"Eva Virkesdal Eidsheim\" \/>\n\t<meta name=\"twitter:label2\" content=\"Ansl. lesetid\" \/>\n\t<meta name=\"twitter:data2\" content=\"2 minutter\" \/>\n<script type=\"application\/ld+json\" class=\"yoast-schema-graph\">{\"@context\":\"https:\\\/\\\/schema.org\",\"@graph\":[{\"@type\":\"Article\",\"@id\":\"https:\\\/\\\/bekkalokket.no\\\/index.php\\\/2024\\\/08\\\/19\\\/fotoutstillingen-flyttet-til-sartor-senter\\\/#article\",\"isPartOf\":{\"@id\":\"https:\\\/\\\/bekkalokket.no\\\/index.php\\\/2024\\\/08\\\/19\\\/fotoutstillingen-flyttet-til-sartor-senter\\\/\"},\"author\":{\"name\":\"Eva Virkesdal Eidsheim\",\"@id\":\"https:\\\/\\\/bekkalokket.no\\\/#\\\/schema\\\/person\\\/eab29f8485037f21104e65b7c6e05bfb\"},\"headline\":\"Fotoutstillingen flyttet til Sartor Senter\",\"datePublished\":\"2024-08-19T09:53:48+00:00\",\"dateModified\":\"2025-09-04T11:46:37+00:00\",\"mainEntityOfPage\":{\"@id\":\"https:\\\/\\\/bekkalokket.no\\\/index.php\\\/2024\\\/08\\\/19\\\/fotoutstillingen-flyttet-til-sartor-senter\\\/\"},\"wordCount\":199,\"image\":{\"@id\":\"https:\\\/\\\/bekkalokket.no\\\/index.php\\\/2024\\\/08\\\/19\\\/fotoutstillingen-flyttet-til-sartor-senter\\\/#primaryimage\"},\"thumbnailUrl\":\"https:\\\/\\\/bekkalokket.no\\\/wp-content\\\/uploads\\\/2024\\\/08\\\/IMG_9978_2-2-scaled.jpg\",\"articleSection\":[\"Utstillinger og Prosjekter\"],\"inLanguage\":\"nb-NO\"},{\"@type\":\"WebPage\",\"@id\":\"https:\\\/\\\/bekkalokket.no\\\/index.php\\\/2024\\\/08\\\/19\\\/fotoutstillingen-flyttet-til-sartor-senter\\\/\",\"url\":\"https:\\\/\\\/bekkalokket.no\\\/index.php\\\/2024\\\/08\\\/19\\\/fotoutstillingen-flyttet-til-sartor-senter\\\/\",\"name\":\"Fotoutstillingen flyttet til Sartor Senter - Bekkalokket Fotoklubb\",\"isPartOf\":{\"@id\":\"https:\\\/\\\/bekkalokket.no\\\/#website\"},\"primaryImageOfPage\":{\"@id\":\"https:\\\/\\\/bekkalokket.no\\\/index.php\\\/2024\\\/08\\\/19\\\/fotoutstillingen-flyttet-til-sartor-senter\\\/#primaryimage\"},\"image\":{\"@id\":\"https:\\\/\\\/bekkalokket.no\\\/index.php\\\/2024\\\/08\\\/19\\\/fotoutstillingen-flyttet-til-sartor-senter\\\/#primaryimage\"},\"thumbnailUrl\":\"https:\\\/\\\/bekkalokket.no\\\/wp-content\\\/uploads\\\/2024\\\/08\\\/IMG_9978_2-2-scaled.jpg\",\"datePublished\":\"2024-08-19T09:53:48+00:00\",\"dateModified\":\"2025-09-04T11:46:37+00:00\",\"author\":{\"@id\":\"https:\\\/\\\/bekkalokket.no\\\/#\\\/schema\\\/person\\\/eab29f8485037f21104e65b7c6e05bfb\"},\"description\":\"N\u00e5 er utend\u00f8rs fotoutstillingen \\\"Norsk Natur og Kulturlandskap\\\" flyttet til Sartor Senter. \u00c5pningen fant sted p\u00e5 Kim Frieles plass. Les mer!\",\"breadcrumb\":{\"@id\":\"https:\\\/\\\/bekkalokket.no\\\/index.php\\\/2024\\\/08\\\/19\\\/fotoutstillingen-flyttet-til-sartor-senter\\\/#breadcrumb\"},\"inLanguage\":\"nb-NO\",\"potentialAction\":[{\"@type\":\"ReadAction\",\"target\":[\"https:\\\/\\\/bekkalokket.no\\\/index.php\\\/2024\\\/08\\\/19\\\/fotoutstillingen-flyttet-til-sartor-senter\\\/\"]}]},{\"@type\":\"ImageObject\",\"inLanguage\":\"nb-NO\",\"@id\":\"https:\\\/\\\/bekkalokket.no\\\/index.php\\\/2024\\\/08\\\/19\\\/fotoutstillingen-flyttet-til-sartor-senter\\\/#primaryimage\",\"url\":\"https:\\\/\\\/bekkalokket.no\\\/wp-content\\\/uploads\\\/2024\\\/08\\\/IMG_9978_2-2-scaled.jpg\",\"contentUrl\":\"https:\\\/\\\/bekkalokket.no\\\/wp-content\\\/uploads\\\/2024\\\/08\\\/IMG_9978_2-2-scaled.jpg\",\"width\":2560,\"height\":1978},{\"@type\":\"BreadcrumbList\",\"@id\":\"https:\\\/\\\/bekkalokket.no\\\/index.php\\\/2024\\\/08\\\/19\\\/fotoutstillingen-flyttet-til-sartor-senter\\\/#breadcrumb\",\"itemListElement\":[{\"@type\":\"ListItem\",\"position\":1,\"name\":\"Home\",\"item\":\"https:\\\/\\\/bekkalokket.no\\\/\"},{\"@type\":\"ListItem\",\"position\":2,\"name\":\"Fotoutstillingen flyttet til Sartor Senter\"}]},{\"@type\":\"WebSite\",\"@id\":\"https:\\\/\\\/bekkalokket.no\\\/#website\",\"url\":\"https:\\\/\\\/bekkalokket.no\\\/\",\"name\":\"Bekkalokket Fotoklubb\",\"description\":\"En sosial og aktiv fotoklubb i Bergen\",\"potentialAction\":[{\"@type\":\"SearchAction\",\"target\":{\"@type\":\"EntryPoint\",\"urlTemplate\":\"https:\\\/\\\/bekkalokket.no\\\/?s={search_term_string}\"},\"query-input\":{\"@type\":\"PropertyValueSpecification\",\"valueRequired\":true,\"valueName\":\"search_term_string\"}}],\"inLanguage\":\"nb-NO\"},{\"@type\":\"Person\",\"@id\":\"https:\\\/\\\/bekkalokket.no\\\/#\\\/schema\\\/person\\\/eab29f8485037f21104e65b7c6e05bfb\",\"name\":\"Eva Virkesdal Eidsheim\",\"image\":{\"@type\":\"ImageObject\",\"inLanguage\":\"nb-NO\",\"@id\":\"https:\\\/\\\/secure.gravatar.com\\\/avatar\\\/b35f512bad71a5a18ddbb016bb0b5d19d05c8cee10dc13a2ac0ee35051f7f64a?s=96&d=mm&r=g\",\"url\":\"https:\\\/\\\/secure.gravatar.com\\\/avatar\\\/b35f512bad71a5a18ddbb016bb0b5d19d05c8cee10dc13a2ac0ee35051f7f64a?s=96&d=mm&r=g\",\"contentUrl\":\"https:\\\/\\\/secure.gravatar.com\\\/avatar\\\/b35f512bad71a5a18ddbb016bb0b5d19d05c8cee10dc13a2ac0ee35051f7f64a?s=96&d=mm&r=g\",\"caption\":\"Eva Virkesdal Eidsheim\"},\"url\":\"https:\\\/\\\/bekkalokket.no\\\/index.php\\\/author\\\/evavs\\\/\"}]}<\/script>\n<!-- \/ Yoast SEO plugin. -->","yoast_head_json":{"title":"Fotoutstillingen flyttet til Sartor Senter - Bekkalokket Fotoklubb","description":"N\u00e5 er utend\u00f8rs fotoutstillingen \"Norsk Natur og Kulturlandskap\" flyttet til Sartor Senter. \u00c5pningen fant sted p\u00e5 Kim Frieles plass. Les mer!","robots":{"index":"index","follow":"follow","max-snippet":"max-snippet:-1","max-image-preview":"max-image-preview:large","max-video-preview":"max-video-preview:-1"},"canonical":"https:\/\/bekkalokket.no\/index.php\/2024\/08\/19\/fotoutstillingen-flyttet-til-sartor-senter\/","og_locale":"nb_NO","og_type":"article","og_title":"Fotoutstillingen flyttet til Sartor Senter - Bekkalokket Fotoklubb","og_description":"N\u00e5 er utend\u00f8rs fotoutstillingen \"Norsk Natur og Kulturlandskap\" flyttet til Sartor Senter. \u00c5pningen fant sted p\u00e5 Kim Frieles plass. Les mer!","og_url":"https:\/\/bekkalokket.no\/index.php\/2024\/08\/19\/fotoutstillingen-flyttet-til-sartor-senter\/","og_site_name":"Bekkalokket Fotoklubb","article_published_time":"2024-08-19T09:53:48+00:00","article_modified_time":"2025-09-04T11:46:37+00:00","og_image":[{"width":2560,"height":1978,"url":"https:\/\/bekkalokket.no\/wp-content\/uploads\/2024\/08\/IMG_9978_2-2-scaled.jpg","type":"image\/jpeg"}],"author":"Eva Virkesdal Eidsheim","twitter_card":"summary_large_image","twitter_misc":{"Skrevet av":"Eva Virkesdal Eidsheim","Ansl. lesetid":"2 minutter"},"schema":{"@context":"https:\/\/schema.org","@graph":[{"@type":"Article","@id":"https:\/\/bekkalokket.no\/index.php\/2024\/08\/19\/fotoutstillingen-flyttet-til-sartor-senter\/#article","isPartOf":{"@id":"https:\/\/bekkalokket.no\/index.php\/2024\/08\/19\/fotoutstillingen-flyttet-til-sartor-senter\/"},"author":{"name":"Eva Virkesdal Eidsheim","@id":"https:\/\/bekkalokket.no\/#\/schema\/person\/eab29f8485037f21104e65b7c6e05bfb"},"headline":"Fotoutstillingen flyttet til Sartor Senter","datePublished":"2024-08-19T09:53:48+00:00","dateModified":"2025-09-04T11:46:37+00:00","mainEntityOfPage":{"@id":"https:\/\/bekkalokket.no\/index.php\/2024\/08\/19\/fotoutstillingen-flyttet-til-sartor-senter\/"},"wordCount":199,"image":{"@id":"https:\/\/bekkalokket.no\/index.php\/2024\/08\/19\/fotoutstillingen-flyttet-til-sartor-senter\/#primaryimage"},"thumbnailUrl":"https:\/\/bekkalokket.no\/wp-content\/uploads\/2024\/08\/IMG_9978_2-2-scaled.jpg","articleSection":["Utstillinger og Prosjekter"],"inLanguage":"nb-NO"},{"@type":"WebPage","@id":"https:\/\/bekkalokket.no\/index.php\/2024\/08\/19\/fotoutstillingen-flyttet-til-sartor-senter\/","url":"https:\/\/bekkalokket.no\/index.php\/2024\/08\/19\/fotoutstillingen-flyttet-til-sartor-senter\/","name":"Fotoutstillingen flyttet til Sartor Senter - Bekkalokket Fotoklubb","isPartOf":{"@id":"https:\/\/bekkalokket.no\/#website"},"primaryImageOfPage":{"@id":"https:\/\/bekkalokket.no\/index.php\/2024\/08\/19\/fotoutstillingen-flyttet-til-sartor-senter\/#primaryimage"},"image":{"@id":"https:\/\/bekkalokket.no\/index.php\/2024\/08\/19\/fotoutstillingen-flyttet-til-sartor-senter\/#primaryimage"},"thumbnailUrl":"https:\/\/bekkalokket.no\/wp-content\/uploads\/2024\/08\/IMG_9978_2-2-scaled.jpg","datePublished":"2024-08-19T09:53:48+00:00","dateModified":"2025-09-04T11:46:37+00:00","author":{"@id":"https:\/\/bekkalokket.no\/#\/schema\/person\/eab29f8485037f21104e65b7c6e05bfb"},"description":"N\u00e5 er utend\u00f8rs fotoutstillingen \"Norsk Natur og Kulturlandskap\" flyttet til Sartor Senter. \u00c5pningen fant sted p\u00e5 Kim Frieles plass. Les mer!","breadcrumb":{"@id":"https:\/\/bekkalokket.no\/index.php\/2024\/08\/19\/fotoutstillingen-flyttet-til-sartor-senter\/#breadcrumb"},"inLanguage":"nb-NO","potentialAction":[{"@type":"ReadAction","target":["https:\/\/bekkalokket.no\/index.php\/2024\/08\/19\/fotoutstillingen-flyttet-til-sartor-senter\/"]}]},{"@type":"ImageObject","inLanguage":"nb-NO","@id":"https:\/\/bekkalokket.no\/index.php\/2024\/08\/19\/fotoutstillingen-flyttet-til-sartor-senter\/#primaryimage","url":"https:\/\/bekkalokket.no\/wp-content\/uploads\/2024\/08\/IMG_9978_2-2-scaled.jpg","contentUrl":"https:\/\/bekkalokket.no\/wp-content\/uploads\/2024\/08\/IMG_9978_2-2-scaled.jpg","width":2560,"height":1978},{"@type":"BreadcrumbList","@id":"https:\/\/bekkalokket.no\/index.php\/2024\/08\/19\/fotoutstillingen-flyttet-til-sartor-senter\/#breadcrumb","itemListElement":[{"@type":"ListItem","position":1,"name":"Home","item":"https:\/\/bekkalokket.no\/"},{"@type":"ListItem","position":2,"name":"Fotoutstillingen flyttet til Sartor Senter"}]},{"@type":"WebSite","@id":"https:\/\/bekkalokket.no\/#website","url":"https:\/\/bekkalokket.no\/","name":"Bekkalokket Fotoklubb","description":"En sosial og aktiv fotoklubb i Bergen","potentialAction":[{"@type":"SearchAction","target":{"@type":"EntryPoint","urlTemplate":"https:\/\/bekkalokket.no\/?s={search_term_string}"},"query-input":{"@type":"PropertyValueSpecification","valueRequired":true,"valueName":"search_term_string"}}],"inLanguage":"nb-NO"},{"@type":"Person","@id":"https:\/\/bekkalokket.no\/#\/schema\/person\/eab29f8485037f21104e65b7c6e05bfb","name":"Eva Virkesdal Eidsheim","image":{"@type":"ImageObject","inLanguage":"nb-NO","@id":"https:\/\/secure.gravatar.com\/avatar\/b35f512bad71a5a18ddbb016bb0b5d19d05c8cee10dc13a2ac0ee35051f7f64a?s=96&d=mm&r=g","url":"https:\/\/secure.gravatar.com\/avatar\/b35f512bad71a5a18ddbb016bb0b5d19d05c8cee10dc13a2ac0ee35051f7f64a?s=96&d=mm&r=g","contentUrl":"https:\/\/secure.gravatar.com\/avatar\/b35f512bad71a5a18ddbb016bb0b5d19d05c8cee10dc13a2ac0ee35051f7f64a?s=96&d=mm&r=g","caption":"Eva Virkesdal Eidsheim"},"url":"https:\/\/bekkalokket.no\/index.php\/author\/evavs\/"}]}},"_links":{"self":[{"href":"https:\/\/bekkalokket.no\/index.php\/wp-json\/wp\/v2\/posts\/9013","targetHints":{"allow":["GET"]}}],"collection":[{"href":"https:\/\/bekkalokket.no\/index.php\/wp-json\/wp\/v2\/posts"}],"about":[{"href":"https:\/\/bekkalokket.no\/index.php\/wp-json\/wp\/v2\/types\/post"}],"author":[{"embeddable":true,"href":"https:\/\/bekkalokket.no\/index.php\/wp-json\/wp\/v2\/users\/8"}],"replies":[{"embeddable":true,"href":"https:\/\/bekkalokket.no\/index.php\/wp-json\/wp\/v2\/comments?post=9013"}],"version-history":[{"count":16,"href":"https:\/\/bekkalokket.no\/index.php\/wp-json\/wp\/v2\/posts\/9013\/revisions"}],"predecessor-version":[{"id":10587,"href":"https:\/\/bekkalokket.no\/index.php\/wp-json\/wp\/v2\/posts\/9013\/revisions\/10587"}],"wp:featuredmedia":[{"embeddable":true,"href":"https:\/\/bekkalokket.no\/index.php\/wp-json\/wp\/v2\/media\/9021"}],"wp:attachment":[{"href":"https:\/\/bekkalokket.no\/index.php\/wp-json\/wp\/v2\/media?parent=9013"}],"wp:term":[{"taxonomy":"category","embeddable":true,"href":"https:\/\/bekkalokket.no\/index.php\/wp-json\/wp\/v2\/categories?post=9013"},{"taxonomy":"post_tag","embeddable":true,"href":"https:\/\/bekkalokket.no\/index.php\/wp-json\/wp\/v2\/tags?post=9013"}],"curies":[{"name":"wp","href":"https:\/\/api.w.org\/{rel}","templated":true}]}}