{"id":9837,"date":"2025-02-19T15:52:19","date_gmt":"2025-02-19T13:52:19","guid":{"rendered":"https:\/\/bekkalokket.no\/?p=9837"},"modified":"2025-09-03T09:47:21","modified_gmt":"2025-09-03T07:47:21","slug":"ekstern-foredragsholder-eva-brodtkorb","status":"publish","type":"post","link":"https:\/\/bekkalokket.no\/index.php\/2025\/02\/19\/ekstern-foredragsholder-eva-brodtkorb\/","title":{"rendered":"Ekstern foredragsholder &#8211; Eva Brodtkorb"},"content":{"rendered":"\n<p>Lokalet var fullt da vi var s\u00e5 heldige \u00e5 f\u00e5 bes\u00f8k av ekstern foredragsholder Eva Brodtkorb i klubblokalet v\u00e5rt 13.02.2025.<\/p>\n\n\n\n<p>I Bekkalokket Fotoklubb f\u00e5r du muligheten til \u00e5 oppleve mange inspirerende foredrag, som gir kunnskap og kreativt p\u00e5fyll. Du f\u00e5r ogs\u00e5 delta i et inkluderende fellesskap med fotointeresserte p\u00e5 alle niv\u00e5er. Vi arrangerer jevnlig temakvelder, workshops og inspirasjonshelger som gir klubbens medlemmer faglig p\u00e5fyll og nye perspektiver.<\/p>\n\n\n\n<p>Fra \u00e5 ha v\u00e6rt bryllupsfotograf og portrettfotograf i mange \u00e5r, begynte Eva med gatefotografi i 2019 og har drevet med det siden.<\/p>\n\n\n\n<p>Bekkalokket`s leder, Oddhild Lien, overrakte boken &#8220;Bekkalokket Fotoklub &#8211; s\u00e5 lang&#8221; til Eva Brodtkorb.<\/p>\n\n\n\n<div class=\"wp-block-columns is-layout-flex wp-container-core-columns-is-layout-9d6595d7 wp-block-columns-is-layout-flex\">\n<div class=\"wp-block-column is-layout-flow wp-block-column-is-layout-flow\">\n<figure class=\"wp-block-image size-full\"><img loading=\"lazy\" decoding=\"async\" width=\"2000\" height=\"2500\" src=\"https:\/\/bekkalokket.no\/wp-content\/uploads\/2025\/02\/Eva-portrett-4x5-1.jpg\" alt=\"\" class=\"wp-image-9839\" srcset=\"https:\/\/bekkalokket.no\/wp-content\/uploads\/2025\/02\/Eva-portrett-4x5-1.jpg 2000w, https:\/\/bekkalokket.no\/wp-content\/uploads\/2025\/02\/Eva-portrett-4x5-1-240x300.jpg 240w, https:\/\/bekkalokket.no\/wp-content\/uploads\/2025\/02\/Eva-portrett-4x5-1-819x1024.jpg 819w, https:\/\/bekkalokket.no\/wp-content\/uploads\/2025\/02\/Eva-portrett-4x5-1-768x960.jpg 768w, https:\/\/bekkalokket.no\/wp-content\/uploads\/2025\/02\/Eva-portrett-4x5-1-1229x1536.jpg 1229w, https:\/\/bekkalokket.no\/wp-content\/uploads\/2025\/02\/Eva-portrett-4x5-1-1638x2048.jpg 1638w\" sizes=\"auto, (max-width: 2000px) 100vw, 2000px\" \/><\/figure>\n<\/div>\n\n\n\n<div class=\"wp-block-column is-layout-flow wp-block-column-is-layout-flow\">\n<figure class=\"wp-block-image size-large\"><img loading=\"lazy\" decoding=\"async\" width=\"819\" height=\"1024\" src=\"https:\/\/bekkalokket.no\/wp-content\/uploads\/2025\/02\/20250213-DSCF2235-819x1024.jpg\" alt=\"\" class=\"wp-image-9838\" srcset=\"https:\/\/bekkalokket.no\/wp-content\/uploads\/2025\/02\/20250213-DSCF2235-819x1024.jpg 819w, https:\/\/bekkalokket.no\/wp-content\/uploads\/2025\/02\/20250213-DSCF2235-240x300.jpg 240w, https:\/\/bekkalokket.no\/wp-content\/uploads\/2025\/02\/20250213-DSCF2235-768x960.jpg 768w, https:\/\/bekkalokket.no\/wp-content\/uploads\/2025\/02\/20250213-DSCF2235-1229x1536.jpg 1229w, https:\/\/bekkalokket.no\/wp-content\/uploads\/2025\/02\/20250213-DSCF2235-1638x2048.jpg 1638w, https:\/\/bekkalokket.no\/wp-content\/uploads\/2025\/02\/20250213-DSCF2235.jpg 1920w\" sizes=\"auto, (max-width: 819px) 100vw, 819px\" \/><\/figure>\n<\/div>\n<\/div>\n\n\n\n<div style=\"height:49px\" aria-hidden=\"true\" class=\"wp-block-spacer\"><\/div>\n\n\n\n<h2 class=\"wp-block-heading\">Gatefotografering gjennom Oslo`s gater<\/h2>\n\n\n\n<p>Vi fikk se bilder f\u00f8rst og fremst fra steder i Oslo, som <a href=\"https:\/\/www.operaen.no\/om-oss\/om-operahuset\/\" target=\"_blank\" rel=\"noreferrer noopener\">Operaen<\/a>, nye <a href=\"https:\/\/deichman.no\/bibliotekene\/bj%C3%B8rvika\" target=\"_blank\" rel=\"noreferrer noopener\">Deichman Bj\u00f8rvika<\/a> og Barcode i Bj\u00f8rvika. I motsetning til mange andre fotografer er Eva glad i sterkt sollys, slik at det blir store kontraster mellom lys og skygge p\u00e5 bildene. Hun bruker ogs\u00e5 sterke farger bevisst for \u00e5 skape kontraster.<\/p>\n\n\n\n<p>Med et skarpt blikk for detaljer og \u00f8yeblikk fanger hun byens puls, og menneskene som gir Oslo liv.<\/p>\n\n\n\n<p>Gjennom foredraget fikk vi innblikk i hvordan Eva jobber ute i felten \u2013 fra \u00e5 oppdage spennende motiver til \u00e5 fange autentiske \u00f8yeblikk. Hun delte ogs\u00e5 verdifulle tips om komposisjon, lys og hvordan man kan bygge mot til \u00e5 fotografere ukjente mennesker i offentlige rom<\/p>\n\n\n\n<p>I mai arrangeres Oslo Street Photo Festival i regi av <a href=\"https:\/\/oslospc.com\/\" target=\"_blank\" rel=\"noreferrer noopener\">Oslo Street Photography Collective<\/a>, og Eva sitter selv i styret. Bekkalokket fotoklubb planlegger \u00e5 delta p\u00e5 festivalen.<\/p>\n\n\n\n<div class=\"wp-block-columns is-layout-flex wp-container-core-columns-is-layout-9d6595d7 wp-block-columns-is-layout-flex\">\n<div class=\"wp-block-column is-layout-flow wp-block-column-is-layout-flow\">\n<figure class=\"wp-block-image size-large\"><img loading=\"lazy\" decoding=\"async\" width=\"682\" height=\"1024\" src=\"https:\/\/bekkalokket.no\/wp-content\/uploads\/2025\/02\/eva_brodtkorb_4-682x1024.jpg\" alt=\"\" class=\"wp-image-9843\" srcset=\"https:\/\/bekkalokket.no\/wp-content\/uploads\/2025\/02\/eva_brodtkorb_4-682x1024.jpg 682w, https:\/\/bekkalokket.no\/wp-content\/uploads\/2025\/02\/eva_brodtkorb_4-200x300.jpg 200w, https:\/\/bekkalokket.no\/wp-content\/uploads\/2025\/02\/eva_brodtkorb_4-768x1152.jpg 768w, https:\/\/bekkalokket.no\/wp-content\/uploads\/2025\/02\/eva_brodtkorb_4-1024x1536.jpg 1024w, https:\/\/bekkalokket.no\/wp-content\/uploads\/2025\/02\/eva_brodtkorb_4.jpg 1181w\" sizes=\"auto, (max-width: 682px) 100vw, 682px\" \/><\/figure>\n<\/div>\n\n\n\n<div class=\"wp-block-column is-layout-flow wp-block-column-is-layout-flow\">\n<figure class=\"wp-block-image size-large\"><img loading=\"lazy\" decoding=\"async\" width=\"682\" height=\"1024\" src=\"https:\/\/bekkalokket.no\/wp-content\/uploads\/2025\/02\/eva_brodtkorb_2-682x1024.jpg\" alt=\"\" class=\"wp-image-9841\" srcset=\"https:\/\/bekkalokket.no\/wp-content\/uploads\/2025\/02\/eva_brodtkorb_2-682x1024.jpg 682w, https:\/\/bekkalokket.no\/wp-content\/uploads\/2025\/02\/eva_brodtkorb_2-200x300.jpg 200w, https:\/\/bekkalokket.no\/wp-content\/uploads\/2025\/02\/eva_brodtkorb_2-768x1152.jpg 768w, https:\/\/bekkalokket.no\/wp-content\/uploads\/2025\/02\/eva_brodtkorb_2-1024x1536.jpg 1024w, https:\/\/bekkalokket.no\/wp-content\/uploads\/2025\/02\/eva_brodtkorb_2.jpg 1181w\" sizes=\"auto, (max-width: 682px) 100vw, 682px\" \/><\/figure>\n<\/div>\n\n\n\n<div class=\"wp-block-column is-layout-flow wp-block-column-is-layout-flow\">\n<figure class=\"wp-block-image size-large\"><img loading=\"lazy\" decoding=\"async\" width=\"683\" height=\"1024\" src=\"https:\/\/bekkalokket.no\/wp-content\/uploads\/2025\/02\/eva_brodtkorb_1-683x1024.jpg\" alt=\"\" class=\"wp-image-9840\" srcset=\"https:\/\/bekkalokket.no\/wp-content\/uploads\/2025\/02\/eva_brodtkorb_1-683x1024.jpg 683w, https:\/\/bekkalokket.no\/wp-content\/uploads\/2025\/02\/eva_brodtkorb_1-200x300.jpg 200w, https:\/\/bekkalokket.no\/wp-content\/uploads\/2025\/02\/eva_brodtkorb_1-768x1152.jpg 768w, https:\/\/bekkalokket.no\/wp-content\/uploads\/2025\/02\/eva_brodtkorb_1-1024x1536.jpg 1024w, https:\/\/bekkalokket.no\/wp-content\/uploads\/2025\/02\/eva_brodtkorb_1.jpg 1181w\" sizes=\"auto, (max-width: 683px) 100vw, 683px\" \/><\/figure>\n<\/div>\n<\/div>\n\n\n\n<div style=\"height:59px\" aria-hidden=\"true\" class=\"wp-block-spacer\"><\/div>\n\n\n\n<h3 class=\"wp-block-heading\">Oslo Street Photography Collective (Oslo SPC)<\/h3>\n\n\n\n<p>Oslo SPC er et gatefotokollektiv med form\u00e5l \u00e5 vise frem flott fotografi som sentrerer rundt Oslo, og utvide fellesskapet av Oslo-baserte fotografer.<\/p>\n\n\n\n<div style=\"height:70px\" aria-hidden=\"true\" class=\"wp-block-spacer\"><\/div>\n\n\n\n<p><a href=\"https:\/\/bekkalokket.no\/index.php\/foredragsholdere\/\">Noen av v\u00e5re foredragsholdere<\/a><\/p>\n\n\n\n<p><a href=\"https:\/\/bekkalokket.no\/index.php\/bli-medlem-i-bekkalokket-fotoklubb\/\">Bli medlem<\/a><\/p>\n\n\n\n<p><a href=\"https:\/\/nsff.no\/norsk-selskap-for-fotografi-fellesskap-for-norske-film-og-fotoklubber\/\" target=\"_blank\" rel=\"noreferrer noopener\">Enkeltmedlemmers fordeler via Norsk Selskap for Fotografi<\/a><\/p>\n\n\n\n<p><\/p>\n","protected":false},"excerpt":{"rendered":"<p>Lokalet var fullt da vi var s\u00e5 heldige \u00e5 f\u00e5 bes\u00f8k av ekstern foredragsholder Eva Brodtkorb i klubblokalet v\u00e5rt 13.02.2025. I Bekkalokket Fotoklubb f\u00e5r du muligheten til \u00e5 oppleve mange inspirerende foredrag, som gir&#46;&#46;&#46;<\/p>\n","protected":false},"author":8,"featured_media":9879,"comment_status":"closed","ping_status":"open","sticky":false,"template":"","format":"standard","meta":{"footnotes":""},"categories":[99,4],"tags":[],"class_list":["post-9837","post","type-post","status-publish","format-standard","has-post-thumbnail","hentry","category-foredragsholdere-klubbmote","category-klubbmote"],"yoast_head":"<!-- This site is optimized with the Yoast SEO plugin v27.5 - https:\/\/yoast.com\/product\/yoast-seo-wordpress\/ -->\n<title>Ekstern foredragsholder - Eva Brodtkorb - Bekkalokket Fotoklubb<\/title>\n<meta name=\"description\" content=\"Klubblokalet var fullt da vi fikk bes\u00f8k av ekstern foredragsholder - Eva Brodtkorb den 13.02.2025. Les mer p\u00e5 v\u00e5r hjemmeside!\" \/>\n<meta name=\"robots\" content=\"index, follow, max-snippet:-1, max-image-preview:large, max-video-preview:-1\" \/>\n<link rel=\"canonical\" href=\"https:\/\/bekkalokket.no\/index.php\/2025\/02\/19\/ekstern-foredragsholder-eva-brodtkorb\/\" \/>\n<meta property=\"og:locale\" content=\"nb_NO\" \/>\n<meta property=\"og:type\" content=\"article\" \/>\n<meta property=\"og:title\" content=\"Ekstern foredragsholder - Eva Brodtkorb - Bekkalokket Fotoklubb\" \/>\n<meta property=\"og:description\" content=\"Klubblokalet var fullt da vi fikk bes\u00f8k av ekstern foredragsholder - Eva Brodtkorb den 13.02.2025. Les mer p\u00e5 v\u00e5r hjemmeside!\" \/>\n<meta property=\"og:url\" content=\"https:\/\/bekkalokket.no\/index.php\/2025\/02\/19\/ekstern-foredragsholder-eva-brodtkorb\/\" \/>\n<meta property=\"og:site_name\" content=\"Bekkalokket Fotoklubb\" \/>\n<meta property=\"article:published_time\" content=\"2025-02-19T13:52:19+00:00\" \/>\n<meta property=\"article:modified_time\" content=\"2025-09-03T07:47:21+00:00\" \/>\n<meta property=\"og:image\" content=\"https:\/\/bekkalokket.no\/wp-content\/uploads\/2025\/02\/Eva-portrett-focusimageweb.jpg\" \/>\n\t<meta property=\"og:image:width\" content=\"1320\" \/>\n\t<meta property=\"og:image:height\" content=\"500\" \/>\n\t<meta property=\"og:image:type\" content=\"image\/jpeg\" \/>\n<meta name=\"author\" content=\"Eva Virkesdal Eidsheim\" \/>\n<meta name=\"twitter:card\" content=\"summary_large_image\" \/>\n<meta name=\"twitter:label1\" content=\"Skrevet av\" \/>\n\t<meta name=\"twitter:data1\" content=\"Eva Virkesdal Eidsheim\" \/>\n\t<meta name=\"twitter:label2\" content=\"Ansl. lesetid\" \/>\n\t<meta name=\"twitter:data2\" content=\"3 minutter\" \/>\n<script type=\"application\/ld+json\" class=\"yoast-schema-graph\">{\"@context\":\"https:\\\/\\\/schema.org\",\"@graph\":[{\"@type\":\"Article\",\"@id\":\"https:\\\/\\\/bekkalokket.no\\\/index.php\\\/2025\\\/02\\\/19\\\/ekstern-foredragsholder-eva-brodtkorb\\\/#article\",\"isPartOf\":{\"@id\":\"https:\\\/\\\/bekkalokket.no\\\/index.php\\\/2025\\\/02\\\/19\\\/ekstern-foredragsholder-eva-brodtkorb\\\/\"},\"author\":{\"name\":\"Eva Virkesdal Eidsheim\",\"@id\":\"https:\\\/\\\/bekkalokket.no\\\/#\\\/schema\\\/person\\\/eab29f8485037f21104e65b7c6e05bfb\"},\"headline\":\"Ekstern foredragsholder &#8211; Eva Brodtkorb\",\"datePublished\":\"2025-02-19T13:52:19+00:00\",\"dateModified\":\"2025-09-03T07:47:21+00:00\",\"mainEntityOfPage\":{\"@id\":\"https:\\\/\\\/bekkalokket.no\\\/index.php\\\/2025\\\/02\\\/19\\\/ekstern-foredragsholder-eva-brodtkorb\\\/\"},\"wordCount\":300,\"image\":{\"@id\":\"https:\\\/\\\/bekkalokket.no\\\/index.php\\\/2025\\\/02\\\/19\\\/ekstern-foredragsholder-eva-brodtkorb\\\/#primaryimage\"},\"thumbnailUrl\":\"https:\\\/\\\/bekkalokket.no\\\/wp-content\\\/uploads\\\/2025\\\/02\\\/Eva-portrett-focusimageweb.jpg\",\"articleSection\":[\"Foredragsholdere\",\"Klubbm\u00f8te\"],\"inLanguage\":\"nb-NO\"},{\"@type\":\"WebPage\",\"@id\":\"https:\\\/\\\/bekkalokket.no\\\/index.php\\\/2025\\\/02\\\/19\\\/ekstern-foredragsholder-eva-brodtkorb\\\/\",\"url\":\"https:\\\/\\\/bekkalokket.no\\\/index.php\\\/2025\\\/02\\\/19\\\/ekstern-foredragsholder-eva-brodtkorb\\\/\",\"name\":\"Ekstern foredragsholder - Eva Brodtkorb - Bekkalokket Fotoklubb\",\"isPartOf\":{\"@id\":\"https:\\\/\\\/bekkalokket.no\\\/#website\"},\"primaryImageOfPage\":{\"@id\":\"https:\\\/\\\/bekkalokket.no\\\/index.php\\\/2025\\\/02\\\/19\\\/ekstern-foredragsholder-eva-brodtkorb\\\/#primaryimage\"},\"image\":{\"@id\":\"https:\\\/\\\/bekkalokket.no\\\/index.php\\\/2025\\\/02\\\/19\\\/ekstern-foredragsholder-eva-brodtkorb\\\/#primaryimage\"},\"thumbnailUrl\":\"https:\\\/\\\/bekkalokket.no\\\/wp-content\\\/uploads\\\/2025\\\/02\\\/Eva-portrett-focusimageweb.jpg\",\"datePublished\":\"2025-02-19T13:52:19+00:00\",\"dateModified\":\"2025-09-03T07:47:21+00:00\",\"author\":{\"@id\":\"https:\\\/\\\/bekkalokket.no\\\/#\\\/schema\\\/person\\\/eab29f8485037f21104e65b7c6e05bfb\"},\"description\":\"Klubblokalet var fullt da vi fikk bes\u00f8k av ekstern foredragsholder - Eva Brodtkorb den 13.02.2025. Les mer p\u00e5 v\u00e5r hjemmeside!\",\"breadcrumb\":{\"@id\":\"https:\\\/\\\/bekkalokket.no\\\/index.php\\\/2025\\\/02\\\/19\\\/ekstern-foredragsholder-eva-brodtkorb\\\/#breadcrumb\"},\"inLanguage\":\"nb-NO\",\"potentialAction\":[{\"@type\":\"ReadAction\",\"target\":[\"https:\\\/\\\/bekkalokket.no\\\/index.php\\\/2025\\\/02\\\/19\\\/ekstern-foredragsholder-eva-brodtkorb\\\/\"]}]},{\"@type\":\"ImageObject\",\"inLanguage\":\"nb-NO\",\"@id\":\"https:\\\/\\\/bekkalokket.no\\\/index.php\\\/2025\\\/02\\\/19\\\/ekstern-foredragsholder-eva-brodtkorb\\\/#primaryimage\",\"url\":\"https:\\\/\\\/bekkalokket.no\\\/wp-content\\\/uploads\\\/2025\\\/02\\\/Eva-portrett-focusimageweb.jpg\",\"contentUrl\":\"https:\\\/\\\/bekkalokket.no\\\/wp-content\\\/uploads\\\/2025\\\/02\\\/Eva-portrett-focusimageweb.jpg\",\"width\":1320,\"height\":500},{\"@type\":\"BreadcrumbList\",\"@id\":\"https:\\\/\\\/bekkalokket.no\\\/index.php\\\/2025\\\/02\\\/19\\\/ekstern-foredragsholder-eva-brodtkorb\\\/#breadcrumb\",\"itemListElement\":[{\"@type\":\"ListItem\",\"position\":1,\"name\":\"Home\",\"item\":\"https:\\\/\\\/bekkalokket.no\\\/\"},{\"@type\":\"ListItem\",\"position\":2,\"name\":\"Ekstern foredragsholder &#8211; Eva Brodtkorb\"}]},{\"@type\":\"WebSite\",\"@id\":\"https:\\\/\\\/bekkalokket.no\\\/#website\",\"url\":\"https:\\\/\\\/bekkalokket.no\\\/\",\"name\":\"Bekkalokket Fotoklubb\",\"description\":\"En sosial og aktiv fotoklubb i Bergen\",\"potentialAction\":[{\"@type\":\"SearchAction\",\"target\":{\"@type\":\"EntryPoint\",\"urlTemplate\":\"https:\\\/\\\/bekkalokket.no\\\/?s={search_term_string}\"},\"query-input\":{\"@type\":\"PropertyValueSpecification\",\"valueRequired\":true,\"valueName\":\"search_term_string\"}}],\"inLanguage\":\"nb-NO\"},{\"@type\":\"Person\",\"@id\":\"https:\\\/\\\/bekkalokket.no\\\/#\\\/schema\\\/person\\\/eab29f8485037f21104e65b7c6e05bfb\",\"name\":\"Eva Virkesdal Eidsheim\",\"image\":{\"@type\":\"ImageObject\",\"inLanguage\":\"nb-NO\",\"@id\":\"https:\\\/\\\/secure.gravatar.com\\\/avatar\\\/b35f512bad71a5a18ddbb016bb0b5d19d05c8cee10dc13a2ac0ee35051f7f64a?s=96&d=mm&r=g\",\"url\":\"https:\\\/\\\/secure.gravatar.com\\\/avatar\\\/b35f512bad71a5a18ddbb016bb0b5d19d05c8cee10dc13a2ac0ee35051f7f64a?s=96&d=mm&r=g\",\"contentUrl\":\"https:\\\/\\\/secure.gravatar.com\\\/avatar\\\/b35f512bad71a5a18ddbb016bb0b5d19d05c8cee10dc13a2ac0ee35051f7f64a?s=96&d=mm&r=g\",\"caption\":\"Eva Virkesdal Eidsheim\"},\"url\":\"https:\\\/\\\/bekkalokket.no\\\/index.php\\\/author\\\/evavs\\\/\"}]}<\/script>\n<!-- \/ Yoast SEO plugin. -->","yoast_head_json":{"title":"Ekstern foredragsholder - Eva Brodtkorb - Bekkalokket Fotoklubb","description":"Klubblokalet var fullt da vi fikk bes\u00f8k av ekstern foredragsholder - Eva Brodtkorb den 13.02.2025. Les mer p\u00e5 v\u00e5r hjemmeside!","robots":{"index":"index","follow":"follow","max-snippet":"max-snippet:-1","max-image-preview":"max-image-preview:large","max-video-preview":"max-video-preview:-1"},"canonical":"https:\/\/bekkalokket.no\/index.php\/2025\/02\/19\/ekstern-foredragsholder-eva-brodtkorb\/","og_locale":"nb_NO","og_type":"article","og_title":"Ekstern foredragsholder - Eva Brodtkorb - Bekkalokket Fotoklubb","og_description":"Klubblokalet var fullt da vi fikk bes\u00f8k av ekstern foredragsholder - Eva Brodtkorb den 13.02.2025. Les mer p\u00e5 v\u00e5r hjemmeside!","og_url":"https:\/\/bekkalokket.no\/index.php\/2025\/02\/19\/ekstern-foredragsholder-eva-brodtkorb\/","og_site_name":"Bekkalokket Fotoklubb","article_published_time":"2025-02-19T13:52:19+00:00","article_modified_time":"2025-09-03T07:47:21+00:00","og_image":[{"width":1320,"height":500,"url":"https:\/\/bekkalokket.no\/wp-content\/uploads\/2025\/02\/Eva-portrett-focusimageweb.jpg","type":"image\/jpeg"}],"author":"Eva Virkesdal Eidsheim","twitter_card":"summary_large_image","twitter_misc":{"Skrevet av":"Eva Virkesdal Eidsheim","Ansl. lesetid":"3 minutter"},"schema":{"@context":"https:\/\/schema.org","@graph":[{"@type":"Article","@id":"https:\/\/bekkalokket.no\/index.php\/2025\/02\/19\/ekstern-foredragsholder-eva-brodtkorb\/#article","isPartOf":{"@id":"https:\/\/bekkalokket.no\/index.php\/2025\/02\/19\/ekstern-foredragsholder-eva-brodtkorb\/"},"author":{"name":"Eva Virkesdal Eidsheim","@id":"https:\/\/bekkalokket.no\/#\/schema\/person\/eab29f8485037f21104e65b7c6e05bfb"},"headline":"Ekstern foredragsholder &#8211; Eva Brodtkorb","datePublished":"2025-02-19T13:52:19+00:00","dateModified":"2025-09-03T07:47:21+00:00","mainEntityOfPage":{"@id":"https:\/\/bekkalokket.no\/index.php\/2025\/02\/19\/ekstern-foredragsholder-eva-brodtkorb\/"},"wordCount":300,"image":{"@id":"https:\/\/bekkalokket.no\/index.php\/2025\/02\/19\/ekstern-foredragsholder-eva-brodtkorb\/#primaryimage"},"thumbnailUrl":"https:\/\/bekkalokket.no\/wp-content\/uploads\/2025\/02\/Eva-portrett-focusimageweb.jpg","articleSection":["Foredragsholdere","Klubbm\u00f8te"],"inLanguage":"nb-NO"},{"@type":"WebPage","@id":"https:\/\/bekkalokket.no\/index.php\/2025\/02\/19\/ekstern-foredragsholder-eva-brodtkorb\/","url":"https:\/\/bekkalokket.no\/index.php\/2025\/02\/19\/ekstern-foredragsholder-eva-brodtkorb\/","name":"Ekstern foredragsholder - Eva Brodtkorb - Bekkalokket Fotoklubb","isPartOf":{"@id":"https:\/\/bekkalokket.no\/#website"},"primaryImageOfPage":{"@id":"https:\/\/bekkalokket.no\/index.php\/2025\/02\/19\/ekstern-foredragsholder-eva-brodtkorb\/#primaryimage"},"image":{"@id":"https:\/\/bekkalokket.no\/index.php\/2025\/02\/19\/ekstern-foredragsholder-eva-brodtkorb\/#primaryimage"},"thumbnailUrl":"https:\/\/bekkalokket.no\/wp-content\/uploads\/2025\/02\/Eva-portrett-focusimageweb.jpg","datePublished":"2025-02-19T13:52:19+00:00","dateModified":"2025-09-03T07:47:21+00:00","author":{"@id":"https:\/\/bekkalokket.no\/#\/schema\/person\/eab29f8485037f21104e65b7c6e05bfb"},"description":"Klubblokalet var fullt da vi fikk bes\u00f8k av ekstern foredragsholder - Eva Brodtkorb den 13.02.2025. Les mer p\u00e5 v\u00e5r hjemmeside!","breadcrumb":{"@id":"https:\/\/bekkalokket.no\/index.php\/2025\/02\/19\/ekstern-foredragsholder-eva-brodtkorb\/#breadcrumb"},"inLanguage":"nb-NO","potentialAction":[{"@type":"ReadAction","target":["https:\/\/bekkalokket.no\/index.php\/2025\/02\/19\/ekstern-foredragsholder-eva-brodtkorb\/"]}]},{"@type":"ImageObject","inLanguage":"nb-NO","@id":"https:\/\/bekkalokket.no\/index.php\/2025\/02\/19\/ekstern-foredragsholder-eva-brodtkorb\/#primaryimage","url":"https:\/\/bekkalokket.no\/wp-content\/uploads\/2025\/02\/Eva-portrett-focusimageweb.jpg","contentUrl":"https:\/\/bekkalokket.no\/wp-content\/uploads\/2025\/02\/Eva-portrett-focusimageweb.jpg","width":1320,"height":500},{"@type":"BreadcrumbList","@id":"https:\/\/bekkalokket.no\/index.php\/2025\/02\/19\/ekstern-foredragsholder-eva-brodtkorb\/#breadcrumb","itemListElement":[{"@type":"ListItem","position":1,"name":"Home","item":"https:\/\/bekkalokket.no\/"},{"@type":"ListItem","position":2,"name":"Ekstern foredragsholder &#8211; Eva Brodtkorb"}]},{"@type":"WebSite","@id":"https:\/\/bekkalokket.no\/#website","url":"https:\/\/bekkalokket.no\/","name":"Bekkalokket Fotoklubb","description":"En sosial og aktiv fotoklubb i Bergen","potentialAction":[{"@type":"SearchAction","target":{"@type":"EntryPoint","urlTemplate":"https:\/\/bekkalokket.no\/?s={search_term_string}"},"query-input":{"@type":"PropertyValueSpecification","valueRequired":true,"valueName":"search_term_string"}}],"inLanguage":"nb-NO"},{"@type":"Person","@id":"https:\/\/bekkalokket.no\/#\/schema\/person\/eab29f8485037f21104e65b7c6e05bfb","name":"Eva Virkesdal Eidsheim","image":{"@type":"ImageObject","inLanguage":"nb-NO","@id":"https:\/\/secure.gravatar.com\/avatar\/b35f512bad71a5a18ddbb016bb0b5d19d05c8cee10dc13a2ac0ee35051f7f64a?s=96&d=mm&r=g","url":"https:\/\/secure.gravatar.com\/avatar\/b35f512bad71a5a18ddbb016bb0b5d19d05c8cee10dc13a2ac0ee35051f7f64a?s=96&d=mm&r=g","contentUrl":"https:\/\/secure.gravatar.com\/avatar\/b35f512bad71a5a18ddbb016bb0b5d19d05c8cee10dc13a2ac0ee35051f7f64a?s=96&d=mm&r=g","caption":"Eva Virkesdal Eidsheim"},"url":"https:\/\/bekkalokket.no\/index.php\/author\/evavs\/"}]}},"_links":{"self":[{"href":"https:\/\/bekkalokket.no\/index.php\/wp-json\/wp\/v2\/posts\/9837","targetHints":{"allow":["GET"]}}],"collection":[{"href":"https:\/\/bekkalokket.no\/index.php\/wp-json\/wp\/v2\/posts"}],"about":[{"href":"https:\/\/bekkalokket.no\/index.php\/wp-json\/wp\/v2\/types\/post"}],"author":[{"embeddable":true,"href":"https:\/\/bekkalokket.no\/index.php\/wp-json\/wp\/v2\/users\/8"}],"replies":[{"embeddable":true,"href":"https:\/\/bekkalokket.no\/index.php\/wp-json\/wp\/v2\/comments?post=9837"}],"version-history":[{"count":14,"href":"https:\/\/bekkalokket.no\/index.php\/wp-json\/wp\/v2\/posts\/9837\/revisions"}],"predecessor-version":[{"id":10555,"href":"https:\/\/bekkalokket.no\/index.php\/wp-json\/wp\/v2\/posts\/9837\/revisions\/10555"}],"wp:featuredmedia":[{"embeddable":true,"href":"https:\/\/bekkalokket.no\/index.php\/wp-json\/wp\/v2\/media\/9879"}],"wp:attachment":[{"href":"https:\/\/bekkalokket.no\/index.php\/wp-json\/wp\/v2\/media?parent=9837"}],"wp:term":[{"taxonomy":"category","embeddable":true,"href":"https:\/\/bekkalokket.no\/index.php\/wp-json\/wp\/v2\/categories?post=9837"},{"taxonomy":"post_tag","embeddable":true,"href":"https:\/\/bekkalokket.no\/index.php\/wp-json\/wp\/v2\/tags?post=9837"}],"curies":[{"name":"wp","href":"https:\/\/api.w.org\/{rel}","templated":true}]}}